{"id":6024,"date":"2022-08-23T19:45:21","date_gmt":"2022-08-23T17:45:21","guid":{"rendered":"https:\/\/www.tts-freunde.de\/blog\/?p=6024"},"modified":"2022-08-23T19:45:21","modified_gmt":"2022-08-23T17:45:21","slug":"audi-activesphere-concept","status":"publish","type":"post","link":"https:\/\/www.tts-freunde.de\/blog\/2022\/08\/23\/audi-activesphere-concept\/","title":{"rendered":"Audi activesphere concept"},"content":{"rendered":"<div id=\"attachment_6025\" style=\"width: 310px\" class=\"wp-caption alignleft\"><img loading=\"lazy\" decoding=\"async\" aria-describedby=\"caption-attachment-6025\" data-attachment-id=\"6025\" data-permalink=\"https:\/\/www.tts-freunde.de\/blog\/2022\/08\/23\/audi-activesphere-concept\/audi-activesphere-concept\/\" data-orig-file=\"https:\/\/www.tts-freunde.de\/blog\/wp-content\/uploads\/2022\/08\/A224381_medium-scaled.jpg\" data-orig-size=\"2560,1440\" data-comments-opened=\"0\" data-image-meta=\"{&quot;aperture&quot;:&quot;0&quot;,&quot;credit&quot;:&quot;&quot;,&quot;camera&quot;:&quot;&quot;,&quot;caption&quot;:&quot;Audi activesphere concept \\u2013 this is the name of the fourth model in the family of concept cars that Audi has been introducing since August 2021. Not only do they all have electric drives, but they\\u2019re also designed to be capable of automated driving. This technical layout gives rise to entirely new designs, especially of the interiors and the offerings for those on board to use their time productively or just relax. Audi\\u2019s sphere concept cars collectively showcase the vision of the premium mobility of tomorrow.\\nThe Audi activesphere concept, which is set to debut at the beginning of 2023, will offer maximum variability for an active lifestyle \\u2013 both on and off-road. The brand will show off the three members of the sphere family that have already been introduced \\u2013 the Audi skyphere, grandsphere and urbansphere concepts \\u2013 for the first time together during Monterey Car Week in California in August 2022.&quot;,&quot;created_timestamp&quot;:&quot;0&quot;,&quot;copyright&quot;:&quot;AUDI AG&quot;,&quot;focal_length&quot;:&quot;0&quot;,&quot;iso&quot;:&quot;0&quot;,&quot;shutter_speed&quot;:&quot;0&quot;,&quot;title&quot;:&quot;Audi activesphere concept&quot;,&quot;orientation&quot;:&quot;1&quot;}\" data-image-title=\"Audi activesphere concept\" data-image-description=\"\" data-image-caption=\"&lt;p&gt;Audi activesphere concept \u2013 this is the name of the fourth model in the family of concept cars that Audi has been introducing since August 2021. Not only do they all have electric drives, but they\u2019re also designed to be capable of automated driving. This technical layout gives rise to entirely new designs, especially of the interiors and the offerings for those on board to use their time productively or just relax. Audi\u2019s sphere concept cars collectively showcase the vision of the premium mobility of tomorrow.&lt;br \/&gt;\nThe Audi activesphere concept, which is set to debut at the beginning of 2023, will offer maximum variability for an active lifestyle \u2013 both on and off-road. The brand will show off the three members of the sphere family that have already been introduced \u2013 the Audi skyphere, grandsphere and urbansphere concepts \u2013 for the first time together during Monterey Car Week in California in August 2022.&lt;\/p&gt;\n\" data-medium-file=\"https:\/\/www.tts-freunde.de\/blog\/wp-content\/uploads\/2022\/08\/A224381_medium-300x169.jpg\" data-large-file=\"https:\/\/www.tts-freunde.de\/blog\/wp-content\/uploads\/2022\/08\/A224381_medium-1024x576.jpg\" tabindex=\"0\" role=\"button\" class=\"size-medium wp-image-6025\" src=\"https:\/\/www.tts-freunde.de\/blog\/wp-content\/uploads\/2022\/08\/A224381_medium-300x169.jpg\" alt=\"\" width=\"300\" height=\"169\" srcset=\"https:\/\/www.tts-freunde.de\/blog\/wp-content\/uploads\/2022\/08\/A224381_medium-300x169.jpg 300w, https:\/\/www.tts-freunde.de\/blog\/wp-content\/uploads\/2022\/08\/A224381_medium-1024x576.jpg 1024w, https:\/\/www.tts-freunde.de\/blog\/wp-content\/uploads\/2022\/08\/A224381_medium-768x432.jpg 768w, https:\/\/www.tts-freunde.de\/blog\/wp-content\/uploads\/2022\/08\/A224381_medium-1536x864.jpg 1536w, https:\/\/www.tts-freunde.de\/blog\/wp-content\/uploads\/2022\/08\/A224381_medium-2048x1152.jpg 2048w, https:\/\/www.tts-freunde.de\/blog\/wp-content\/uploads\/2022\/08\/A224381_medium-50x28.jpg 50w\" sizes=\"(max-width: 300px) 100vw, 300px\" \/><p id=\"caption-attachment-6025\" class=\"wp-caption-text\">Audi activesphere concept \u2013 this is the name of the fourth model in the family of concept cars that Audi has been introducing since August 2021. Not only do they all have electric drives, but they\u2019re also designed to be capable of automated driving. This technical layout gives rise to entirely new designs, especially of the interiors and the offerings for those on board to use their time productively or just relax. Audi\u2019s sphere concept cars collectively showcase the vision of the premium mobility of tomorrow.<br \/>The Audi activesphere concept, which is set to debut at the beginning of 2023, will offer maximum variability for an active lifestyle \u2013 both on and off-road. The brand will show off the three members of the sphere family that have already been introduced \u2013 the Audi skyphere, grandsphere and urbansphere concepts \u2013 for the first time together during Monterey Car Week in California in August 2022.<\/p><\/div>\n<p>Audi activesphere concept: So hei\u00dft das vierte Modell einer Familie von Konzeptfahrzeugen, die Audi seit August 2021 pr\u00e4sentiert. Allen gemeinsam ist nicht nur der elektrische Antrieb, sondern die Auslegung auf die M\u00f6glichkeit, automatisiert zu fahren. Aus diesem technischen Layout resultieren v\u00f6llig neue Entw\u00fcrfe vor allem der Innenr\u00e4ume und der Angebote f\u00fcr die Personen an Bord, ihre Zeit produktiv zu nutzen oder einfach zu genie\u00dfen. Die Sphere-Konzeptfahrzeuge von Audi pr\u00e4sentieren gemeinsam die Vision f\u00fcr die Premium-Mobilit\u00e4t von morgen.<\/p>\n<p>Der Audi activesphere concept \u2013 sein Deb\u00fct ist f\u00fcr Anfang 2023 geplant \u2013 wird dabei ein H\u00f6chstma\u00df an Variabilit\u00e4t f\u00fcr einen aktiven Lebensstil offerieren \u2013 onroad wie auch offroad. Die bereits vorgestellten drei Vertreter der Sphere-Familie \u2013 die Modelle Audi skysphere, grandsphere und urbansphere concept \u2013 zeigt die Marke aktuell erstmals gemeinsam: im Rahmen der Monterey Car Week im August 2022 in Kalifornien.<\/p>\n","protected":false},"excerpt":{"rendered":"<p>Audi activesphere concept: So hei\u00dft das vierte Modell einer Familie von Konzeptfahrzeugen, die Audi seit August 2021 pr\u00e4sentiert. Allen gemeinsam ist nicht nur der elektrische Antrieb, sondern die Auslegung auf die M\u00f6glichkeit, automatisiert zu fahren. Aus diesem technischen Layout resultieren v\u00f6llig neue Entw\u00fcrfe vor allem der Innenr\u00e4ume und der Angebote [&hellip;]<\/p>\n","protected":false},"author":1,"featured_media":6025,"comment_status":"closed","ping_status":"open","sticky":false,"template":"","format":"standard","meta":{"jetpack_post_was_ever_published":false,"_jetpack_newsletter_access":"","_jetpack_dont_email_post_to_subs":false,"_jetpack_newsletter_tier_id":0,"_jetpack_memberships_contains_paywalled_content":false,"_jetpack_memberships_contains_paid_content":false,"footnotes":"","jetpack_publicize_message":"","jetpack_publicize_feature_enabled":true,"jetpack_social_post_already_shared":true,"jetpack_social_options":{"image_generator_settings":{"template":"highway","enabled":false},"version":2}},"categories":[16],"tags":[],"class_list":["post-6024","post","type-post","status-publish","format-standard","has-post-thumbnail","hentry","category-audi-ag"],"wppr_data":{"cwp_meta_box_check":"No"},"jetpack_publicize_connections":[],"yoast_head":"<!-- This site is optimized with the Yoast SEO plugin v23.3 - https:\/\/yoast.com\/wordpress\/plugins\/seo\/ -->\n<title>Audi activesphere concept - Audi Blog<\/title>\n<meta name=\"robots\" content=\"index, follow, max-snippet:-1, max-image-preview:large, max-video-preview:-1\" \/>\n<link rel=\"canonical\" href=\"https:\/\/www.audi-mediacenter.com\/de\/pressemitteilungen\/audi-activesphere-concept-14841\" \/>\n<meta property=\"og:locale\" content=\"de_DE\" \/>\n<meta property=\"og:type\" content=\"article\" \/>\n<meta property=\"og:title\" content=\"Audi activesphere concept - Audi Blog\" \/>\n<meta property=\"og:description\" content=\"Audi activesphere concept: So hei\u00dft das vierte Modell einer Familie von Konzeptfahrzeugen, die Audi seit August 2021 pr\u00e4sentiert. Allen gemeinsam ist nicht nur der elektrische Antrieb, sondern die Auslegung auf die M\u00f6glichkeit, automatisiert zu fahren. Aus diesem technischen Layout resultieren v\u00f6llig neue Entw\u00fcrfe vor allem der Innenr\u00e4ume und der Angebote [&hellip;]\" \/>\n<meta property=\"og:url\" content=\"https:\/\/www.audi-mediacenter.com\/de\/pressemitteilungen\/audi-activesphere-concept-14841\" \/>\n<meta property=\"og:site_name\" content=\"Audi Blog\" \/>\n<meta property=\"article:published_time\" content=\"2022-08-23T17:45:21+00:00\" \/>\n<meta property=\"og:image\" content=\"https:\/\/www.tts-freunde.de\/blog\/wp-content\/uploads\/2022\/08\/A224381_medium-scaled.jpg\" \/>\n\t<meta property=\"og:image:width\" content=\"2560\" \/>\n\t<meta property=\"og:image:height\" content=\"1440\" \/>\n\t<meta property=\"og:image:type\" content=\"image\/jpeg\" \/>\n<meta name=\"author\" content=\"admin\" \/>\n<meta name=\"twitter:card\" content=\"summary_large_image\" \/>\n<meta name=\"twitter:label1\" content=\"Verfasst von\" \/>\n\t<meta name=\"twitter:data1\" content=\"admin\" \/>\n\t<meta name=\"twitter:label2\" content=\"Gesch\u00e4tzte Lesezeit\" \/>\n\t<meta name=\"twitter:data2\" content=\"2\u00a0Minuten\" \/>\n<script type=\"application\/ld+json\" class=\"yoast-schema-graph\">{\"@context\":\"https:\/\/schema.org\",\"@graph\":[{\"@type\":\"Article\",\"@id\":\"https:\/\/www.audi-mediacenter.com\/de\/pressemitteilungen\/audi-activesphere-concept-14841#article\",\"isPartOf\":{\"@id\":\"https:\/\/www.tts-freunde.de\/blog\/2022\/08\/23\/audi-activesphere-concept\/\"},\"author\":{\"name\":\"admin\",\"@id\":\"https:\/\/www.tts-freunde.de\/blog\/#\/schema\/person\/b67f6a54e98f013bd281dbe05514b701\"},\"headline\":\"Audi activesphere concept\",\"datePublished\":\"2022-08-23T17:45:21+00:00\",\"dateModified\":\"2022-08-23T17:45:21+00:00\",\"mainEntityOfPage\":{\"@id\":\"https:\/\/www.tts-freunde.de\/blog\/2022\/08\/23\/audi-activesphere-concept\/\"},\"wordCount\":306,\"publisher\":{\"@id\":\"https:\/\/www.tts-freunde.de\/blog\/#organization\"},\"image\":{\"@id\":\"https:\/\/www.audi-mediacenter.com\/de\/pressemitteilungen\/audi-activesphere-concept-14841#primaryimage\"},\"thumbnailUrl\":\"https:\/\/www.tts-freunde.de\/blog\/wp-content\/uploads\/2022\/08\/A224381_medium-scaled.jpg\",\"articleSection\":[\"Audi AG\"],\"inLanguage\":\"de\"},{\"@type\":\"WebPage\",\"@id\":\"https:\/\/www.tts-freunde.de\/blog\/2022\/08\/23\/audi-activesphere-concept\/\",\"url\":\"https:\/\/www.audi-mediacenter.com\/de\/pressemitteilungen\/audi-activesphere-concept-14841\",\"name\":\"Audi activesphere concept - Audi Blog\",\"isPartOf\":{\"@id\":\"https:\/\/www.tts-freunde.de\/blog\/#website\"},\"primaryImageOfPage\":{\"@id\":\"https:\/\/www.audi-mediacenter.com\/de\/pressemitteilungen\/audi-activesphere-concept-14841#primaryimage\"},\"image\":{\"@id\":\"https:\/\/www.audi-mediacenter.com\/de\/pressemitteilungen\/audi-activesphere-concept-14841#primaryimage\"},\"thumbnailUrl\":\"https:\/\/www.tts-freunde.de\/blog\/wp-content\/uploads\/2022\/08\/A224381_medium-scaled.jpg\",\"datePublished\":\"2022-08-23T17:45:21+00:00\",\"dateModified\":\"2022-08-23T17:45:21+00:00\",\"breadcrumb\":{\"@id\":\"https:\/\/www.audi-mediacenter.com\/de\/pressemitteilungen\/audi-activesphere-concept-14841#breadcrumb\"},\"inLanguage\":\"de\",\"potentialAction\":[{\"@type\":\"ReadAction\",\"target\":[\"https:\/\/www.audi-mediacenter.com\/de\/pressemitteilungen\/audi-activesphere-concept-14841\"]}]},{\"@type\":\"ImageObject\",\"inLanguage\":\"de\",\"@id\":\"https:\/\/www.audi-mediacenter.com\/de\/pressemitteilungen\/audi-activesphere-concept-14841#primaryimage\",\"url\":\"https:\/\/www.tts-freunde.de\/blog\/wp-content\/uploads\/2022\/08\/A224381_medium-scaled.jpg\",\"contentUrl\":\"https:\/\/www.tts-freunde.de\/blog\/wp-content\/uploads\/2022\/08\/A224381_medium-scaled.jpg\",\"width\":2560,\"height\":1440,\"caption\":\"Audi activesphere concept \u2013 this is the name of the fourth model in the family of concept cars that Audi has been introducing since August 2021. Not only do they all have electric drives, but they\u2019re also designed to be capable of automated driving. This technical layout gives rise to entirely new designs, especially of the interiors and the offerings for those on board to use their time productively or just relax. Audi\u2019s sphere concept cars collectively showcase the vision of the premium mobility of tomorrow. The Audi activesphere concept, which is set to debut at the beginning of 2023, will offer maximum variability for an active lifestyle \u2013 both on and off-road. The brand will show off the three members of the sphere family that have already been introduced \u2013 the Audi skyphere, grandsphere and urbansphere concepts \u2013 for the first time together during Monterey Car Week in California in August 2022.\"},{\"@type\":\"BreadcrumbList\",\"@id\":\"https:\/\/www.audi-mediacenter.com\/de\/pressemitteilungen\/audi-activesphere-concept-14841#breadcrumb\",\"itemListElement\":[{\"@type\":\"ListItem\",\"position\":1,\"name\":\"Home\",\"item\":\"https:\/\/www.tts-freunde.de\/blog\/\"},{\"@type\":\"ListItem\",\"position\":2,\"name\":\"Audi activesphere concept\"}]},{\"@type\":\"WebSite\",\"@id\":\"https:\/\/www.tts-freunde.de\/blog\/#website\",\"url\":\"https:\/\/www.tts-freunde.de\/blog\/\",\"name\":\"Audi Blog\",\"description\":\"Deutscher Audi Blog - TTS-Freunde\",\"publisher\":{\"@id\":\"https:\/\/www.tts-freunde.de\/blog\/#organization\"},\"potentialAction\":[{\"@type\":\"SearchAction\",\"target\":{\"@type\":\"EntryPoint\",\"urlTemplate\":\"https:\/\/www.tts-freunde.de\/blog\/?s={search_term_string}\"},\"query-input\":\"required name=search_term_string\"}],\"inLanguage\":\"de\"},{\"@type\":\"Organization\",\"@id\":\"https:\/\/www.tts-freunde.de\/blog\/#organization\",\"name\":\"Audi Blog\",\"url\":\"https:\/\/www.tts-freunde.de\/blog\/\",\"logo\":{\"@type\":\"ImageObject\",\"inLanguage\":\"de\",\"@id\":\"https:\/\/www.tts-freunde.de\/blog\/#\/schema\/logo\/image\/\",\"url\":\"https:\/\/www.tts-freunde.de\/blog\/wp-content\/uploads\/2022\/12\/logo_2022.jpg\",\"contentUrl\":\"https:\/\/www.tts-freunde.de\/blog\/wp-content\/uploads\/2022\/12\/logo_2022.jpg\",\"width\":240,\"height\":41,\"caption\":\"Audi Blog\"},\"image\":{\"@id\":\"https:\/\/www.tts-freunde.de\/blog\/#\/schema\/logo\/image\/\"}},{\"@type\":\"Person\",\"@id\":\"https:\/\/www.tts-freunde.de\/blog\/#\/schema\/person\/b67f6a54e98f013bd281dbe05514b701\",\"name\":\"admin\",\"image\":{\"@type\":\"ImageObject\",\"inLanguage\":\"de\",\"@id\":\"https:\/\/www.tts-freunde.de\/blog\/#\/schema\/person\/image\/\",\"url\":\"https:\/\/secure.gravatar.com\/avatar\/08a4bd330e25056ddb430c28136b38a6?s=96&d=mm&r=g\",\"contentUrl\":\"https:\/\/secure.gravatar.com\/avatar\/08a4bd330e25056ddb430c28136b38a6?s=96&d=mm&r=g\",\"caption\":\"admin\"},\"sameAs\":[\"http:\/\/www.tts-freunde.de\"],\"url\":\"https:\/\/www.tts-freunde.de\/blog\/author\/admin\/\"}]}<\/script>\n<!-- \/ Yoast SEO plugin. -->","yoast_head_json":{"title":"Audi activesphere concept - Audi Blog","robots":{"index":"index","follow":"follow","max-snippet":"max-snippet:-1","max-image-preview":"max-image-preview:large","max-video-preview":"max-video-preview:-1"},"canonical":"https:\/\/www.audi-mediacenter.com\/de\/pressemitteilungen\/audi-activesphere-concept-14841","og_locale":"de_DE","og_type":"article","og_title":"Audi activesphere concept - Audi Blog","og_description":"Audi activesphere concept: So hei\u00dft das vierte Modell einer Familie von Konzeptfahrzeugen, die Audi seit August 2021 pr\u00e4sentiert. Allen gemeinsam ist nicht nur der elektrische Antrieb, sondern die Auslegung auf die M\u00f6glichkeit, automatisiert zu fahren. Aus diesem technischen Layout resultieren v\u00f6llig neue Entw\u00fcrfe vor allem der Innenr\u00e4ume und der Angebote [&hellip;]","og_url":"https:\/\/www.audi-mediacenter.com\/de\/pressemitteilungen\/audi-activesphere-concept-14841","og_site_name":"Audi Blog","article_published_time":"2022-08-23T17:45:21+00:00","og_image":[{"width":2560,"height":1440,"url":"https:\/\/www.tts-freunde.de\/blog\/wp-content\/uploads\/2022\/08\/A224381_medium-scaled.jpg","type":"image\/jpeg"}],"author":"admin","twitter_card":"summary_large_image","twitter_misc":{"Verfasst von":"admin","Gesch\u00e4tzte Lesezeit":"2\u00a0Minuten"},"schema":{"@context":"https:\/\/schema.org","@graph":[{"@type":"Article","@id":"https:\/\/www.audi-mediacenter.com\/de\/pressemitteilungen\/audi-activesphere-concept-14841#article","isPartOf":{"@id":"https:\/\/www.tts-freunde.de\/blog\/2022\/08\/23\/audi-activesphere-concept\/"},"author":{"name":"admin","@id":"https:\/\/www.tts-freunde.de\/blog\/#\/schema\/person\/b67f6a54e98f013bd281dbe05514b701"},"headline":"Audi activesphere concept","datePublished":"2022-08-23T17:45:21+00:00","dateModified":"2022-08-23T17:45:21+00:00","mainEntityOfPage":{"@id":"https:\/\/www.tts-freunde.de\/blog\/2022\/08\/23\/audi-activesphere-concept\/"},"wordCount":306,"publisher":{"@id":"https:\/\/www.tts-freunde.de\/blog\/#organization"},"image":{"@id":"https:\/\/www.audi-mediacenter.com\/de\/pressemitteilungen\/audi-activesphere-concept-14841#primaryimage"},"thumbnailUrl":"https:\/\/www.tts-freunde.de\/blog\/wp-content\/uploads\/2022\/08\/A224381_medium-scaled.jpg","articleSection":["Audi AG"],"inLanguage":"de"},{"@type":"WebPage","@id":"https:\/\/www.tts-freunde.de\/blog\/2022\/08\/23\/audi-activesphere-concept\/","url":"https:\/\/www.audi-mediacenter.com\/de\/pressemitteilungen\/audi-activesphere-concept-14841","name":"Audi activesphere concept - Audi Blog","isPartOf":{"@id":"https:\/\/www.tts-freunde.de\/blog\/#website"},"primaryImageOfPage":{"@id":"https:\/\/www.audi-mediacenter.com\/de\/pressemitteilungen\/audi-activesphere-concept-14841#primaryimage"},"image":{"@id":"https:\/\/www.audi-mediacenter.com\/de\/pressemitteilungen\/audi-activesphere-concept-14841#primaryimage"},"thumbnailUrl":"https:\/\/www.tts-freunde.de\/blog\/wp-content\/uploads\/2022\/08\/A224381_medium-scaled.jpg","datePublished":"2022-08-23T17:45:21+00:00","dateModified":"2022-08-23T17:45:21+00:00","breadcrumb":{"@id":"https:\/\/www.audi-mediacenter.com\/de\/pressemitteilungen\/audi-activesphere-concept-14841#breadcrumb"},"inLanguage":"de","potentialAction":[{"@type":"ReadAction","target":["https:\/\/www.audi-mediacenter.com\/de\/pressemitteilungen\/audi-activesphere-concept-14841"]}]},{"@type":"ImageObject","inLanguage":"de","@id":"https:\/\/www.audi-mediacenter.com\/de\/pressemitteilungen\/audi-activesphere-concept-14841#primaryimage","url":"https:\/\/www.tts-freunde.de\/blog\/wp-content\/uploads\/2022\/08\/A224381_medium-scaled.jpg","contentUrl":"https:\/\/www.tts-freunde.de\/blog\/wp-content\/uploads\/2022\/08\/A224381_medium-scaled.jpg","width":2560,"height":1440,"caption":"Audi activesphere concept \u2013 this is the name of the fourth model in the family of concept cars that Audi has been introducing since August 2021. Not only do they all have electric drives, but they\u2019re also designed to be capable of automated driving. This technical layout gives rise to entirely new designs, especially of the interiors and the offerings for those on board to use their time productively or just relax. Audi\u2019s sphere concept cars collectively showcase the vision of the premium mobility of tomorrow. The Audi activesphere concept, which is set to debut at the beginning of 2023, will offer maximum variability for an active lifestyle \u2013 both on and off-road. The brand will show off the three members of the sphere family that have already been introduced \u2013 the Audi skyphere, grandsphere and urbansphere concepts \u2013 for the first time together during Monterey Car Week in California in August 2022."},{"@type":"BreadcrumbList","@id":"https:\/\/www.audi-mediacenter.com\/de\/pressemitteilungen\/audi-activesphere-concept-14841#breadcrumb","itemListElement":[{"@type":"ListItem","position":1,"name":"Home","item":"https:\/\/www.tts-freunde.de\/blog\/"},{"@type":"ListItem","position":2,"name":"Audi activesphere concept"}]},{"@type":"WebSite","@id":"https:\/\/www.tts-freunde.de\/blog\/#website","url":"https:\/\/www.tts-freunde.de\/blog\/","name":"Audi Blog","description":"Deutscher Audi Blog - TTS-Freunde","publisher":{"@id":"https:\/\/www.tts-freunde.de\/blog\/#organization"},"potentialAction":[{"@type":"SearchAction","target":{"@type":"EntryPoint","urlTemplate":"https:\/\/www.tts-freunde.de\/blog\/?s={search_term_string}"},"query-input":"required name=search_term_string"}],"inLanguage":"de"},{"@type":"Organization","@id":"https:\/\/www.tts-freunde.de\/blog\/#organization","name":"Audi Blog","url":"https:\/\/www.tts-freunde.de\/blog\/","logo":{"@type":"ImageObject","inLanguage":"de","@id":"https:\/\/www.tts-freunde.de\/blog\/#\/schema\/logo\/image\/","url":"https:\/\/www.tts-freunde.de\/blog\/wp-content\/uploads\/2022\/12\/logo_2022.jpg","contentUrl":"https:\/\/www.tts-freunde.de\/blog\/wp-content\/uploads\/2022\/12\/logo_2022.jpg","width":240,"height":41,"caption":"Audi Blog"},"image":{"@id":"https:\/\/www.tts-freunde.de\/blog\/#\/schema\/logo\/image\/"}},{"@type":"Person","@id":"https:\/\/www.tts-freunde.de\/blog\/#\/schema\/person\/b67f6a54e98f013bd281dbe05514b701","name":"admin","image":{"@type":"ImageObject","inLanguage":"de","@id":"https:\/\/www.tts-freunde.de\/blog\/#\/schema\/person\/image\/","url":"https:\/\/secure.gravatar.com\/avatar\/08a4bd330e25056ddb430c28136b38a6?s=96&d=mm&r=g","contentUrl":"https:\/\/secure.gravatar.com\/avatar\/08a4bd330e25056ddb430c28136b38a6?s=96&d=mm&r=g","caption":"admin"},"sameAs":["http:\/\/www.tts-freunde.de"],"url":"https:\/\/www.tts-freunde.de\/blog\/author\/admin\/"}]}},"jetpack_sharing_enabled":true,"jetpack_featured_media_url":"https:\/\/www.tts-freunde.de\/blog\/wp-content\/uploads\/2022\/08\/A224381_medium-scaled.jpg","jetpack_shortlink":"https:\/\/wp.me\/p67hWW-1za","jetpack_likes_enabled":false,"jetpack-related-posts":[],"_links":{"self":[{"href":"https:\/\/www.tts-freunde.de\/blog\/wp-json\/wp\/v2\/posts\/6024"}],"collection":[{"href":"https:\/\/www.tts-freunde.de\/blog\/wp-json\/wp\/v2\/posts"}],"about":[{"href":"https:\/\/www.tts-freunde.de\/blog\/wp-json\/wp\/v2\/types\/post"}],"author":[{"embeddable":true,"href":"https:\/\/www.tts-freunde.de\/blog\/wp-json\/wp\/v2\/users\/1"}],"replies":[{"embeddable":true,"href":"https:\/\/www.tts-freunde.de\/blog\/wp-json\/wp\/v2\/comments?post=6024"}],"version-history":[{"count":1,"href":"https:\/\/www.tts-freunde.de\/blog\/wp-json\/wp\/v2\/posts\/6024\/revisions"}],"predecessor-version":[{"id":6026,"href":"https:\/\/www.tts-freunde.de\/blog\/wp-json\/wp\/v2\/posts\/6024\/revisions\/6026"}],"wp:featuredmedia":[{"embeddable":true,"href":"https:\/\/www.tts-freunde.de\/blog\/wp-json\/wp\/v2\/media\/6025"}],"wp:attachment":[{"href":"https:\/\/www.tts-freunde.de\/blog\/wp-json\/wp\/v2\/media?parent=6024"}],"wp:term":[{"taxonomy":"category","embeddable":true,"href":"https:\/\/www.tts-freunde.de\/blog\/wp-json\/wp\/v2\/categories?post=6024"},{"taxonomy":"post_tag","embeddable":true,"href":"https:\/\/www.tts-freunde.de\/blog\/wp-json\/wp\/v2\/tags?post=6024"}],"curies":[{"name":"wp","href":"https:\/\/api.w.org\/{rel}","templated":true}]}}