{"id":6047,"date":"2022-09-12T17:49:16","date_gmt":"2022-09-12T15:49:16","guid":{"rendered":"https:\/\/www.tts-freunde.de\/blog\/?p=6047"},"modified":"2022-09-12T17:49:16","modified_gmt":"2022-09-12T15:49:16","slug":"audi-hebt-mit-neuer-betriebsvereinbarung-die-hybride-arbeitswelt-auf-das-naechste-level","status":"publish","type":"post","link":"https:\/\/www.tts-freunde.de\/blog\/2022\/09\/12\/audi-hebt-mit-neuer-betriebsvereinbarung-die-hybride-arbeitswelt-auf-das-naechste-level\/","title":{"rendered":"Audi hebt mit neuer Betriebsvereinbarung die hybride Arbeitswelt auf das n\u00e4chste Level"},"content":{"rendered":"<div class=\"page-row\">\n<div id=\"item-edc99869-56e7-450f-a402-a2645bc44734\" class=\"page-item--topic-list\">\n<div class=\"topic-list\">\n<ul>\n<li>Maximale Flexibilit\u00e4t und Wahlfreiheit f\u00fcr Audi Mitarbeitende ohne vorgegebene Pr\u00e4senztage<\/li>\n<li>Bestandteile des Modernisierungsprogramms sind Desk-Sharing und die Schaffung moderner Arbeitsumgebungen im Werk sowie gro\u00dfz\u00fcgige Ausstattungspakete f\u00fcr das mobile Arbeiten der Audianer_innen<\/li>\n<li>Personalvorstand Xavier Ros: \u201eWir hatten schon ein hohes Ma\u00df an Flexibilit\u00e4t, jetzt k\u00f6nnen Audianer_innen das Beste aus beiden Welten \u2013 mobiles Arbeiten und B\u00fcro \u2013 miteinander kombinieren\u201c<\/li>\n<\/ul>\n<div class=\"page-row\">\n<div id=\"item-4427b6bd-ce35-4d60-a7c2-bcd4ff7e45e4\" class=\"page-item--intro\">\n<div class=\"intro-text\">\n<p>Audi treibt die hybride Arbeitswelt der Zukunft im Unternehmen konsequent voran. Am 1. Oktober 2022 tritt die Betriebsvereinbarung \u201eHybrides Arbeiten\u201c an den Standorten Ingolstadt und Neckarsulm in Kraft. Die Betriebsvereinbarung sieht ein noch h\u00f6heres Ma\u00df an Flexibilit\u00e4t f\u00fcr die Mitarbeitenden vor. Sie k\u00f6nnen ihren Arbeitsort frei w\u00e4hlen, eine Vorgabe an Pr\u00e4senztagen gibt es nicht. Der Ausbau von Desk-Sharing, die Neugestaltung von B\u00fcrofl\u00e4chen sowie eine finanzielle Unterst\u00fctzung f\u00fcr Mitarbeitende zum ergonomischen mobilen Arbeiten machen mobile und Pr\u00e4senzarbeit noch besser miteinander vereinbar.<\/p>\n<\/div>\n<\/div>\n<\/div>\n<div class=\"page-row-spacer -intro\">\n<div id=\"attachment_6048\" style=\"width: 310px\" class=\"wp-caption alignleft\"><a href=\"https:\/\/www.tts-freunde.de\/blog\/wp-content\/uploads\/2022\/09\/A224673_small.jpg\"><img loading=\"lazy\" decoding=\"async\" aria-describedby=\"caption-attachment-6048\" data-attachment-id=\"6048\" data-permalink=\"https:\/\/www.tts-freunde.de\/blog\/2022\/09\/12\/audi-hebt-mit-neuer-betriebsvereinbarung-die-hybride-arbeitswelt-auf-das-naechste-level\/audi-takes-hybrid-working-to-the-next-level-with-a-new-company-a\/\" data-orig-file=\"https:\/\/www.tts-freunde.de\/blog\/wp-content\/uploads\/2022\/09\/A224673_small.jpg\" data-orig-size=\"595,397\" data-comments-opened=\"0\" data-image-meta=\"{&quot;aperture&quot;:&quot;0&quot;,&quot;credit&quot;:&quot;&quot;,&quot;camera&quot;:&quot;&quot;,&quot;caption&quot;:&quot;Audi employees can make individual arrangements with their supervisor to set the days they come into the office and when they work remotely.&quot;,&quot;created_timestamp&quot;:&quot;0&quot;,&quot;copyright&quot;:&quot;AUDI AG&quot;,&quot;focal_length&quot;:&quot;0&quot;,&quot;iso&quot;:&quot;0&quot;,&quot;shutter_speed&quot;:&quot;0&quot;,&quot;title&quot;:&quot;Audi takes hybrid working to the next level with a new company a&quot;,&quot;orientation&quot;:&quot;0&quot;}\" data-image-title=\"Audi takes hybrid working to the next level with a new company a\" data-image-description=\"\" data-image-caption=\"&lt;p&gt;Audi employees can make individual arrangements with their supervisor to set the days they come into the office and when they work remotely.&lt;\/p&gt;\n\" data-medium-file=\"https:\/\/www.tts-freunde.de\/blog\/wp-content\/uploads\/2022\/09\/A224673_small-300x200.jpg\" data-large-file=\"https:\/\/www.tts-freunde.de\/blog\/wp-content\/uploads\/2022\/09\/A224673_small.jpg\" tabindex=\"0\" role=\"button\" class=\"size-medium wp-image-6048\" src=\"https:\/\/www.tts-freunde.de\/blog\/wp-content\/uploads\/2022\/09\/A224673_small-300x200.jpg\" alt=\"\" width=\"300\" height=\"200\" srcset=\"https:\/\/www.tts-freunde.de\/blog\/wp-content\/uploads\/2022\/09\/A224673_small-300x200.jpg 300w, https:\/\/www.tts-freunde.de\/blog\/wp-content\/uploads\/2022\/09\/A224673_small-50x33.jpg 50w, https:\/\/www.tts-freunde.de\/blog\/wp-content\/uploads\/2022\/09\/A224673_small.jpg 595w\" sizes=\"(max-width: 300px) 100vw, 300px\" \/><\/a><p id=\"caption-attachment-6048\" class=\"wp-caption-text\">Audi employees can make individual arrangements with their supervisor to set the days they come into the office and when they work remotely.<\/p><\/div>\n<\/div>\n<div class=\"page-row\">\n<div id=\"item-c28708cf-dc73-4d0e-a28a-d8dcdfec167c\" class=\"page-item--text\">\n<div class=\"text-block style-links-for-body-text\">\n<p>Audi Mitarbeitende k\u00f6nnen gemeinsam mit ihrer F\u00fchrungskraft individuell festlegen, an welchen Tagen sie ins B\u00fcro kommen und wann sie mobil arbeiten, sofern dies mit ihrer Arbeitsaufgabe vereinbar ist. Starre Vorgaben sieht das Regelwerk ausdr\u00fccklich nicht vor. So haben Mitarbeitende eine noch gr\u00f6\u00dfere Freiheit, ein zur eigenen Lebenssituation passendes Arbeitsmodell zu finden und selbstbestimmt und flexibel zu arbeiten.<\/p>\n<p>Die neue Betriebsvereinbarung \u201eHybrides Arbeiten\u201c ist eine Weiterentwicklung der seit 2016 bestehenden Betriebsvereinbarung \u201eMobiles Arbeiten\u201c, mit der die Vier Ringe seitdem sehr positive Erfahrungen gemacht haben. \u201eWir hatten schon ein hohes Ma\u00df an Flexibilit\u00e4t, jetzt k\u00f6nnen Audianer_innen das Beste aus beiden Welten \u2013 mobiles Arbeiten und B\u00fcro \u2013 miteinander kombinieren\u201c, sagt Xavier Ros, Vorstand f\u00fcr Personal und Organisation bei der AUDI AG. \u201eDie neue Betriebsvereinbarung ist f\u00fcr uns ein konsequenter Schritt auf unserem Weg hin zu einer hybriden Arbeitswelt. Sie ist zugleich Ausdruck einer Unternehmenskultur, die von Eigenverantwortung und Vertrauen gepr\u00e4gt ist und die wir auch in Zukunft konsequent f\u00f6rdern.\u201c<\/p>\n<p>Der Gesamtbetriebsratsvorsitzende Peter Mosch (Ingolstadt) und sein Stellvertreter Rainer Schirmer (Neckarsulm) betonen: \u201eHybrides Arbeiten ist der neue Standard der Audi Arbeitswelt und l\u00e4utet damit eine neue \u00c4ra bei den Vier Ringen ein, von der alle Audianer_innen zuk\u00fcnftig profitieren. Nat\u00fcrlich denken wir dabei gleichzeitig an die Belegschaftsmitglieder, die aufgrund ihrer T\u00e4tigkeit nicht von zu Hause arbeiten k\u00f6nnen. Hier erarbeiten wir gerade gemeinsam mit dem Unternehmen neue Raumkonzepte und flexiblere Arbeitsmodelle, um die Arbeitsbedingungen in den Werken zu verbessern.\u201c<\/p>\n<h2>Mehr Verantwortung f\u00fcr Teams st\u00e4rkt Motivation und Zugeh\u00f6rigkeit<\/h2>\n<p>Wie positiv eine Flexibilisierung der Arbeitsmodelle wirkt, hat Audi gemeinsam mit der Universit\u00e4t St. Gallen wissenschaftlich untersucht. F\u00fcr die Studie hatten Unternehmen und Forscher mehr als 1.500 Mitarbeitende aus \u00fcber 100 Abteilungen befragt. Zentrales Ergebnis ist, dass Teams, die gemeinsame Vereinbarungenausgearbeitet hatten, ein klareres Verst\u00e4ndnis \u00fcber die hybride Zusammenarbeit entwickelten. Gegenseitiges Vertrauen und Verbindlichkeit sind in diesen Teams deutlich ausgepr\u00e4gter. \u201eZugeh\u00f6rigkeitsgef\u00fchl und Authentizit\u00e4t steigen, zus\u00e4tzlich konnten wir einen positiven Effekt auf Perspektivenvielfalt und Chancengleichheit messen\u201c, sagt Projektleiterin Carina Behrends aus dem Diversity Management bei Audi.<\/p>\n<p>Gleichzeitig bleibt die gemeinsame Arbeit im B\u00fcro ein wichtiger Bestandteil der Unternehmenskultur. Der pers\u00f6nliche Kontakt st\u00e4rkt das Zusammengeh\u00f6rigkeitsgef\u00fchl und l\u00e4sst im gemeinsamen Austausch innovative Ideen entstehen. F\u00fcr die Zusammenarbeit in hybriden Teams verbessert Audi an den Standorten Ingolstadt und Neckarsulm die technischen und r\u00e4umlichen Voraussetzungen. Sukzessive entstehen in den kommenden Jahren neue Arbeitsumgebungen einschlie\u00dflich moderner Kreativr\u00e4ume, Besprechungsr\u00e4ume, Projektecken, Lounges oder Meetingbereiche f\u00fcr Kommunikation, Vernetzung und Zusammenarbeit. Einen gr\u00f6\u00dferen Stellenwert r\u00e4umt die Betriebsvereinbarung dem Desk-Sharing ein, an dem Audi Mitarbeitende freiwillig teilnehmen k\u00f6nnen. Anstelle von pers\u00f6nlichen Arbeitspl\u00e4tzen teilen sich die teilnehmenden Mitarbeiter_innen die R\u00e4umlichkeiten flexibel auf. Den Raum oder Tisch, den sie gerade ben\u00f6tigen, buchen sie bequem \u00fcber ein digitales Tool.<\/p>\n<h2>Ausstattungspakete f\u00fcr IT und ergonomisches B\u00fcro<\/h2>\n<p>Mit gro\u00dfz\u00fcgigen Ausstattungspaketen unterst\u00fctzt Audi seine Besch\u00e4ftigten auf dem Weg in die hybride Zusammenarbeit. Audi stellt Mitarbeitenden, die mobil arbeiten k\u00f6nnen und am Desk-Sharing teilnehmen m\u00f6chten, ein IT-Paket zur technischen Ausstattung f\u00fcr das mobile Arbeiten zur Verf\u00fcgung. Dar\u00fcber hinaus erhalten diese Mitarbeitenden einen Gutschein im Wert von 500 Euro beziehungsweise tempor\u00e4r bis zum 30. Juni 2023 sogar von bis zu 750 Euro, mit dem sie ergonomische B\u00fcroausstattung f\u00fcr das mobile Arbeiten kaufen k\u00f6nnen.<\/p>\n<p>Die Betriebsvereinbarung \u201eHybrides Arbeiten\u201c ist ein elementarer Baustein desKonzepts \u201ebetter normal\u201c, das Audi-Mitarbeitenden maximale Flexibilit\u00e4t erm\u00f6glicht. Die bei Audi gelebte Kultur von Vertrauen und Eigenverantwortung ist die Grundlage auch f\u00fcr moderne Arbeitsmodelle wie Jobsharing, Teilzeit- und Auszeitl\u00f6sungen, die verst\u00e4rkt gef\u00f6rdert werden.<\/p>\n<h2>Mehr Flexibilit\u00e4t auch in der Produktion<\/h2>\n<p>Auch f\u00fcr Audianer_innen, die aufgrund ihrer Arbeitsaufgabe nicht hybrid arbeiten k\u00f6nnen, soll \u201ebetter normal\u201c sp\u00fcrbare Fortschritte bringen, zum Beispiel f\u00fcr taktgebundene Mitarbeitende in der Produktion. Unternehmen und Betriebsrat arbeiten derzeit an flexibleren Arbeitsmodellen in der Schicht, neuen Raumkonzepten f\u00fcr einen angenehmeren Aufenthalt, vielf\u00e4ltigeren Angeboten in der Gastronomie und einem leichteren Zugang zur digitalen Welt von Audi in diesen Bereichen.<\/p>\n<p><strong>Veranstaltungshinweis:<\/strong><br \/>\nIm Vorfeld des Gr\u00fcnderfestivals Bits &amp; Pretzels in M\u00fcnchen findet am 25. September von 9 bis 18 Uhr die Veranstaltung \u201eOn the Road to New Work\u201c statt. In den Design Offices M\u00fcnchen Highlight Towers diskutieren Audi Expert_innen mit New-Work-Enthusiast_innen wie Laura Lewandowski \u00fcber M\u00f6glichkeiten und Herausforderungen des Wandels unserer Arbeitswelt. Wenn Sie sich f\u00fcr diese Veranstaltung interessieren, melden Sie sich bei <a href=\"mailto:sarah.braun@audi.de\">sarah.braun@audi.de<\/a>.<\/p>\n<\/div>\n<\/div>\n<\/div>\n<\/div>\n<\/div>\n<\/div>\n","protected":false},"excerpt":{"rendered":"<p>Maximale Flexibilit\u00e4t und Wahlfreiheit f\u00fcr Audi Mitarbeitende ohne vorgegebene Pr\u00e4senztage Bestandteile des Modernisierungsprogramms sind Desk-Sharing und die Schaffung moderner Arbeitsumgebungen im Werk sowie gro\u00dfz\u00fcgige Ausstattungspakete f\u00fcr das mobile Arbeiten der Audianer_innen Personalvorstand Xavier Ros: \u201eWir hatten schon ein hohes Ma\u00df an Flexibilit\u00e4t, jetzt k\u00f6nnen Audianer_innen das Beste aus beiden Welten [&hellip;]<\/p>\n","protected":false},"author":1,"featured_media":6048,"comment_status":"closed","ping_status":"open","sticky":false,"template":"","format":"standard","meta":{"jetpack_post_was_ever_published":false,"_jetpack_newsletter_access":"","_jetpack_dont_email_post_to_subs":false,"_jetpack_newsletter_tier_id":0,"_jetpack_memberships_contains_paywalled_content":false,"_jetpack_memberships_contains_paid_content":false,"footnotes":"","jetpack_publicize_message":"","jetpack_publicize_feature_enabled":true,"jetpack_social_post_already_shared":true,"jetpack_social_options":{"image_generator_settings":{"template":"highway","enabled":false},"version":2}},"categories":[16],"tags":[],"class_list":["post-6047","post","type-post","status-publish","format-standard","has-post-thumbnail","hentry","category-audi-ag"],"wppr_data":{"cwp_meta_box_check":"No"},"jetpack_publicize_connections":[],"yoast_head":"<!-- This site is optimized with the Yoast SEO plugin v23.3 - https:\/\/yoast.com\/wordpress\/plugins\/seo\/ -->\n<title>Audi hebt mit neuer Betriebsvereinbarung die hybride Arbeitswelt auf das n\u00e4chste Level - Audi Blog<\/title>\n<meta name=\"robots\" content=\"index, follow, max-snippet:-1, max-image-preview:large, max-video-preview:-1\" \/>\n<link rel=\"canonical\" href=\"https:\/\/www.audi-mediacenter.com\/de\/pressemitteilungen\/audi-hebt-mit-neuer-betriebsvereinbarung-die-hybride-arbeitswelt-auf-das-naechste-level-14889\" \/>\n<meta property=\"og:locale\" content=\"de_DE\" \/>\n<meta property=\"og:type\" content=\"article\" \/>\n<meta property=\"og:title\" content=\"Audi hebt mit neuer Betriebsvereinbarung die hybride Arbeitswelt auf das n\u00e4chste Level - Audi Blog\" \/>\n<meta property=\"og:description\" content=\"Maximale Flexibilit\u00e4t und Wahlfreiheit f\u00fcr Audi Mitarbeitende ohne vorgegebene Pr\u00e4senztage Bestandteile des Modernisierungsprogramms sind Desk-Sharing und die Schaffung moderner Arbeitsumgebungen im Werk sowie gro\u00dfz\u00fcgige Ausstattungspakete f\u00fcr das mobile Arbeiten der Audianer_innen Personalvorstand Xavier Ros: \u201eWir hatten schon ein hohes Ma\u00df an Flexibilit\u00e4t, jetzt k\u00f6nnen Audianer_innen das Beste aus beiden Welten [&hellip;]\" \/>\n<meta property=\"og:url\" content=\"https:\/\/www.audi-mediacenter.com\/de\/pressemitteilungen\/audi-hebt-mit-neuer-betriebsvereinbarung-die-hybride-arbeitswelt-auf-das-naechste-level-14889\" \/>\n<meta property=\"og:site_name\" content=\"Audi Blog\" \/>\n<meta property=\"article:published_time\" content=\"2022-09-12T15:49:16+00:00\" \/>\n<meta property=\"og:image\" content=\"https:\/\/www.tts-freunde.de\/blog\/wp-content\/uploads\/2022\/09\/A224673_small.jpg\" \/>\n\t<meta property=\"og:image:width\" content=\"595\" \/>\n\t<meta property=\"og:image:height\" content=\"397\" \/>\n\t<meta property=\"og:image:type\" content=\"image\/jpeg\" \/>\n<meta name=\"author\" content=\"admin\" \/>\n<meta name=\"twitter:card\" content=\"summary_large_image\" \/>\n<meta name=\"twitter:label1\" content=\"Verfasst von\" \/>\n\t<meta name=\"twitter:data1\" content=\"admin\" \/>\n\t<meta name=\"twitter:label2\" content=\"Gesch\u00e4tzte Lesezeit\" \/>\n\t<meta name=\"twitter:data2\" content=\"5\u00a0Minuten\" \/>\n<script type=\"application\/ld+json\" class=\"yoast-schema-graph\">{\"@context\":\"https:\/\/schema.org\",\"@graph\":[{\"@type\":\"Article\",\"@id\":\"https:\/\/www.audi-mediacenter.com\/de\/pressemitteilungen\/audi-hebt-mit-neuer-betriebsvereinbarung-die-hybride-arbeitswelt-auf-das-naechste-level-14889#article\",\"isPartOf\":{\"@id\":\"https:\/\/www.tts-freunde.de\/blog\/2022\/09\/12\/audi-hebt-mit-neuer-betriebsvereinbarung-die-hybride-arbeitswelt-auf-das-naechste-level\/\"},\"author\":{\"name\":\"admin\",\"@id\":\"https:\/\/www.tts-freunde.de\/blog\/#\/schema\/person\/b67f6a54e98f013bd281dbe05514b701\"},\"headline\":\"Audi hebt mit neuer Betriebsvereinbarung die hybride Arbeitswelt auf das n\u00e4chste Level\",\"datePublished\":\"2022-09-12T15:49:16+00:00\",\"dateModified\":\"2022-09-12T15:49:16+00:00\",\"mainEntityOfPage\":{\"@id\":\"https:\/\/www.tts-freunde.de\/blog\/2022\/09\/12\/audi-hebt-mit-neuer-betriebsvereinbarung-die-hybride-arbeitswelt-auf-das-naechste-level\/\"},\"wordCount\":961,\"publisher\":{\"@id\":\"https:\/\/www.tts-freunde.de\/blog\/#organization\"},\"image\":{\"@id\":\"https:\/\/www.audi-mediacenter.com\/de\/pressemitteilungen\/audi-hebt-mit-neuer-betriebsvereinbarung-die-hybride-arbeitswelt-auf-das-naechste-level-14889#primaryimage\"},\"thumbnailUrl\":\"https:\/\/www.tts-freunde.de\/blog\/wp-content\/uploads\/2022\/09\/A224673_small.jpg\",\"articleSection\":[\"Audi AG\"],\"inLanguage\":\"de\"},{\"@type\":\"WebPage\",\"@id\":\"https:\/\/www.tts-freunde.de\/blog\/2022\/09\/12\/audi-hebt-mit-neuer-betriebsvereinbarung-die-hybride-arbeitswelt-auf-das-naechste-level\/\",\"url\":\"https:\/\/www.audi-mediacenter.com\/de\/pressemitteilungen\/audi-hebt-mit-neuer-betriebsvereinbarung-die-hybride-arbeitswelt-auf-das-naechste-level-14889\",\"name\":\"Audi hebt mit neuer Betriebsvereinbarung die hybride Arbeitswelt auf das n\u00e4chste Level - Audi Blog\",\"isPartOf\":{\"@id\":\"https:\/\/www.tts-freunde.de\/blog\/#website\"},\"primaryImageOfPage\":{\"@id\":\"https:\/\/www.audi-mediacenter.com\/de\/pressemitteilungen\/audi-hebt-mit-neuer-betriebsvereinbarung-die-hybride-arbeitswelt-auf-das-naechste-level-14889#primaryimage\"},\"image\":{\"@id\":\"https:\/\/www.audi-mediacenter.com\/de\/pressemitteilungen\/audi-hebt-mit-neuer-betriebsvereinbarung-die-hybride-arbeitswelt-auf-das-naechste-level-14889#primaryimage\"},\"thumbnailUrl\":\"https:\/\/www.tts-freunde.de\/blog\/wp-content\/uploads\/2022\/09\/A224673_small.jpg\",\"datePublished\":\"2022-09-12T15:49:16+00:00\",\"dateModified\":\"2022-09-12T15:49:16+00:00\",\"breadcrumb\":{\"@id\":\"https:\/\/www.audi-mediacenter.com\/de\/pressemitteilungen\/audi-hebt-mit-neuer-betriebsvereinbarung-die-hybride-arbeitswelt-auf-das-naechste-level-14889#breadcrumb\"},\"inLanguage\":\"de\",\"potentialAction\":[{\"@type\":\"ReadAction\",\"target\":[\"https:\/\/www.audi-mediacenter.com\/de\/pressemitteilungen\/audi-hebt-mit-neuer-betriebsvereinbarung-die-hybride-arbeitswelt-auf-das-naechste-level-14889\"]}]},{\"@type\":\"ImageObject\",\"inLanguage\":\"de\",\"@id\":\"https:\/\/www.audi-mediacenter.com\/de\/pressemitteilungen\/audi-hebt-mit-neuer-betriebsvereinbarung-die-hybride-arbeitswelt-auf-das-naechste-level-14889#primaryimage\",\"url\":\"https:\/\/www.tts-freunde.de\/blog\/wp-content\/uploads\/2022\/09\/A224673_small.jpg\",\"contentUrl\":\"https:\/\/www.tts-freunde.de\/blog\/wp-content\/uploads\/2022\/09\/A224673_small.jpg\",\"width\":595,\"height\":397,\"caption\":\"Audi employees can make individual arrangements with their supervisor to set the days they come into the office and when they work remotely.\"},{\"@type\":\"BreadcrumbList\",\"@id\":\"https:\/\/www.audi-mediacenter.com\/de\/pressemitteilungen\/audi-hebt-mit-neuer-betriebsvereinbarung-die-hybride-arbeitswelt-auf-das-naechste-level-14889#breadcrumb\",\"itemListElement\":[{\"@type\":\"ListItem\",\"position\":1,\"name\":\"Home\",\"item\":\"https:\/\/www.tts-freunde.de\/blog\/\"},{\"@type\":\"ListItem\",\"position\":2,\"name\":\"Audi hebt mit neuer Betriebsvereinbarung die hybride Arbeitswelt auf das n\u00e4chste Level\"}]},{\"@type\":\"WebSite\",\"@id\":\"https:\/\/www.tts-freunde.de\/blog\/#website\",\"url\":\"https:\/\/www.tts-freunde.de\/blog\/\",\"name\":\"Audi Blog\",\"description\":\"Deutscher Audi Blog - TTS-Freunde\",\"publisher\":{\"@id\":\"https:\/\/www.tts-freunde.de\/blog\/#organization\"},\"potentialAction\":[{\"@type\":\"SearchAction\",\"target\":{\"@type\":\"EntryPoint\",\"urlTemplate\":\"https:\/\/www.tts-freunde.de\/blog\/?s={search_term_string}\"},\"query-input\":\"required name=search_term_string\"}],\"inLanguage\":\"de\"},{\"@type\":\"Organization\",\"@id\":\"https:\/\/www.tts-freunde.de\/blog\/#organization\",\"name\":\"Audi Blog\",\"url\":\"https:\/\/www.tts-freunde.de\/blog\/\",\"logo\":{\"@type\":\"ImageObject\",\"inLanguage\":\"de\",\"@id\":\"https:\/\/www.tts-freunde.de\/blog\/#\/schema\/logo\/image\/\",\"url\":\"https:\/\/www.tts-freunde.de\/blog\/wp-content\/uploads\/2022\/12\/logo_2022.jpg\",\"contentUrl\":\"https:\/\/www.tts-freunde.de\/blog\/wp-content\/uploads\/2022\/12\/logo_2022.jpg\",\"width\":240,\"height\":41,\"caption\":\"Audi Blog\"},\"image\":{\"@id\":\"https:\/\/www.tts-freunde.de\/blog\/#\/schema\/logo\/image\/\"}},{\"@type\":\"Person\",\"@id\":\"https:\/\/www.tts-freunde.de\/blog\/#\/schema\/person\/b67f6a54e98f013bd281dbe05514b701\",\"name\":\"admin\",\"image\":{\"@type\":\"ImageObject\",\"inLanguage\":\"de\",\"@id\":\"https:\/\/www.tts-freunde.de\/blog\/#\/schema\/person\/image\/\",\"url\":\"https:\/\/secure.gravatar.com\/avatar\/08a4bd330e25056ddb430c28136b38a6?s=96&d=mm&r=g\",\"contentUrl\":\"https:\/\/secure.gravatar.com\/avatar\/08a4bd330e25056ddb430c28136b38a6?s=96&d=mm&r=g\",\"caption\":\"admin\"},\"sameAs\":[\"http:\/\/www.tts-freunde.de\"],\"url\":\"https:\/\/www.tts-freunde.de\/blog\/author\/admin\/\"}]}<\/script>\n<!-- \/ Yoast SEO plugin. -->","yoast_head_json":{"title":"Audi hebt mit neuer Betriebsvereinbarung die hybride Arbeitswelt auf das n\u00e4chste Level - Audi Blog","robots":{"index":"index","follow":"follow","max-snippet":"max-snippet:-1","max-image-preview":"max-image-preview:large","max-video-preview":"max-video-preview:-1"},"canonical":"https:\/\/www.audi-mediacenter.com\/de\/pressemitteilungen\/audi-hebt-mit-neuer-betriebsvereinbarung-die-hybride-arbeitswelt-auf-das-naechste-level-14889","og_locale":"de_DE","og_type":"article","og_title":"Audi hebt mit neuer Betriebsvereinbarung die hybride Arbeitswelt auf das n\u00e4chste Level - Audi Blog","og_description":"Maximale Flexibilit\u00e4t und Wahlfreiheit f\u00fcr Audi Mitarbeitende ohne vorgegebene Pr\u00e4senztage Bestandteile des Modernisierungsprogramms sind Desk-Sharing und die Schaffung moderner Arbeitsumgebungen im Werk sowie gro\u00dfz\u00fcgige Ausstattungspakete f\u00fcr das mobile Arbeiten der Audianer_innen Personalvorstand Xavier Ros: \u201eWir hatten schon ein hohes Ma\u00df an Flexibilit\u00e4t, jetzt k\u00f6nnen Audianer_innen das Beste aus beiden Welten [&hellip;]","og_url":"https:\/\/www.audi-mediacenter.com\/de\/pressemitteilungen\/audi-hebt-mit-neuer-betriebsvereinbarung-die-hybride-arbeitswelt-auf-das-naechste-level-14889","og_site_name":"Audi Blog","article_published_time":"2022-09-12T15:49:16+00:00","og_image":[{"width":595,"height":397,"url":"https:\/\/www.tts-freunde.de\/blog\/wp-content\/uploads\/2022\/09\/A224673_small.jpg","type":"image\/jpeg"}],"author":"admin","twitter_card":"summary_large_image","twitter_misc":{"Verfasst von":"admin","Gesch\u00e4tzte Lesezeit":"5\u00a0Minuten"},"schema":{"@context":"https:\/\/schema.org","@graph":[{"@type":"Article","@id":"https:\/\/www.audi-mediacenter.com\/de\/pressemitteilungen\/audi-hebt-mit-neuer-betriebsvereinbarung-die-hybride-arbeitswelt-auf-das-naechste-level-14889#article","isPartOf":{"@id":"https:\/\/www.tts-freunde.de\/blog\/2022\/09\/12\/audi-hebt-mit-neuer-betriebsvereinbarung-die-hybride-arbeitswelt-auf-das-naechste-level\/"},"author":{"name":"admin","@id":"https:\/\/www.tts-freunde.de\/blog\/#\/schema\/person\/b67f6a54e98f013bd281dbe05514b701"},"headline":"Audi hebt mit neuer Betriebsvereinbarung die hybride Arbeitswelt auf das n\u00e4chste Level","datePublished":"2022-09-12T15:49:16+00:00","dateModified":"2022-09-12T15:49:16+00:00","mainEntityOfPage":{"@id":"https:\/\/www.tts-freunde.de\/blog\/2022\/09\/12\/audi-hebt-mit-neuer-betriebsvereinbarung-die-hybride-arbeitswelt-auf-das-naechste-level\/"},"wordCount":961,"publisher":{"@id":"https:\/\/www.tts-freunde.de\/blog\/#organization"},"image":{"@id":"https:\/\/www.audi-mediacenter.com\/de\/pressemitteilungen\/audi-hebt-mit-neuer-betriebsvereinbarung-die-hybride-arbeitswelt-auf-das-naechste-level-14889#primaryimage"},"thumbnailUrl":"https:\/\/www.tts-freunde.de\/blog\/wp-content\/uploads\/2022\/09\/A224673_small.jpg","articleSection":["Audi AG"],"inLanguage":"de"},{"@type":"WebPage","@id":"https:\/\/www.tts-freunde.de\/blog\/2022\/09\/12\/audi-hebt-mit-neuer-betriebsvereinbarung-die-hybride-arbeitswelt-auf-das-naechste-level\/","url":"https:\/\/www.audi-mediacenter.com\/de\/pressemitteilungen\/audi-hebt-mit-neuer-betriebsvereinbarung-die-hybride-arbeitswelt-auf-das-naechste-level-14889","name":"Audi hebt mit neuer Betriebsvereinbarung die hybride Arbeitswelt auf das n\u00e4chste Level - Audi Blog","isPartOf":{"@id":"https:\/\/www.tts-freunde.de\/blog\/#website"},"primaryImageOfPage":{"@id":"https:\/\/www.audi-mediacenter.com\/de\/pressemitteilungen\/audi-hebt-mit-neuer-betriebsvereinbarung-die-hybride-arbeitswelt-auf-das-naechste-level-14889#primaryimage"},"image":{"@id":"https:\/\/www.audi-mediacenter.com\/de\/pressemitteilungen\/audi-hebt-mit-neuer-betriebsvereinbarung-die-hybride-arbeitswelt-auf-das-naechste-level-14889#primaryimage"},"thumbnailUrl":"https:\/\/www.tts-freunde.de\/blog\/wp-content\/uploads\/2022\/09\/A224673_small.jpg","datePublished":"2022-09-12T15:49:16+00:00","dateModified":"2022-09-12T15:49:16+00:00","breadcrumb":{"@id":"https:\/\/www.audi-mediacenter.com\/de\/pressemitteilungen\/audi-hebt-mit-neuer-betriebsvereinbarung-die-hybride-arbeitswelt-auf-das-naechste-level-14889#breadcrumb"},"inLanguage":"de","potentialAction":[{"@type":"ReadAction","target":["https:\/\/www.audi-mediacenter.com\/de\/pressemitteilungen\/audi-hebt-mit-neuer-betriebsvereinbarung-die-hybride-arbeitswelt-auf-das-naechste-level-14889"]}]},{"@type":"ImageObject","inLanguage":"de","@id":"https:\/\/www.audi-mediacenter.com\/de\/pressemitteilungen\/audi-hebt-mit-neuer-betriebsvereinbarung-die-hybride-arbeitswelt-auf-das-naechste-level-14889#primaryimage","url":"https:\/\/www.tts-freunde.de\/blog\/wp-content\/uploads\/2022\/09\/A224673_small.jpg","contentUrl":"https:\/\/www.tts-freunde.de\/blog\/wp-content\/uploads\/2022\/09\/A224673_small.jpg","width":595,"height":397,"caption":"Audi employees can make individual arrangements with their supervisor to set the days they come into the office and when they work remotely."},{"@type":"BreadcrumbList","@id":"https:\/\/www.audi-mediacenter.com\/de\/pressemitteilungen\/audi-hebt-mit-neuer-betriebsvereinbarung-die-hybride-arbeitswelt-auf-das-naechste-level-14889#breadcrumb","itemListElement":[{"@type":"ListItem","position":1,"name":"Home","item":"https:\/\/www.tts-freunde.de\/blog\/"},{"@type":"ListItem","position":2,"name":"Audi hebt mit neuer Betriebsvereinbarung die hybride Arbeitswelt auf das n\u00e4chste Level"}]},{"@type":"WebSite","@id":"https:\/\/www.tts-freunde.de\/blog\/#website","url":"https:\/\/www.tts-freunde.de\/blog\/","name":"Audi Blog","description":"Deutscher Audi Blog - TTS-Freunde","publisher":{"@id":"https:\/\/www.tts-freunde.de\/blog\/#organization"},"potentialAction":[{"@type":"SearchAction","target":{"@type":"EntryPoint","urlTemplate":"https:\/\/www.tts-freunde.de\/blog\/?s={search_term_string}"},"query-input":"required name=search_term_string"}],"inLanguage":"de"},{"@type":"Organization","@id":"https:\/\/www.tts-freunde.de\/blog\/#organization","name":"Audi Blog","url":"https:\/\/www.tts-freunde.de\/blog\/","logo":{"@type":"ImageObject","inLanguage":"de","@id":"https:\/\/www.tts-freunde.de\/blog\/#\/schema\/logo\/image\/","url":"https:\/\/www.tts-freunde.de\/blog\/wp-content\/uploads\/2022\/12\/logo_2022.jpg","contentUrl":"https:\/\/www.tts-freunde.de\/blog\/wp-content\/uploads\/2022\/12\/logo_2022.jpg","width":240,"height":41,"caption":"Audi Blog"},"image":{"@id":"https:\/\/www.tts-freunde.de\/blog\/#\/schema\/logo\/image\/"}},{"@type":"Person","@id":"https:\/\/www.tts-freunde.de\/blog\/#\/schema\/person\/b67f6a54e98f013bd281dbe05514b701","name":"admin","image":{"@type":"ImageObject","inLanguage":"de","@id":"https:\/\/www.tts-freunde.de\/blog\/#\/schema\/person\/image\/","url":"https:\/\/secure.gravatar.com\/avatar\/08a4bd330e25056ddb430c28136b38a6?s=96&d=mm&r=g","contentUrl":"https:\/\/secure.gravatar.com\/avatar\/08a4bd330e25056ddb430c28136b38a6?s=96&d=mm&r=g","caption":"admin"},"sameAs":["http:\/\/www.tts-freunde.de"],"url":"https:\/\/www.tts-freunde.de\/blog\/author\/admin\/"}]}},"jetpack_sharing_enabled":true,"jetpack_featured_media_url":"https:\/\/www.tts-freunde.de\/blog\/wp-content\/uploads\/2022\/09\/A224673_small.jpg","jetpack_shortlink":"https:\/\/wp.me\/p67hWW-1zx","jetpack_likes_enabled":false,"jetpack-related-posts":[],"_links":{"self":[{"href":"https:\/\/www.tts-freunde.de\/blog\/wp-json\/wp\/v2\/posts\/6047"}],"collection":[{"href":"https:\/\/www.tts-freunde.de\/blog\/wp-json\/wp\/v2\/posts"}],"about":[{"href":"https:\/\/www.tts-freunde.de\/blog\/wp-json\/wp\/v2\/types\/post"}],"author":[{"embeddable":true,"href":"https:\/\/www.tts-freunde.de\/blog\/wp-json\/wp\/v2\/users\/1"}],"replies":[{"embeddable":true,"href":"https:\/\/www.tts-freunde.de\/blog\/wp-json\/wp\/v2\/comments?post=6047"}],"version-history":[{"count":1,"href":"https:\/\/www.tts-freunde.de\/blog\/wp-json\/wp\/v2\/posts\/6047\/revisions"}],"predecessor-version":[{"id":6049,"href":"https:\/\/www.tts-freunde.de\/blog\/wp-json\/wp\/v2\/posts\/6047\/revisions\/6049"}],"wp:featuredmedia":[{"embeddable":true,"href":"https:\/\/www.tts-freunde.de\/blog\/wp-json\/wp\/v2\/media\/6048"}],"wp:attachment":[{"href":"https:\/\/www.tts-freunde.de\/blog\/wp-json\/wp\/v2\/media?parent=6047"}],"wp:term":[{"taxonomy":"category","embeddable":true,"href":"https:\/\/www.tts-freunde.de\/blog\/wp-json\/wp\/v2\/categories?post=6047"},{"taxonomy":"post_tag","embeddable":true,"href":"https:\/\/www.tts-freunde.de\/blog\/wp-json\/wp\/v2\/tags?post=6047"}],"curies":[{"name":"wp","href":"https:\/\/api.w.org\/{rel}","templated":true}]}}