{"id":6249,"date":"2022-11-29T19:57:36","date_gmt":"2022-11-29T18:57:36","guid":{"rendered":"https:\/\/www.tts-freunde.de\/blog\/?p=6249"},"modified":"2022-11-29T19:57:36","modified_gmt":"2022-11-29T18:57:36","slug":"vier-ringe-zwei-redner-ein-thema-90-jahre-auto-union-ag-im-audi-museum-mobile","status":"publish","type":"post","link":"https:\/\/www.tts-freunde.de\/blog\/2022\/11\/29\/vier-ringe-zwei-redner-ein-thema-90-jahre-auto-union-ag-im-audi-museum-mobile\/","title":{"rendered":"Vier Ringe \u2013 zwei Redner \u2013 ein Thema: \u201e90 Jahre Auto Union AG\u201c im Audi museum mobile"},"content":{"rendered":"<div class=\"page-row\">\n<div class=\"page-item--intro\" id=\"item-225601c5-49e1-4355-9cad-f57e27f4d313\">\n<div class=\"intro-text\">\n<p>In diesem Jahr feiert das Audi-Markensignet Vier Ringe seinen 90. Geburtstag; Anlass f\u00fcr Audi Tradition, alle, die mehr dazu erfahren wollen, zum Vortrag ins Audi museum mobile einzuladen. Am Donnerstag, 8. Dezember, haben der Wiener Professor Sebastian Mock und Audi-Historiker Ralf Friese jede Menge Geschichten zur Geschichte der Auto Union AG im Gep\u00e4ck. Anmeldung ist erforderlich, der Eintritt ist frei.<\/p>\n<\/div>\n<\/div>\n<\/div>\n<div class=\"page-row-spacer -intro\"><a href=\"https:\/\/www.tts-freunde.de\/blog\/wp-content\/uploads\/2022\/11\/A226820_medium-scaled.jpg\"><img loading=\"lazy\" decoding=\"async\" data-attachment-id=\"6250\" data-permalink=\"https:\/\/www.tts-freunde.de\/blog\/2022\/11\/29\/vier-ringe-zwei-redner-ein-thema-90-jahre-auto-union-ag-im-audi-museum-mobile\/a226820_medium\/\" data-orig-file=\"https:\/\/www.tts-freunde.de\/blog\/wp-content\/uploads\/2022\/11\/A226820_medium-scaled.jpg\" data-orig-size=\"2560,1440\" data-comments-opened=\"0\" data-image-meta=\"{&quot;aperture&quot;:&quot;0&quot;,&quot;credit&quot;:&quot;&quot;,&quot;camera&quot;:&quot;&quot;,&quot;caption&quot;:&quot;&quot;,&quot;created_timestamp&quot;:&quot;0&quot;,&quot;copyright&quot;:&quot;AUDI AG&quot;,&quot;focal_length&quot;:&quot;0&quot;,&quot;iso&quot;:&quot;0&quot;,&quot;shutter_speed&quot;:&quot;0&quot;,&quot;title&quot;:&quot;&quot;,&quot;orientation&quot;:&quot;0&quot;}\" data-image-title=\"A226820_medium\" data-image-description=\"\" data-image-caption=\"\" data-medium-file=\"https:\/\/www.tts-freunde.de\/blog\/wp-content\/uploads\/2022\/11\/A226820_medium-300x169.jpg\" data-large-file=\"https:\/\/www.tts-freunde.de\/blog\/wp-content\/uploads\/2022\/11\/A226820_medium-1024x576.jpg\" tabindex=\"0\" role=\"button\" src=\"https:\/\/www.tts-freunde.de\/blog\/wp-content\/uploads\/2022\/11\/A226820_medium-300x169.jpg\" alt=\"\" width=\"300\" height=\"169\" class=\"size-medium wp-image-6250 alignleft\" srcset=\"https:\/\/www.tts-freunde.de\/blog\/wp-content\/uploads\/2022\/11\/A226820_medium-300x169.jpg 300w, https:\/\/www.tts-freunde.de\/blog\/wp-content\/uploads\/2022\/11\/A226820_medium-1024x576.jpg 1024w, https:\/\/www.tts-freunde.de\/blog\/wp-content\/uploads\/2022\/11\/A226820_medium-768x432.jpg 768w, https:\/\/www.tts-freunde.de\/blog\/wp-content\/uploads\/2022\/11\/A226820_medium-1536x864.jpg 1536w, https:\/\/www.tts-freunde.de\/blog\/wp-content\/uploads\/2022\/11\/A226820_medium-2048x1152.jpg 2048w, https:\/\/www.tts-freunde.de\/blog\/wp-content\/uploads\/2022\/11\/A226820_medium-50x28.jpg 50w\" sizes=\"(max-width: 300px) 100vw, 300px\" \/><\/a><\/div>\n<div class=\"page-row\">\n<div class=\"page-item--text\" id=\"item-9cabd8a8-c0c5-498e-91e8-d7a06722ef27\">\n<div class=\"text-block style-links-for-body-text\">\n<p>1932 schlie\u00dfen sich am 29. Juni auf Initiative der S\u00e4chsischen Staatsbank die damaligen Audiwerke AG, die Horchwerke AG und die Zschopauer Motorenwerke J. S. Rasmussen AG (DKW) zur Auto Union AG zusammen. Gleichzeitig wird mit der Wanderer Werke AG ein Kauf- und Pachtvertrag zur \u00dcbernahme der Wanderer Automobilabteilung abgeschlossen; Sitz des neuen Konzerns ist Chemnitz, die Verwaltung befindet sich bis 1936 im DKW-Werk Zschopau. Die Auto Union AG wird mit ihrer Gr\u00fcndung der zweitgr\u00f6\u00dfte Kraftfahrzeugkonzern in Deutschland. Das Firmensignet zeigt vier ineinander verschlungene Ringe, die f\u00fcr die unaufl\u00f6sbare Einheit der vier Gr\u00fcnderfirmen stehen. Die Markennamen Audi, DKW, Horch und Wanderer beh\u00e4lt das neue Unternehmen bei. Jede der vier Marken verantwortet innerhalb des Konzerns ein bestimmtes Marktsegment: DKW ist im Bereich Motorr\u00e4der und Kleinwagen aktiv, Wanderer baut und vertreibt Automobile der Mittelklasse, Audi bringt Automobile im gehobenen Mittelklassesegment auf den Markt und Horch steht f\u00fcr die automobile Luxus- und Oberklasse.<\/p>\n<h2>Neustart \u2013 die Vier Ringe in Bayern<\/h2>\n<p>W\u00e4hrend Sebastian Mock, Inhaber des Lehrstuhls f\u00fcr Zivil- und Unternehmensrecht an der Wirtschaftsuniversit\u00e4t Wien, auf die Folgen der Weltwirtschaftskrise f\u00fcr die deutsche Automobilindustrie und die damit verbundenen Herausforderungen bei der Gr\u00fcndung der Auto Union AG eingeht, konzentriert sich Audi-Historiker Ralf Friese auf den Neubeginn in Ingolstadt. 1945, nach Ende des Zweiten Weltkriegs, wird die in der Sowjetischen Besatzungszone gelegene Auto Union AG enteignet, die Fabrikanlagen werden demontiert und das Unternehmen 1948 aus dem Handelsregister der Stadt Chemnitz gel\u00f6scht. Bereits Ende 1945 richten f\u00fchrende Mitarbeitende der Auto Union in der Garnisonsstadt Ingolstadt zun\u00e4chst ein Depot f\u00fcr Auto Union Ersatzteile ein. Daraus entsteht am 3. September 1949\u00a0die Auto Union GmbH, die noch im gleichen Jahr die Produktion von Lieferwagen und Motorr\u00e4dern aufnimmt. Bewegte Jahrzehnte folgen, bis schlie\u00dflich in den 1980er Jahre die kontinuierliche H\u00f6herpositionierung der Marke Audi beginnt. In diesem Zuge wird der \u201eVorsprung durch Technik\u201c von Entwicklungen wie quattro, TDI, Aerodynamik in der Karosserieentwicklung oder konsequentem Leichtbau begleitet; seit 1985 tragen Produkt und Unternehmen denselben Namen.<\/p>\n<p>Dass sich die Vier Ringe und ihr Markensignet auch nach 90 Jahren neu erfinden k\u00f6nnen, zeigt Audi unl\u00e4ngst mit der <a href=\"https:\/\/www.audi-mediacenter.com\/de\/pressemitteilungen\/noch-purer-reduzierter-konsequenter-die-neuen-ringe-von-audi-15041\">Neugestaltung ebenjener Ringe<\/a> im Rahmen der Vorstellung des neuen Audi Q8 <span class=\"nowrap\">e-tron<\/span>.<\/p>\n<p>Interessierte k\u00f6nnen sich f\u00fcr den Vortrag von Sebastian Mock und Ralf Friese per E-Mail an <a href=\"mailto:museum.mobile@audi.de\" target=\"_blank\" rel=\"noopener nofollow\">museum.mobile@audi.de<\/a>oder telefonisch unter 0841\/89-91544 anmelden; Anmeldeschluss ist der 5. Dezember. Veranstaltungsbeginn am 8. Dezember ist 18:30 Uhr, Einlass ab 18:00 Uhr.<\/p>\n<\/div>\n<\/div>\n<\/div>\n","protected":false},"excerpt":{"rendered":"<p>In diesem Jahr feiert das Audi-Markensignet Vier Ringe seinen 90. Geburtstag; Anlass f\u00fcr Audi Tradition, alle, die mehr dazu erfahren wollen, zum Vortrag ins Audi museum mobile einzuladen. Am Donnerstag, 8. Dezember, haben der Wiener Professor Sebastian Mock und Audi-Historiker Ralf Friese jede Menge Geschichten zur Geschichte der Auto Union [&hellip;]<\/p>\n","protected":false},"author":1,"featured_media":6250,"comment_status":"closed","ping_status":"open","sticky":false,"template":"","format":"standard","meta":{"jetpack_post_was_ever_published":false,"_jetpack_newsletter_access":"","_jetpack_dont_email_post_to_subs":false,"_jetpack_newsletter_tier_id":0,"_jetpack_memberships_contains_paywalled_content":false,"_jetpack_memberships_contains_paid_content":false,"footnotes":"","jetpack_publicize_message":"","jetpack_publicize_feature_enabled":true,"jetpack_social_post_already_shared":true,"jetpack_social_options":{"image_generator_settings":{"template":"highway","enabled":false},"version":2}},"categories":[16],"tags":[],"class_list":["post-6249","post","type-post","status-publish","format-standard","has-post-thumbnail","hentry","category-audi-ag"],"wppr_data":{"cwp_meta_box_check":"No"},"jetpack_publicize_connections":[],"yoast_head":"<!-- This site is optimized with the Yoast SEO plugin v23.3 - https:\/\/yoast.com\/wordpress\/plugins\/seo\/ -->\n<title>Vier Ringe \u2013 zwei Redner \u2013 ein Thema: \u201e90 Jahre Auto Union AG\u201c im Audi museum mobile - Audi Blog<\/title>\n<meta name=\"robots\" content=\"index, follow, max-snippet:-1, max-image-preview:large, max-video-preview:-1\" \/>\n<link rel=\"canonical\" href=\"https:\/\/www.audi-mediacenter.com\/de\/pressemitteilungen\/vier-ringe-zwei-redner-ein-thema-90-jahre-auto-union-ag-im-audi-museum-mobile-15060\" \/>\n<meta property=\"og:locale\" content=\"de_DE\" \/>\n<meta property=\"og:type\" content=\"article\" \/>\n<meta property=\"og:title\" content=\"Vier Ringe \u2013 zwei Redner \u2013 ein Thema: \u201e90 Jahre Auto Union AG\u201c im Audi museum mobile - Audi Blog\" \/>\n<meta property=\"og:description\" content=\"In diesem Jahr feiert das Audi-Markensignet Vier Ringe seinen 90. Geburtstag; Anlass f\u00fcr Audi Tradition, alle, die mehr dazu erfahren wollen, zum Vortrag ins Audi museum mobile einzuladen. Am Donnerstag, 8. Dezember, haben der Wiener Professor Sebastian Mock und Audi-Historiker Ralf Friese jede Menge Geschichten zur Geschichte der Auto Union [&hellip;]\" \/>\n<meta property=\"og:url\" content=\"https:\/\/www.audi-mediacenter.com\/de\/pressemitteilungen\/vier-ringe-zwei-redner-ein-thema-90-jahre-auto-union-ag-im-audi-museum-mobile-15060\" \/>\n<meta property=\"og:site_name\" content=\"Audi Blog\" \/>\n<meta property=\"article:published_time\" content=\"2022-11-29T18:57:36+00:00\" \/>\n<meta property=\"og:image\" content=\"https:\/\/www.tts-freunde.de\/blog\/wp-content\/uploads\/2022\/11\/A226820_medium-scaled.jpg\" \/>\n\t<meta property=\"og:image:width\" content=\"2560\" \/>\n\t<meta property=\"og:image:height\" content=\"1440\" \/>\n\t<meta property=\"og:image:type\" content=\"image\/jpeg\" \/>\n<meta name=\"author\" content=\"admin\" \/>\n<meta name=\"twitter:card\" content=\"summary_large_image\" \/>\n<meta name=\"twitter:label1\" content=\"Verfasst von\" \/>\n\t<meta name=\"twitter:data1\" content=\"admin\" \/>\n\t<meta name=\"twitter:label2\" content=\"Gesch\u00e4tzte Lesezeit\" \/>\n\t<meta name=\"twitter:data2\" content=\"3\u00a0Minuten\" \/>\n<script type=\"application\/ld+json\" class=\"yoast-schema-graph\">{\"@context\":\"https:\/\/schema.org\",\"@graph\":[{\"@type\":\"Article\",\"@id\":\"https:\/\/www.audi-mediacenter.com\/de\/pressemitteilungen\/vier-ringe-zwei-redner-ein-thema-90-jahre-auto-union-ag-im-audi-museum-mobile-15060#article\",\"isPartOf\":{\"@id\":\"https:\/\/www.tts-freunde.de\/blog\/2022\/11\/29\/vier-ringe-zwei-redner-ein-thema-90-jahre-auto-union-ag-im-audi-museum-mobile\/\"},\"author\":{\"name\":\"admin\",\"@id\":\"https:\/\/www.tts-freunde.de\/blog\/#\/schema\/person\/b67f6a54e98f013bd281dbe05514b701\"},\"headline\":\"Vier Ringe \u2013 zwei Redner \u2013 ein Thema: \u201e90 Jahre Auto Union AG\u201c im Audi museum mobile\",\"datePublished\":\"2022-11-29T18:57:36+00:00\",\"dateModified\":\"2022-11-29T18:57:36+00:00\",\"mainEntityOfPage\":{\"@id\":\"https:\/\/www.tts-freunde.de\/blog\/2022\/11\/29\/vier-ringe-zwei-redner-ein-thema-90-jahre-auto-union-ag-im-audi-museum-mobile\/\"},\"wordCount\":478,\"publisher\":{\"@id\":\"https:\/\/www.tts-freunde.de\/blog\/#organization\"},\"image\":{\"@id\":\"https:\/\/www.audi-mediacenter.com\/de\/pressemitteilungen\/vier-ringe-zwei-redner-ein-thema-90-jahre-auto-union-ag-im-audi-museum-mobile-15060#primaryimage\"},\"thumbnailUrl\":\"https:\/\/www.tts-freunde.de\/blog\/wp-content\/uploads\/2022\/11\/A226820_medium-scaled.jpg\",\"articleSection\":[\"Audi AG\"],\"inLanguage\":\"de\"},{\"@type\":\"WebPage\",\"@id\":\"https:\/\/www.tts-freunde.de\/blog\/2022\/11\/29\/vier-ringe-zwei-redner-ein-thema-90-jahre-auto-union-ag-im-audi-museum-mobile\/\",\"url\":\"https:\/\/www.audi-mediacenter.com\/de\/pressemitteilungen\/vier-ringe-zwei-redner-ein-thema-90-jahre-auto-union-ag-im-audi-museum-mobile-15060\",\"name\":\"Vier Ringe \u2013 zwei Redner \u2013 ein Thema: \u201e90 Jahre Auto Union AG\u201c im Audi museum mobile - Audi Blog\",\"isPartOf\":{\"@id\":\"https:\/\/www.tts-freunde.de\/blog\/#website\"},\"primaryImageOfPage\":{\"@id\":\"https:\/\/www.audi-mediacenter.com\/de\/pressemitteilungen\/vier-ringe-zwei-redner-ein-thema-90-jahre-auto-union-ag-im-audi-museum-mobile-15060#primaryimage\"},\"image\":{\"@id\":\"https:\/\/www.audi-mediacenter.com\/de\/pressemitteilungen\/vier-ringe-zwei-redner-ein-thema-90-jahre-auto-union-ag-im-audi-museum-mobile-15060#primaryimage\"},\"thumbnailUrl\":\"https:\/\/www.tts-freunde.de\/blog\/wp-content\/uploads\/2022\/11\/A226820_medium-scaled.jpg\",\"datePublished\":\"2022-11-29T18:57:36+00:00\",\"dateModified\":\"2022-11-29T18:57:36+00:00\",\"breadcrumb\":{\"@id\":\"https:\/\/www.audi-mediacenter.com\/de\/pressemitteilungen\/vier-ringe-zwei-redner-ein-thema-90-jahre-auto-union-ag-im-audi-museum-mobile-15060#breadcrumb\"},\"inLanguage\":\"de\",\"potentialAction\":[{\"@type\":\"ReadAction\",\"target\":[\"https:\/\/www.audi-mediacenter.com\/de\/pressemitteilungen\/vier-ringe-zwei-redner-ein-thema-90-jahre-auto-union-ag-im-audi-museum-mobile-15060\"]}]},{\"@type\":\"ImageObject\",\"inLanguage\":\"de\",\"@id\":\"https:\/\/www.audi-mediacenter.com\/de\/pressemitteilungen\/vier-ringe-zwei-redner-ein-thema-90-jahre-auto-union-ag-im-audi-museum-mobile-15060#primaryimage\",\"url\":\"https:\/\/www.tts-freunde.de\/blog\/wp-content\/uploads\/2022\/11\/A226820_medium-scaled.jpg\",\"contentUrl\":\"https:\/\/www.tts-freunde.de\/blog\/wp-content\/uploads\/2022\/11\/A226820_medium-scaled.jpg\",\"width\":2560,\"height\":1440},{\"@type\":\"BreadcrumbList\",\"@id\":\"https:\/\/www.audi-mediacenter.com\/de\/pressemitteilungen\/vier-ringe-zwei-redner-ein-thema-90-jahre-auto-union-ag-im-audi-museum-mobile-15060#breadcrumb\",\"itemListElement\":[{\"@type\":\"ListItem\",\"position\":1,\"name\":\"Home\",\"item\":\"https:\/\/www.tts-freunde.de\/blog\/\"},{\"@type\":\"ListItem\",\"position\":2,\"name\":\"Vier Ringe \u2013 zwei Redner \u2013 ein Thema: \u201e90 Jahre Auto Union AG\u201c im Audi museum mobile\"}]},{\"@type\":\"WebSite\",\"@id\":\"https:\/\/www.tts-freunde.de\/blog\/#website\",\"url\":\"https:\/\/www.tts-freunde.de\/blog\/\",\"name\":\"Audi Blog\",\"description\":\"Deutscher Audi Blog - TTS-Freunde\",\"publisher\":{\"@id\":\"https:\/\/www.tts-freunde.de\/blog\/#organization\"},\"potentialAction\":[{\"@type\":\"SearchAction\",\"target\":{\"@type\":\"EntryPoint\",\"urlTemplate\":\"https:\/\/www.tts-freunde.de\/blog\/?s={search_term_string}\"},\"query-input\":\"required name=search_term_string\"}],\"inLanguage\":\"de\"},{\"@type\":\"Organization\",\"@id\":\"https:\/\/www.tts-freunde.de\/blog\/#organization\",\"name\":\"Audi Blog\",\"url\":\"https:\/\/www.tts-freunde.de\/blog\/\",\"logo\":{\"@type\":\"ImageObject\",\"inLanguage\":\"de\",\"@id\":\"https:\/\/www.tts-freunde.de\/blog\/#\/schema\/logo\/image\/\",\"url\":\"https:\/\/www.tts-freunde.de\/blog\/wp-content\/uploads\/2022\/12\/logo_2022.jpg\",\"contentUrl\":\"https:\/\/www.tts-freunde.de\/blog\/wp-content\/uploads\/2022\/12\/logo_2022.jpg\",\"width\":240,\"height\":41,\"caption\":\"Audi Blog\"},\"image\":{\"@id\":\"https:\/\/www.tts-freunde.de\/blog\/#\/schema\/logo\/image\/\"}},{\"@type\":\"Person\",\"@id\":\"https:\/\/www.tts-freunde.de\/blog\/#\/schema\/person\/b67f6a54e98f013bd281dbe05514b701\",\"name\":\"admin\",\"image\":{\"@type\":\"ImageObject\",\"inLanguage\":\"de\",\"@id\":\"https:\/\/www.tts-freunde.de\/blog\/#\/schema\/person\/image\/\",\"url\":\"https:\/\/secure.gravatar.com\/avatar\/08a4bd330e25056ddb430c28136b38a6?s=96&d=mm&r=g\",\"contentUrl\":\"https:\/\/secure.gravatar.com\/avatar\/08a4bd330e25056ddb430c28136b38a6?s=96&d=mm&r=g\",\"caption\":\"admin\"},\"sameAs\":[\"http:\/\/www.tts-freunde.de\"],\"url\":\"https:\/\/www.tts-freunde.de\/blog\/author\/admin\/\"}]}<\/script>\n<!-- \/ Yoast SEO plugin. -->","yoast_head_json":{"title":"Vier Ringe \u2013 zwei Redner \u2013 ein Thema: \u201e90 Jahre Auto Union AG\u201c im Audi museum mobile - Audi Blog","robots":{"index":"index","follow":"follow","max-snippet":"max-snippet:-1","max-image-preview":"max-image-preview:large","max-video-preview":"max-video-preview:-1"},"canonical":"https:\/\/www.audi-mediacenter.com\/de\/pressemitteilungen\/vier-ringe-zwei-redner-ein-thema-90-jahre-auto-union-ag-im-audi-museum-mobile-15060","og_locale":"de_DE","og_type":"article","og_title":"Vier Ringe \u2013 zwei Redner \u2013 ein Thema: \u201e90 Jahre Auto Union AG\u201c im Audi museum mobile - Audi Blog","og_description":"In diesem Jahr feiert das Audi-Markensignet Vier Ringe seinen 90. Geburtstag; Anlass f\u00fcr Audi Tradition, alle, die mehr dazu erfahren wollen, zum Vortrag ins Audi museum mobile einzuladen. Am Donnerstag, 8. Dezember, haben der Wiener Professor Sebastian Mock und Audi-Historiker Ralf Friese jede Menge Geschichten zur Geschichte der Auto Union [&hellip;]","og_url":"https:\/\/www.audi-mediacenter.com\/de\/pressemitteilungen\/vier-ringe-zwei-redner-ein-thema-90-jahre-auto-union-ag-im-audi-museum-mobile-15060","og_site_name":"Audi Blog","article_published_time":"2022-11-29T18:57:36+00:00","og_image":[{"width":2560,"height":1440,"url":"https:\/\/www.tts-freunde.de\/blog\/wp-content\/uploads\/2022\/11\/A226820_medium-scaled.jpg","type":"image\/jpeg"}],"author":"admin","twitter_card":"summary_large_image","twitter_misc":{"Verfasst von":"admin","Gesch\u00e4tzte Lesezeit":"3\u00a0Minuten"},"schema":{"@context":"https:\/\/schema.org","@graph":[{"@type":"Article","@id":"https:\/\/www.audi-mediacenter.com\/de\/pressemitteilungen\/vier-ringe-zwei-redner-ein-thema-90-jahre-auto-union-ag-im-audi-museum-mobile-15060#article","isPartOf":{"@id":"https:\/\/www.tts-freunde.de\/blog\/2022\/11\/29\/vier-ringe-zwei-redner-ein-thema-90-jahre-auto-union-ag-im-audi-museum-mobile\/"},"author":{"name":"admin","@id":"https:\/\/www.tts-freunde.de\/blog\/#\/schema\/person\/b67f6a54e98f013bd281dbe05514b701"},"headline":"Vier Ringe \u2013 zwei Redner \u2013 ein Thema: \u201e90 Jahre Auto Union AG\u201c im Audi museum mobile","datePublished":"2022-11-29T18:57:36+00:00","dateModified":"2022-11-29T18:57:36+00:00","mainEntityOfPage":{"@id":"https:\/\/www.tts-freunde.de\/blog\/2022\/11\/29\/vier-ringe-zwei-redner-ein-thema-90-jahre-auto-union-ag-im-audi-museum-mobile\/"},"wordCount":478,"publisher":{"@id":"https:\/\/www.tts-freunde.de\/blog\/#organization"},"image":{"@id":"https:\/\/www.audi-mediacenter.com\/de\/pressemitteilungen\/vier-ringe-zwei-redner-ein-thema-90-jahre-auto-union-ag-im-audi-museum-mobile-15060#primaryimage"},"thumbnailUrl":"https:\/\/www.tts-freunde.de\/blog\/wp-content\/uploads\/2022\/11\/A226820_medium-scaled.jpg","articleSection":["Audi AG"],"inLanguage":"de"},{"@type":"WebPage","@id":"https:\/\/www.tts-freunde.de\/blog\/2022\/11\/29\/vier-ringe-zwei-redner-ein-thema-90-jahre-auto-union-ag-im-audi-museum-mobile\/","url":"https:\/\/www.audi-mediacenter.com\/de\/pressemitteilungen\/vier-ringe-zwei-redner-ein-thema-90-jahre-auto-union-ag-im-audi-museum-mobile-15060","name":"Vier Ringe \u2013 zwei Redner \u2013 ein Thema: \u201e90 Jahre Auto Union AG\u201c im Audi museum mobile - Audi Blog","isPartOf":{"@id":"https:\/\/www.tts-freunde.de\/blog\/#website"},"primaryImageOfPage":{"@id":"https:\/\/www.audi-mediacenter.com\/de\/pressemitteilungen\/vier-ringe-zwei-redner-ein-thema-90-jahre-auto-union-ag-im-audi-museum-mobile-15060#primaryimage"},"image":{"@id":"https:\/\/www.audi-mediacenter.com\/de\/pressemitteilungen\/vier-ringe-zwei-redner-ein-thema-90-jahre-auto-union-ag-im-audi-museum-mobile-15060#primaryimage"},"thumbnailUrl":"https:\/\/www.tts-freunde.de\/blog\/wp-content\/uploads\/2022\/11\/A226820_medium-scaled.jpg","datePublished":"2022-11-29T18:57:36+00:00","dateModified":"2022-11-29T18:57:36+00:00","breadcrumb":{"@id":"https:\/\/www.audi-mediacenter.com\/de\/pressemitteilungen\/vier-ringe-zwei-redner-ein-thema-90-jahre-auto-union-ag-im-audi-museum-mobile-15060#breadcrumb"},"inLanguage":"de","potentialAction":[{"@type":"ReadAction","target":["https:\/\/www.audi-mediacenter.com\/de\/pressemitteilungen\/vier-ringe-zwei-redner-ein-thema-90-jahre-auto-union-ag-im-audi-museum-mobile-15060"]}]},{"@type":"ImageObject","inLanguage":"de","@id":"https:\/\/www.audi-mediacenter.com\/de\/pressemitteilungen\/vier-ringe-zwei-redner-ein-thema-90-jahre-auto-union-ag-im-audi-museum-mobile-15060#primaryimage","url":"https:\/\/www.tts-freunde.de\/blog\/wp-content\/uploads\/2022\/11\/A226820_medium-scaled.jpg","contentUrl":"https:\/\/www.tts-freunde.de\/blog\/wp-content\/uploads\/2022\/11\/A226820_medium-scaled.jpg","width":2560,"height":1440},{"@type":"BreadcrumbList","@id":"https:\/\/www.audi-mediacenter.com\/de\/pressemitteilungen\/vier-ringe-zwei-redner-ein-thema-90-jahre-auto-union-ag-im-audi-museum-mobile-15060#breadcrumb","itemListElement":[{"@type":"ListItem","position":1,"name":"Home","item":"https:\/\/www.tts-freunde.de\/blog\/"},{"@type":"ListItem","position":2,"name":"Vier Ringe \u2013 zwei Redner \u2013 ein Thema: \u201e90 Jahre Auto Union AG\u201c im Audi museum mobile"}]},{"@type":"WebSite","@id":"https:\/\/www.tts-freunde.de\/blog\/#website","url":"https:\/\/www.tts-freunde.de\/blog\/","name":"Audi Blog","description":"Deutscher Audi Blog - TTS-Freunde","publisher":{"@id":"https:\/\/www.tts-freunde.de\/blog\/#organization"},"potentialAction":[{"@type":"SearchAction","target":{"@type":"EntryPoint","urlTemplate":"https:\/\/www.tts-freunde.de\/blog\/?s={search_term_string}"},"query-input":"required name=search_term_string"}],"inLanguage":"de"},{"@type":"Organization","@id":"https:\/\/www.tts-freunde.de\/blog\/#organization","name":"Audi Blog","url":"https:\/\/www.tts-freunde.de\/blog\/","logo":{"@type":"ImageObject","inLanguage":"de","@id":"https:\/\/www.tts-freunde.de\/blog\/#\/schema\/logo\/image\/","url":"https:\/\/www.tts-freunde.de\/blog\/wp-content\/uploads\/2022\/12\/logo_2022.jpg","contentUrl":"https:\/\/www.tts-freunde.de\/blog\/wp-content\/uploads\/2022\/12\/logo_2022.jpg","width":240,"height":41,"caption":"Audi Blog"},"image":{"@id":"https:\/\/www.tts-freunde.de\/blog\/#\/schema\/logo\/image\/"}},{"@type":"Person","@id":"https:\/\/www.tts-freunde.de\/blog\/#\/schema\/person\/b67f6a54e98f013bd281dbe05514b701","name":"admin","image":{"@type":"ImageObject","inLanguage":"de","@id":"https:\/\/www.tts-freunde.de\/blog\/#\/schema\/person\/image\/","url":"https:\/\/secure.gravatar.com\/avatar\/08a4bd330e25056ddb430c28136b38a6?s=96&d=mm&r=g","contentUrl":"https:\/\/secure.gravatar.com\/avatar\/08a4bd330e25056ddb430c28136b38a6?s=96&d=mm&r=g","caption":"admin"},"sameAs":["http:\/\/www.tts-freunde.de"],"url":"https:\/\/www.tts-freunde.de\/blog\/author\/admin\/"}]}},"jetpack_sharing_enabled":true,"jetpack_featured_media_url":"https:\/\/www.tts-freunde.de\/blog\/wp-content\/uploads\/2022\/11\/A226820_medium-scaled.jpg","jetpack_shortlink":"https:\/\/wp.me\/p67hWW-1CN","jetpack_likes_enabled":false,"jetpack-related-posts":[],"_links":{"self":[{"href":"https:\/\/www.tts-freunde.de\/blog\/wp-json\/wp\/v2\/posts\/6249"}],"collection":[{"href":"https:\/\/www.tts-freunde.de\/blog\/wp-json\/wp\/v2\/posts"}],"about":[{"href":"https:\/\/www.tts-freunde.de\/blog\/wp-json\/wp\/v2\/types\/post"}],"author":[{"embeddable":true,"href":"https:\/\/www.tts-freunde.de\/blog\/wp-json\/wp\/v2\/users\/1"}],"replies":[{"embeddable":true,"href":"https:\/\/www.tts-freunde.de\/blog\/wp-json\/wp\/v2\/comments?post=6249"}],"version-history":[{"count":1,"href":"https:\/\/www.tts-freunde.de\/blog\/wp-json\/wp\/v2\/posts\/6249\/revisions"}],"predecessor-version":[{"id":6251,"href":"https:\/\/www.tts-freunde.de\/blog\/wp-json\/wp\/v2\/posts\/6249\/revisions\/6251"}],"wp:featuredmedia":[{"embeddable":true,"href":"https:\/\/www.tts-freunde.de\/blog\/wp-json\/wp\/v2\/media\/6250"}],"wp:attachment":[{"href":"https:\/\/www.tts-freunde.de\/blog\/wp-json\/wp\/v2\/media?parent=6249"}],"wp:term":[{"taxonomy":"category","embeddable":true,"href":"https:\/\/www.tts-freunde.de\/blog\/wp-json\/wp\/v2\/categories?post=6249"},{"taxonomy":"post_tag","embeddable":true,"href":"https:\/\/www.tts-freunde.de\/blog\/wp-json\/wp\/v2\/tags?post=6249"}],"curies":[{"name":"wp","href":"https:\/\/api.w.org\/{rel}","templated":true}]}}