{"id":6541,"date":"2023-01-03T16:56:58","date_gmt":"2023-01-03T15:56:58","guid":{"rendered":"https:\/\/www.tts-freunde.de\/blog\/?p=6541"},"modified":"2023-01-03T16:56:58","modified_gmt":"2023-01-03T15:56:58","slug":"20-jahre-audi-rs-6-mehr-als-meinen-rs-6-brauche-ich-nicht","status":"publish","type":"post","link":"https:\/\/www.tts-freunde.de\/blog\/2023\/01\/03\/20-jahre-audi-rs-6-mehr-als-meinen-rs-6-brauche-ich-nicht\/","title":{"rendered":"20 Jahre Audi RS 6: \u201eMehr als meinen RS 6 brauche ich nicht!\u201c"},"content":{"rendered":"<div class=\"page-row\">\n<div class=\"page-item--intro\" id=\"item-1c55a028-7ff5-446f-b1f3-76fa73c9d1f0\">\n<div class=\"intro-text\">\n<p>Audi feiert dieses Jahr den 20. Geburtstag des RS 6 Avant. Hotelier Andreas Fehlberger aus Erding bei M\u00fcnchen sitzt seit ebenfalls 20 Jahren hinter dem Steuer von RS-Modellen. Im Interview erz\u00e4hlt er, was ihn im sprichw\u00f6rtlichen Sinn bewegt und warum er neben seinem 600-PS-Kombi kein weiteres Auto in der Garage braucht.<\/p>\n<\/div>\n<\/div>\n<\/div>\n<div class=\"page-row-spacer -intro\">\n<div id=\"attachment_6542\" style=\"width: 760px\" class=\"wp-caption aligncenter\"><a href=\"https:\/\/www.tts-freunde.de\/blog\/wp-content\/uploads\/2023\/01\/A227226_medium.jpg\"><img loading=\"lazy\" decoding=\"async\" aria-describedby=\"caption-attachment-6542\" data-attachment-id=\"6542\" data-permalink=\"https:\/\/www.tts-freunde.de\/blog\/2023\/01\/03\/20-jahre-audi-rs-6-mehr-als-meinen-rs-6-brauche-ich-nicht\/a227226_medium\/\" data-orig-file=\"https:\/\/www.tts-freunde.de\/blog\/wp-content\/uploads\/2023\/01\/A227226_medium.jpg\" data-orig-size=\"1920,1080\" data-comments-opened=\"0\" data-image-meta=\"{&quot;aperture&quot;:&quot;0&quot;,&quot;credit&quot;:&quot;&quot;,&quot;camera&quot;:&quot;&quot;,&quot;caption&quot;:&quot;&quot;,&quot;created_timestamp&quot;:&quot;0&quot;,&quot;copyright&quot;:&quot;AUDI AG&quot;,&quot;focal_length&quot;:&quot;0&quot;,&quot;iso&quot;:&quot;0&quot;,&quot;shutter_speed&quot;:&quot;0&quot;,&quot;title&quot;:&quot;&quot;,&quot;orientation&quot;:&quot;0&quot;}\" data-image-title=\"Audi RS6\" data-image-description=\"&lt;p&gt;Audi RS6&lt;\/p&gt;\n\" data-image-caption=\"&lt;p&gt;Audi RS6&lt;\/p&gt;\n\" data-medium-file=\"https:\/\/www.tts-freunde.de\/blog\/wp-content\/uploads\/2023\/01\/A227226_medium-300x169.jpg\" data-large-file=\"https:\/\/www.tts-freunde.de\/blog\/wp-content\/uploads\/2023\/01\/A227226_medium-1024x576.jpg\" tabindex=\"0\" role=\"button\" src=\"https:\/\/www.tts-freunde.de\/blog\/wp-content\/uploads\/2023\/01\/A227226_medium-1024x576.jpg\" alt=\"Audi RS6\" width=\"750\" height=\"422\" class=\"size-large wp-image-6542\" srcset=\"https:\/\/www.tts-freunde.de\/blog\/wp-content\/uploads\/2023\/01\/A227226_medium-1024x576.jpg 1024w, https:\/\/www.tts-freunde.de\/blog\/wp-content\/uploads\/2023\/01\/A227226_medium-300x169.jpg 300w, https:\/\/www.tts-freunde.de\/blog\/wp-content\/uploads\/2023\/01\/A227226_medium-768x432.jpg 768w, https:\/\/www.tts-freunde.de\/blog\/wp-content\/uploads\/2023\/01\/A227226_medium-1536x864.jpg 1536w, https:\/\/www.tts-freunde.de\/blog\/wp-content\/uploads\/2023\/01\/A227226_medium-50x28.jpg 50w, https:\/\/www.tts-freunde.de\/blog\/wp-content\/uploads\/2023\/01\/A227226_medium.jpg 1920w\" sizes=\"(max-width: 750px) 100vw, 750px\" \/><\/a><p id=\"caption-attachment-6542\" class=\"wp-caption-text\">Audi RS6<\/p><\/div>\n<\/div>\n<div class=\"page-row\">\n<div class=\"page-item--text\" id=\"item-07478946-85d7-4fe7-8f33-fa5ff906eaf4\">\n<div class=\"text-block style-links-for-body-text\">\n<p><strong>Herr Fehlberger, Sie sind gerade 40 und fahren seit 20 Jahren RS-Modelle, aktuell einen RS 6 Avant. Warum die Markentreue?<\/strong><\/p>\n<p><strong>Andreas Fehlberger:<\/strong> Das ging los mit einem Erlebnis w\u00e4hrend meiner Ausbildung. Ich durfte den RS 4 meines Chefs bewegen \u2013 da war es um mich geschehen. Ich mochte Kombis einfach schon immer und mit dem RS 6 habe ich den Wagen f\u00fcr jede Lebenslage. Ich nutze das Auto oft auch zum Einkaufen beim Gro\u00dfmarkt \u2013 Platz genug ist ja vorhanden. Au\u00dferdem wollte ich immer etwas Spezielles haben, nie ein Auto und auch keine Farbe von der Stange. Mein erster RS war im Jahr 2002 ein RS 4 der Generation B5 in Daytonagrau Perleffekt. Dann hatte ich zwei RS 5, einen in Suzukagrau Metallic und einen in Ipanemabraun Metallic. Letztlich bin ich dann beim RS 6 gelandet, einem C7 in Austingelb Metallic. Jetzt fahre ich einen RS 6 der aktuellen Generation C8 in Beere Perleffekt.<\/p>\n<p><strong>Sie sind offensichtlich ein Freund der Individuallackierung. Davon abgesehen, wie stehen Sie zur aktuellen Designsprache des RS 6 Avant?<br \/>\n<\/strong><\/p>\n<p><strong>Fehlberger:<\/strong> Das ist genau der richtige Weg. Wenn es nach mir ginge, d\u00fcrfte der RS 6 sogar einen noch sch\u00e4rferen Auftritt haben. Der C7 war ja etwas braver, von au\u00dfen betrachtet, und der C8 mit seinen noch dickeren Backen, dem Carbonpaket und der 22-Zoll-Bereifung, die ich Winter wie Sommer fahre, ist genau mein Auto. Kleine R\u00e4der sind f\u00fcr mich ein K.-o.-Kriterium (lacht).<\/p>\n<p><strong>\u00dcber die Jahre ist Leistung in fast allen Segmenten stetig gestiegen, Ihr RS 6 Avant bringt es auf 600 PS. Ist das zeitgem\u00e4\u00df?<br \/>\n<\/strong><\/p>\n<p><strong>Fehlberger:<\/strong> Hier k\u00f6nnten wir eine Grundsatzdiskussion starten, ganz sicher. Ich sch\u00e4tze die Leistung, wenn ich sie brauche, fahre aber nat\u00fcrlich nicht immer auf der letzten Rille, den Gro\u00dfteil der Zeit eher komfortabel. Sprit ist aktuell auch ein gro\u00dfes Thema, gerade wenn der Liter mehr als zwei Euro kostet. Ich komme im Schnitt mit elf, zw\u00f6lf Litern 100 Kilometer weit. Unter zehn schaffe ich hin und wieder auch, wenn ich im efficiency-Modus unterwegs bin.<\/p>\n<p><strong>Gibt es gelegentlich Ausfl\u00fcge auf die Rennstrecke?<\/strong><\/p>\n<p><strong>Fehlberger:<\/strong> Nein, aus eigenen St\u00fccken forciere ich das nicht. Ich war j\u00fcngst in Italien, da fahre ich gerne mal die P\u00e4sse hoch und runter. Im Grunde aber bin ich Genussfahrer. Mir ist wichtig, dass ich ein Auto mit dieser Leistung zu beherrschen wei\u00df. Deshalb nehme ich an Trainings auf der Rennstrecke teil, wenn sich die Gelegenheit ergibt.<\/p>\n<p><strong>Blicken wir ein paar Jahre in die Zukunft. W\u00fcrden Sie einen teilelektrischen RS 6 Avant fahren?<\/strong><\/p>\n<p><strong>Fehlberger:<\/strong> Ich sag es mal so: Dagegen bin ich nicht, aber Optik und Erlebnis m\u00fcssen stimmen, auf einem Niveau mit meinem RS 6 sein. Rein elektrisch sehe ich mich auf der Stra\u00dfe noch nicht.<\/p>\n<p><strong>Zur\u00fcck zu Ihrem RS 6 Avant. Ist das Ihr einziges Auto?\u00a0<\/strong><\/p>\n<p><strong>Fehlberger:<\/strong> Ja, denn mehr als den RS 6 brauche ich nicht, auch samstags und sonntags steige ich ausschlie\u00dflich in meinen RS. Wie ich eben erw\u00e4hnt habe, ist der Wagen f\u00fcr mich der beste Allrounder, sozusagen die eierlegende Wollmilchsau. Power ohne Ende, Platz f\u00fcr die ganze Familie und ein \u00fcberragender Auftritt. Der quattro-Allradantrieb war auch ein wichtiges Kriterium f\u00fcr mich, h\u00e4tte der Wagen Hinterradantrieb, h\u00e4tte ich was anderes gekauft. Die RS-Keramikbremsanlage ist f\u00fcr mich ein absolutes Must-Have und das Laserlicht und die Heckleuchten faszinieren mich immer wieder aufs Neue, gerade das Lichtspiel beim Auf- und Zuschlie\u00dfen. Ich bin aber auch ein gro\u00dfer Freund der Sound-Anlage von Bang und Olufsen.<\/p>\n<p><strong>Wie reagiert Ihr Umfeld auf den RS 6 Avant?<\/strong><\/p>\n<p><strong>Fehlberger:<\/strong> Im vergangenen Jahr ist mir in M\u00fcnchen jemand auf dem Fahrrad hinterhergeeilt und hat mich an der roten Ampel gefragt, ob er ein paar Bilder schie\u00dfen d\u00fcrfe. Es liegt wahrscheinlich an der Farbe, den riesigen R\u00e4dern oder dem insgesamt stattlichen Auftritt. Es liegt vielleicht aber auch daran, dass der Wagen in der Kombi-Nation Deutschland per se einfach gut ankommt.<\/p>\n<p><strong>Gibt es etwas, dass Sie an Ihrem RS 6 Avant vermissen und eventuell vom Nachfolger erwarten?<\/strong><\/p>\n<p><strong>Fehlberger:<\/strong> Die Massagesitze h\u00e4tte ich mir noch g\u00f6nnen sollen und vielleicht etwas mehr Sound (lacht). Freuen w\u00fcrde mich tats\u00e4chlich, wenn der n\u00e4chste RS 6 das Thema Licht mit OLEDs noch mehr in den Fokus r\u00fcckt.<\/p>\n<\/div>\n<\/div>\n<\/div>\n","protected":false},"excerpt":{"rendered":"<p>Audi feiert dieses Jahr den 20. Geburtstag des RS 6 Avant. Hotelier Andreas Fehlberger aus Erding bei M\u00fcnchen sitzt seit ebenfalls 20 Jahren hinter dem Steuer von RS-Modellen. Im Interview erz\u00e4hlt er, was ihn im sprichw\u00f6rtlichen Sinn bewegt und warum er neben seinem 600-PS-Kombi kein weiteres Auto in der Garage [&hellip;]<\/p>\n","protected":false},"author":1,"featured_media":6542,"comment_status":"closed","ping_status":"open","sticky":false,"template":"","format":"standard","meta":{"jetpack_post_was_ever_published":false,"_jetpack_newsletter_access":"","_jetpack_dont_email_post_to_subs":false,"_jetpack_newsletter_tier_id":0,"_jetpack_memberships_contains_paywalled_content":false,"_jetpack_memberships_contains_paid_content":false,"footnotes":"","jetpack_publicize_message":"","jetpack_publicize_feature_enabled":true,"jetpack_social_post_already_shared":true,"jetpack_social_options":{"image_generator_settings":{"template":"highway","enabled":false},"version":2}},"categories":[10],"tags":[],"class_list":["post-6541","post","type-post","status-publish","format-standard","has-post-thumbnail","hentry","category-a6-s6-rs6"],"wppr_data":{"cwp_meta_box_check":"No"},"jetpack_publicize_connections":[],"yoast_head":"<!-- This site is optimized with the Yoast SEO plugin v23.3 - https:\/\/yoast.com\/wordpress\/plugins\/seo\/ -->\n<title>20 Jahre Audi RS 6: \u201eMehr als meinen RS 6 brauche ich nicht!\u201c - Audi Blog<\/title>\n<meta name=\"robots\" content=\"index, follow, max-snippet:-1, max-image-preview:large, max-video-preview:-1\" \/>\n<link rel=\"canonical\" href=\"https:\/\/www.audi-mediacenter.com\/de\/pressemitteilungen\/20-jahre-audi-rs-6-mehr-als-meinen-rs-6-brauche-ich-nicht-15138\" \/>\n<meta property=\"og:locale\" content=\"de_DE\" \/>\n<meta property=\"og:type\" content=\"article\" \/>\n<meta property=\"og:title\" content=\"20 Jahre Audi RS 6: \u201eMehr als meinen RS 6 brauche ich nicht!\u201c - Audi Blog\" \/>\n<meta property=\"og:description\" content=\"Audi feiert dieses Jahr den 20. Geburtstag des RS 6 Avant. Hotelier Andreas Fehlberger aus Erding bei M\u00fcnchen sitzt seit ebenfalls 20 Jahren hinter dem Steuer von RS-Modellen. Im Interview erz\u00e4hlt er, was ihn im sprichw\u00f6rtlichen Sinn bewegt und warum er neben seinem 600-PS-Kombi kein weiteres Auto in der Garage [&hellip;]\" \/>\n<meta property=\"og:url\" content=\"https:\/\/www.audi-mediacenter.com\/de\/pressemitteilungen\/20-jahre-audi-rs-6-mehr-als-meinen-rs-6-brauche-ich-nicht-15138\" \/>\n<meta property=\"og:site_name\" content=\"Audi Blog\" \/>\n<meta property=\"article:published_time\" content=\"2023-01-03T15:56:58+00:00\" \/>\n<meta property=\"og:image\" content=\"https:\/\/www.tts-freunde.de\/blog\/wp-content\/uploads\/2023\/01\/A227226_medium.jpg\" \/>\n\t<meta property=\"og:image:width\" content=\"1920\" \/>\n\t<meta property=\"og:image:height\" content=\"1080\" \/>\n\t<meta property=\"og:image:type\" content=\"image\/jpeg\" \/>\n<meta name=\"author\" content=\"admin\" \/>\n<meta name=\"twitter:card\" content=\"summary_large_image\" \/>\n<meta name=\"twitter:label1\" content=\"Verfasst von\" \/>\n\t<meta name=\"twitter:data1\" content=\"admin\" \/>\n\t<meta name=\"twitter:label2\" content=\"Gesch\u00e4tzte Lesezeit\" \/>\n\t<meta name=\"twitter:data2\" content=\"5\u00a0Minuten\" \/>\n<script type=\"application\/ld+json\" class=\"yoast-schema-graph\">{\"@context\":\"https:\/\/schema.org\",\"@graph\":[{\"@type\":\"Article\",\"@id\":\"https:\/\/www.audi-mediacenter.com\/de\/pressemitteilungen\/20-jahre-audi-rs-6-mehr-als-meinen-rs-6-brauche-ich-nicht-15138#article\",\"isPartOf\":{\"@id\":\"https:\/\/www.tts-freunde.de\/blog\/2023\/01\/03\/20-jahre-audi-rs-6-mehr-als-meinen-rs-6-brauche-ich-nicht\/\"},\"author\":{\"name\":\"admin\",\"@id\":\"https:\/\/www.tts-freunde.de\/blog\/#\/schema\/person\/b67f6a54e98f013bd281dbe05514b701\"},\"headline\":\"20 Jahre Audi RS 6: \u201eMehr als meinen RS 6 brauche ich nicht!\u201c\",\"datePublished\":\"2023-01-03T15:56:58+00:00\",\"dateModified\":\"2023-01-03T15:56:58+00:00\",\"mainEntityOfPage\":{\"@id\":\"https:\/\/www.tts-freunde.de\/blog\/2023\/01\/03\/20-jahre-audi-rs-6-mehr-als-meinen-rs-6-brauche-ich-nicht\/\"},\"wordCount\":775,\"publisher\":{\"@id\":\"https:\/\/www.tts-freunde.de\/blog\/#organization\"},\"image\":{\"@id\":\"https:\/\/www.audi-mediacenter.com\/de\/pressemitteilungen\/20-jahre-audi-rs-6-mehr-als-meinen-rs-6-brauche-ich-nicht-15138#primaryimage\"},\"thumbnailUrl\":\"https:\/\/www.tts-freunde.de\/blog\/wp-content\/uploads\/2023\/01\/A227226_medium.jpg\",\"articleSection\":[\"A6 - S6 - RS6\"],\"inLanguage\":\"de\"},{\"@type\":\"WebPage\",\"@id\":\"https:\/\/www.tts-freunde.de\/blog\/2023\/01\/03\/20-jahre-audi-rs-6-mehr-als-meinen-rs-6-brauche-ich-nicht\/\",\"url\":\"https:\/\/www.audi-mediacenter.com\/de\/pressemitteilungen\/20-jahre-audi-rs-6-mehr-als-meinen-rs-6-brauche-ich-nicht-15138\",\"name\":\"20 Jahre Audi RS 6: \u201eMehr als meinen RS 6 brauche ich nicht!\u201c - Audi Blog\",\"isPartOf\":{\"@id\":\"https:\/\/www.tts-freunde.de\/blog\/#website\"},\"primaryImageOfPage\":{\"@id\":\"https:\/\/www.audi-mediacenter.com\/de\/pressemitteilungen\/20-jahre-audi-rs-6-mehr-als-meinen-rs-6-brauche-ich-nicht-15138#primaryimage\"},\"image\":{\"@id\":\"https:\/\/www.audi-mediacenter.com\/de\/pressemitteilungen\/20-jahre-audi-rs-6-mehr-als-meinen-rs-6-brauche-ich-nicht-15138#primaryimage\"},\"thumbnailUrl\":\"https:\/\/www.tts-freunde.de\/blog\/wp-content\/uploads\/2023\/01\/A227226_medium.jpg\",\"datePublished\":\"2023-01-03T15:56:58+00:00\",\"dateModified\":\"2023-01-03T15:56:58+00:00\",\"breadcrumb\":{\"@id\":\"https:\/\/www.audi-mediacenter.com\/de\/pressemitteilungen\/20-jahre-audi-rs-6-mehr-als-meinen-rs-6-brauche-ich-nicht-15138#breadcrumb\"},\"inLanguage\":\"de\",\"potentialAction\":[{\"@type\":\"ReadAction\",\"target\":[\"https:\/\/www.audi-mediacenter.com\/de\/pressemitteilungen\/20-jahre-audi-rs-6-mehr-als-meinen-rs-6-brauche-ich-nicht-15138\"]}]},{\"@type\":\"ImageObject\",\"inLanguage\":\"de\",\"@id\":\"https:\/\/www.audi-mediacenter.com\/de\/pressemitteilungen\/20-jahre-audi-rs-6-mehr-als-meinen-rs-6-brauche-ich-nicht-15138#primaryimage\",\"url\":\"https:\/\/www.tts-freunde.de\/blog\/wp-content\/uploads\/2023\/01\/A227226_medium.jpg\",\"contentUrl\":\"https:\/\/www.tts-freunde.de\/blog\/wp-content\/uploads\/2023\/01\/A227226_medium.jpg\",\"width\":1920,\"height\":1080,\"caption\":\"Audi RS6\"},{\"@type\":\"BreadcrumbList\",\"@id\":\"https:\/\/www.audi-mediacenter.com\/de\/pressemitteilungen\/20-jahre-audi-rs-6-mehr-als-meinen-rs-6-brauche-ich-nicht-15138#breadcrumb\",\"itemListElement\":[{\"@type\":\"ListItem\",\"position\":1,\"name\":\"Home\",\"item\":\"https:\/\/www.tts-freunde.de\/blog\/\"},{\"@type\":\"ListItem\",\"position\":2,\"name\":\"20 Jahre Audi RS 6: \u201eMehr als meinen RS 6 brauche ich nicht!\u201c\"}]},{\"@type\":\"WebSite\",\"@id\":\"https:\/\/www.tts-freunde.de\/blog\/#website\",\"url\":\"https:\/\/www.tts-freunde.de\/blog\/\",\"name\":\"Audi Blog\",\"description\":\"Deutscher Audi Blog - TTS-Freunde\",\"publisher\":{\"@id\":\"https:\/\/www.tts-freunde.de\/blog\/#organization\"},\"potentialAction\":[{\"@type\":\"SearchAction\",\"target\":{\"@type\":\"EntryPoint\",\"urlTemplate\":\"https:\/\/www.tts-freunde.de\/blog\/?s={search_term_string}\"},\"query-input\":\"required name=search_term_string\"}],\"inLanguage\":\"de\"},{\"@type\":\"Organization\",\"@id\":\"https:\/\/www.tts-freunde.de\/blog\/#organization\",\"name\":\"Audi Blog\",\"url\":\"https:\/\/www.tts-freunde.de\/blog\/\",\"logo\":{\"@type\":\"ImageObject\",\"inLanguage\":\"de\",\"@id\":\"https:\/\/www.tts-freunde.de\/blog\/#\/schema\/logo\/image\/\",\"url\":\"https:\/\/www.tts-freunde.de\/blog\/wp-content\/uploads\/2022\/12\/logo_2022.jpg\",\"contentUrl\":\"https:\/\/www.tts-freunde.de\/blog\/wp-content\/uploads\/2022\/12\/logo_2022.jpg\",\"width\":240,\"height\":41,\"caption\":\"Audi Blog\"},\"image\":{\"@id\":\"https:\/\/www.tts-freunde.de\/blog\/#\/schema\/logo\/image\/\"}},{\"@type\":\"Person\",\"@id\":\"https:\/\/www.tts-freunde.de\/blog\/#\/schema\/person\/b67f6a54e98f013bd281dbe05514b701\",\"name\":\"admin\",\"image\":{\"@type\":\"ImageObject\",\"inLanguage\":\"de\",\"@id\":\"https:\/\/www.tts-freunde.de\/blog\/#\/schema\/person\/image\/\",\"url\":\"https:\/\/secure.gravatar.com\/avatar\/08a4bd330e25056ddb430c28136b38a6?s=96&d=mm&r=g\",\"contentUrl\":\"https:\/\/secure.gravatar.com\/avatar\/08a4bd330e25056ddb430c28136b38a6?s=96&d=mm&r=g\",\"caption\":\"admin\"},\"sameAs\":[\"http:\/\/www.tts-freunde.de\"],\"url\":\"https:\/\/www.tts-freunde.de\/blog\/author\/admin\/\"}]}<\/script>\n<!-- \/ Yoast SEO plugin. -->","yoast_head_json":{"title":"20 Jahre Audi RS 6: \u201eMehr als meinen RS 6 brauche ich nicht!\u201c - Audi Blog","robots":{"index":"index","follow":"follow","max-snippet":"max-snippet:-1","max-image-preview":"max-image-preview:large","max-video-preview":"max-video-preview:-1"},"canonical":"https:\/\/www.audi-mediacenter.com\/de\/pressemitteilungen\/20-jahre-audi-rs-6-mehr-als-meinen-rs-6-brauche-ich-nicht-15138","og_locale":"de_DE","og_type":"article","og_title":"20 Jahre Audi RS 6: \u201eMehr als meinen RS 6 brauche ich nicht!\u201c - Audi Blog","og_description":"Audi feiert dieses Jahr den 20. Geburtstag des RS 6 Avant. Hotelier Andreas Fehlberger aus Erding bei M\u00fcnchen sitzt seit ebenfalls 20 Jahren hinter dem Steuer von RS-Modellen. Im Interview erz\u00e4hlt er, was ihn im sprichw\u00f6rtlichen Sinn bewegt und warum er neben seinem 600-PS-Kombi kein weiteres Auto in der Garage [&hellip;]","og_url":"https:\/\/www.audi-mediacenter.com\/de\/pressemitteilungen\/20-jahre-audi-rs-6-mehr-als-meinen-rs-6-brauche-ich-nicht-15138","og_site_name":"Audi Blog","article_published_time":"2023-01-03T15:56:58+00:00","og_image":[{"width":1920,"height":1080,"url":"https:\/\/www.tts-freunde.de\/blog\/wp-content\/uploads\/2023\/01\/A227226_medium.jpg","type":"image\/jpeg"}],"author":"admin","twitter_card":"summary_large_image","twitter_misc":{"Verfasst von":"admin","Gesch\u00e4tzte Lesezeit":"5\u00a0Minuten"},"schema":{"@context":"https:\/\/schema.org","@graph":[{"@type":"Article","@id":"https:\/\/www.audi-mediacenter.com\/de\/pressemitteilungen\/20-jahre-audi-rs-6-mehr-als-meinen-rs-6-brauche-ich-nicht-15138#article","isPartOf":{"@id":"https:\/\/www.tts-freunde.de\/blog\/2023\/01\/03\/20-jahre-audi-rs-6-mehr-als-meinen-rs-6-brauche-ich-nicht\/"},"author":{"name":"admin","@id":"https:\/\/www.tts-freunde.de\/blog\/#\/schema\/person\/b67f6a54e98f013bd281dbe05514b701"},"headline":"20 Jahre Audi RS 6: \u201eMehr als meinen RS 6 brauche ich nicht!\u201c","datePublished":"2023-01-03T15:56:58+00:00","dateModified":"2023-01-03T15:56:58+00:00","mainEntityOfPage":{"@id":"https:\/\/www.tts-freunde.de\/blog\/2023\/01\/03\/20-jahre-audi-rs-6-mehr-als-meinen-rs-6-brauche-ich-nicht\/"},"wordCount":775,"publisher":{"@id":"https:\/\/www.tts-freunde.de\/blog\/#organization"},"image":{"@id":"https:\/\/www.audi-mediacenter.com\/de\/pressemitteilungen\/20-jahre-audi-rs-6-mehr-als-meinen-rs-6-brauche-ich-nicht-15138#primaryimage"},"thumbnailUrl":"https:\/\/www.tts-freunde.de\/blog\/wp-content\/uploads\/2023\/01\/A227226_medium.jpg","articleSection":["A6 - S6 - RS6"],"inLanguage":"de"},{"@type":"WebPage","@id":"https:\/\/www.tts-freunde.de\/blog\/2023\/01\/03\/20-jahre-audi-rs-6-mehr-als-meinen-rs-6-brauche-ich-nicht\/","url":"https:\/\/www.audi-mediacenter.com\/de\/pressemitteilungen\/20-jahre-audi-rs-6-mehr-als-meinen-rs-6-brauche-ich-nicht-15138","name":"20 Jahre Audi RS 6: \u201eMehr als meinen RS 6 brauche ich nicht!\u201c - Audi Blog","isPartOf":{"@id":"https:\/\/www.tts-freunde.de\/blog\/#website"},"primaryImageOfPage":{"@id":"https:\/\/www.audi-mediacenter.com\/de\/pressemitteilungen\/20-jahre-audi-rs-6-mehr-als-meinen-rs-6-brauche-ich-nicht-15138#primaryimage"},"image":{"@id":"https:\/\/www.audi-mediacenter.com\/de\/pressemitteilungen\/20-jahre-audi-rs-6-mehr-als-meinen-rs-6-brauche-ich-nicht-15138#primaryimage"},"thumbnailUrl":"https:\/\/www.tts-freunde.de\/blog\/wp-content\/uploads\/2023\/01\/A227226_medium.jpg","datePublished":"2023-01-03T15:56:58+00:00","dateModified":"2023-01-03T15:56:58+00:00","breadcrumb":{"@id":"https:\/\/www.audi-mediacenter.com\/de\/pressemitteilungen\/20-jahre-audi-rs-6-mehr-als-meinen-rs-6-brauche-ich-nicht-15138#breadcrumb"},"inLanguage":"de","potentialAction":[{"@type":"ReadAction","target":["https:\/\/www.audi-mediacenter.com\/de\/pressemitteilungen\/20-jahre-audi-rs-6-mehr-als-meinen-rs-6-brauche-ich-nicht-15138"]}]},{"@type":"ImageObject","inLanguage":"de","@id":"https:\/\/www.audi-mediacenter.com\/de\/pressemitteilungen\/20-jahre-audi-rs-6-mehr-als-meinen-rs-6-brauche-ich-nicht-15138#primaryimage","url":"https:\/\/www.tts-freunde.de\/blog\/wp-content\/uploads\/2023\/01\/A227226_medium.jpg","contentUrl":"https:\/\/www.tts-freunde.de\/blog\/wp-content\/uploads\/2023\/01\/A227226_medium.jpg","width":1920,"height":1080,"caption":"Audi RS6"},{"@type":"BreadcrumbList","@id":"https:\/\/www.audi-mediacenter.com\/de\/pressemitteilungen\/20-jahre-audi-rs-6-mehr-als-meinen-rs-6-brauche-ich-nicht-15138#breadcrumb","itemListElement":[{"@type":"ListItem","position":1,"name":"Home","item":"https:\/\/www.tts-freunde.de\/blog\/"},{"@type":"ListItem","position":2,"name":"20 Jahre Audi RS 6: \u201eMehr als meinen RS 6 brauche ich nicht!\u201c"}]},{"@type":"WebSite","@id":"https:\/\/www.tts-freunde.de\/blog\/#website","url":"https:\/\/www.tts-freunde.de\/blog\/","name":"Audi Blog","description":"Deutscher Audi Blog - TTS-Freunde","publisher":{"@id":"https:\/\/www.tts-freunde.de\/blog\/#organization"},"potentialAction":[{"@type":"SearchAction","target":{"@type":"EntryPoint","urlTemplate":"https:\/\/www.tts-freunde.de\/blog\/?s={search_term_string}"},"query-input":"required name=search_term_string"}],"inLanguage":"de"},{"@type":"Organization","@id":"https:\/\/www.tts-freunde.de\/blog\/#organization","name":"Audi Blog","url":"https:\/\/www.tts-freunde.de\/blog\/","logo":{"@type":"ImageObject","inLanguage":"de","@id":"https:\/\/www.tts-freunde.de\/blog\/#\/schema\/logo\/image\/","url":"https:\/\/www.tts-freunde.de\/blog\/wp-content\/uploads\/2022\/12\/logo_2022.jpg","contentUrl":"https:\/\/www.tts-freunde.de\/blog\/wp-content\/uploads\/2022\/12\/logo_2022.jpg","width":240,"height":41,"caption":"Audi Blog"},"image":{"@id":"https:\/\/www.tts-freunde.de\/blog\/#\/schema\/logo\/image\/"}},{"@type":"Person","@id":"https:\/\/www.tts-freunde.de\/blog\/#\/schema\/person\/b67f6a54e98f013bd281dbe05514b701","name":"admin","image":{"@type":"ImageObject","inLanguage":"de","@id":"https:\/\/www.tts-freunde.de\/blog\/#\/schema\/person\/image\/","url":"https:\/\/secure.gravatar.com\/avatar\/08a4bd330e25056ddb430c28136b38a6?s=96&d=mm&r=g","contentUrl":"https:\/\/secure.gravatar.com\/avatar\/08a4bd330e25056ddb430c28136b38a6?s=96&d=mm&r=g","caption":"admin"},"sameAs":["http:\/\/www.tts-freunde.de"],"url":"https:\/\/www.tts-freunde.de\/blog\/author\/admin\/"}]}},"jetpack_sharing_enabled":true,"jetpack_featured_media_url":"https:\/\/www.tts-freunde.de\/blog\/wp-content\/uploads\/2023\/01\/A227226_medium.jpg","jetpack_shortlink":"https:\/\/wp.me\/p67hWW-1Hv","jetpack_likes_enabled":false,"jetpack-related-posts":[],"_links":{"self":[{"href":"https:\/\/www.tts-freunde.de\/blog\/wp-json\/wp\/v2\/posts\/6541"}],"collection":[{"href":"https:\/\/www.tts-freunde.de\/blog\/wp-json\/wp\/v2\/posts"}],"about":[{"href":"https:\/\/www.tts-freunde.de\/blog\/wp-json\/wp\/v2\/types\/post"}],"author":[{"embeddable":true,"href":"https:\/\/www.tts-freunde.de\/blog\/wp-json\/wp\/v2\/users\/1"}],"replies":[{"embeddable":true,"href":"https:\/\/www.tts-freunde.de\/blog\/wp-json\/wp\/v2\/comments?post=6541"}],"version-history":[{"count":1,"href":"https:\/\/www.tts-freunde.de\/blog\/wp-json\/wp\/v2\/posts\/6541\/revisions"}],"predecessor-version":[{"id":6543,"href":"https:\/\/www.tts-freunde.de\/blog\/wp-json\/wp\/v2\/posts\/6541\/revisions\/6543"}],"wp:featuredmedia":[{"embeddable":true,"href":"https:\/\/www.tts-freunde.de\/blog\/wp-json\/wp\/v2\/media\/6542"}],"wp:attachment":[{"href":"https:\/\/www.tts-freunde.de\/blog\/wp-json\/wp\/v2\/media?parent=6541"}],"wp:term":[{"taxonomy":"category","embeddable":true,"href":"https:\/\/www.tts-freunde.de\/blog\/wp-json\/wp\/v2\/categories?post=6541"},{"taxonomy":"post_tag","embeddable":true,"href":"https:\/\/www.tts-freunde.de\/blog\/wp-json\/wp\/v2\/tags?post=6541"}],"curies":[{"name":"wp","href":"https:\/\/api.w.org\/{rel}","templated":true}]}}