{"id":6559,"date":"2023-01-23T17:12:00","date_gmt":"2023-01-23T16:12:00","guid":{"rendered":"https:\/\/www.tts-freunde.de\/blog\/?p=6559"},"modified":"2023-01-23T17:12:00","modified_gmt":"2023-01-23T16:12:00","slug":"save-the-date-die-online-weltpremiere-des-audi-activesphere-concept","status":"publish","type":"post","link":"https:\/\/www.tts-freunde.de\/blog\/2023\/01\/23\/save-the-date-die-online-weltpremiere-des-audi-activesphere-concept\/","title":{"rendered":"Save the date: die Online-Weltpremiere des Audi activesphere concept"},"content":{"rendered":"<ul>\n<li>Konzeptauto bietet H\u00f6chstma\u00df an Variabilit\u00e4t f\u00fcr einen aktiven Lebensstil<\/li>\n<li>Digitale Pr\u00e4sentation bei der \u201eCelebration of Progress\u201c am 26. Januar 2023<\/li>\n<li><a href=\"https:\/\/amzn.to\/408RNNt\" target=\"_blank\" rel=\"noopener\">Exklusive Audi Sport Sweatjacke im Angebot<\/a><\/li>\n<\/ul>\n<div id=\"attachment_6560\" style=\"width: 760px\" class=\"wp-caption aligncenter\"><a href=\"https:\/\/www.tts-freunde.de\/blog\/wp-content\/uploads\/2023\/01\/A224381_medium.jpg\"><img loading=\"lazy\" decoding=\"async\" aria-describedby=\"caption-attachment-6560\" data-attachment-id=\"6560\" data-permalink=\"https:\/\/www.tts-freunde.de\/blog\/2023\/01\/23\/save-the-date-die-online-weltpremiere-des-audi-activesphere-concept\/a224381_medium\/\" data-orig-file=\"https:\/\/www.tts-freunde.de\/blog\/wp-content\/uploads\/2023\/01\/A224381_medium.jpg\" data-orig-size=\"1920,1080\" data-comments-opened=\"0\" data-image-meta=\"{&quot;aperture&quot;:&quot;0&quot;,&quot;credit&quot;:&quot;&quot;,&quot;camera&quot;:&quot;&quot;,&quot;caption&quot;:&quot;&quot;,&quot;created_timestamp&quot;:&quot;0&quot;,&quot;copyright&quot;:&quot;AUDI AG&quot;,&quot;focal_length&quot;:&quot;0&quot;,&quot;iso&quot;:&quot;0&quot;,&quot;shutter_speed&quot;:&quot;0&quot;,&quot;title&quot;:&quot;&quot;,&quot;orientation&quot;:&quot;0&quot;}\" data-image-title=\"Audi activesphere concept\" data-image-description=\"&lt;p&gt;Audi activesphere concept&lt;\/p&gt;\n\" data-image-caption=\"&lt;p&gt;Audi activesphere concept&lt;\/p&gt;\n\" data-medium-file=\"https:\/\/www.tts-freunde.de\/blog\/wp-content\/uploads\/2023\/01\/A224381_medium-300x169.jpg\" data-large-file=\"https:\/\/www.tts-freunde.de\/blog\/wp-content\/uploads\/2023\/01\/A224381_medium-1024x576.jpg\" tabindex=\"0\" role=\"button\" src=\"https:\/\/www.tts-freunde.de\/blog\/wp-content\/uploads\/2023\/01\/A224381_medium-1024x576.jpg\" alt=\"Audi activesphere concept\" width=\"750\" height=\"422\" class=\"size-large wp-image-6560\" srcset=\"https:\/\/www.tts-freunde.de\/blog\/wp-content\/uploads\/2023\/01\/A224381_medium-1024x576.jpg 1024w, https:\/\/www.tts-freunde.de\/blog\/wp-content\/uploads\/2023\/01\/A224381_medium-300x169.jpg 300w, https:\/\/www.tts-freunde.de\/blog\/wp-content\/uploads\/2023\/01\/A224381_medium-768x432.jpg 768w, https:\/\/www.tts-freunde.de\/blog\/wp-content\/uploads\/2023\/01\/A224381_medium-1536x864.jpg 1536w, https:\/\/www.tts-freunde.de\/blog\/wp-content\/uploads\/2023\/01\/A224381_medium-50x28.jpg 50w, https:\/\/www.tts-freunde.de\/blog\/wp-content\/uploads\/2023\/01\/A224381_medium.jpg 1920w\" sizes=\"(max-width: 750px) 100vw, 750px\" \/><\/a><p id=\"caption-attachment-6560\" class=\"wp-caption-text\">Audi activesphere concept<\/p><\/div>\n<div class=\"page-row\">\n<div class=\"page-item--intro\" id=\"item-dbdaefe6-33f5-49f3-896e-510009381c12\">\n<div class=\"intro-text\">\n<p>Audi pr\u00e4sentiert den n\u00e4chsten Vertreter der Familie von Konzeptfahrzeugen: den Audi activesphere concept. Die Vier Ringe illustrieren damit ihre Vision des progressiven Luxus der Mobilit\u00e4t der Zukunft und geben einen weiteren Ausblick auf das Audi Design von morgen. Der Audi activesphere concept wird dabei ein H\u00f6chstma\u00df an Variabilit\u00e4t f\u00fcr einen aktiven Lebensstil bieten \u2013 onroad wie offroad. Die Weltpremiere des elektrisch angetriebenen Crossover-Coup\u00e9s findet am 26. Januar 2023 im Rahmen eines digitalen Events statt.<\/p>\n<\/div>\n<\/div>\n<\/div>\n<div class=\"page-row\">\n<div class=\"page-item--text\" id=\"item-a00bee63-6249-47f1-bdf9-0c5205216482\">\n<div class=\"text-block style-links-for-body-text\">\n<p>Der Audi activesphere concept bietet ultimative Freiheit und ist der perfekte Begleiter f\u00fcr ambitionierte Outdoor-Abenteuer. Freuen Sie sich auf Aktivit\u00e4ten wie Wassersport, Ski, Golf und herausfordernde Bergstrecken \u2012 und ein Fahrzeug, das Sie bei allem begleitet.<\/p>\n<p>Virtuell vorgestellt wird der activesphere concept bei der \u201eCelebration of Progress\u201c am 26.\u00a0Januar 2023 ab 19 Uhr CET. Audi Markenchef Henrik Wenders und Audi Designchef Marc Lichte erl\u00e4utern, wie die Audi Modelle von morgen zu pers\u00f6nlichen Begleitern werden. W\u00e4hrend Senior Design Director Gael Buzyn einen Einblick in das Design des neuesten Mitglieds der revolution\u00e4ren Sphere-Familie von Konzeptfahrzeugen geben wird, spricht Sid Odedra, Head of UI\/UX Design, dar\u00fcber, wie ein aktiver Lebensstil der Fahrer_innen durch ein personalisiertes Bedienkonzept und ein v\u00f6llig neues digitales \u00d6kosystem noch besser wird.<\/p>\n<h2>activesphere concept komplettiert Quartett der Sphere-Konzepte<\/h2>\n<p>Der activesphere concept ist das vierte Modell einer Familie von Konzeptfahrzeugen, die Audi seit August 2021 pr\u00e4sentiert. Allen gemeinsam ist nicht nur der elektrische Antrieb, sondern auch die konsequente Auslegung auf die M\u00f6glichkeit, automatisiert zu fahren. Aus diesem technischen Layout resultieren v\u00f6llig neue Entw\u00fcrfe vor allem der Innenr\u00e4ume und der Angebote f\u00fcr die Personen an Bord, ihre Zeit produktiv zu nutzen oder einfach zu genie\u00dfen. Gemeinsam pr\u00e4sentieren die Sphere-Konzeptfahrzeuge von Audi die Vision von der Premiummobilit\u00e4t von morgen.<\/p>\n<p><strong>Hinweis f\u00fcr Journalist_innen:<br \/>\n<\/strong>Die Weltpremiere wird f\u00fcr Pressevertreter_innen auf <a href=\"https:\/\/www.audi-mediacenter.com\/de\/audimediatv\">Audi MediaTV<\/a> \u00fcbertragen. Dort und im <a href=\"https:\/\/www.audi-mediacenter.com\/de\">Audi MediaCenter<\/a> finden Sie nach der Weltpremiere auch umfangreiches Pressematerial.<\/p>\n<p><strong>Au\u00dferdem \u00fcbertragen folgende Kan\u00e4le die \u201eCelebration of Progress\u201c:<br \/>\n<\/strong><\/p>\n<ul>\n<li>progress.audi (Deutsch, Englisch, Franz\u00f6sisch, Spanisch, Italienisch, Chinesisch)<\/li>\n<li>die YouTube-Kan\u00e4le Audi (Englisch), Audi Deutschland (Deutsch), Audi France (Franz\u00f6sisch), Audi Spain (Spanisch) und Audi Italia (Italienisch)<\/li>\n<li>die LinkedIn-Seite AUDI AG (Englisch)<\/li>\n<\/ul>\n<\/div>\n<\/div>\n<\/div>\n","protected":false},"excerpt":{"rendered":"<p>Konzeptauto bietet H\u00f6chstma\u00df an Variabilit\u00e4t f\u00fcr einen aktiven Lebensstil Digitale Pr\u00e4sentation bei der \u201eCelebration of Progress\u201c am 26. Januar 2023 Exklusive Audi Sport Sweatjacke im Angebot Audi pr\u00e4sentiert den n\u00e4chsten Vertreter der Familie von Konzeptfahrzeugen: den Audi activesphere concept. Die Vier Ringe illustrieren damit ihre Vision des progressiven Luxus der [&hellip;]<\/p>\n","protected":false},"author":1,"featured_media":6560,"comment_status":"closed","ping_status":"open","sticky":false,"template":"","format":"standard","meta":{"jetpack_post_was_ever_published":false,"_jetpack_newsletter_access":"","_jetpack_dont_email_post_to_subs":false,"_jetpack_newsletter_tier_id":0,"_jetpack_memberships_contains_paywalled_content":false,"_jetpack_memberships_contains_paid_content":false,"footnotes":"","jetpack_publicize_message":"","jetpack_publicize_feature_enabled":true,"jetpack_social_post_already_shared":true,"jetpack_social_options":{"image_generator_settings":{"template":"highway","enabled":false},"version":2}},"categories":[16],"tags":[],"class_list":["post-6559","post","type-post","status-publish","format-standard","has-post-thumbnail","hentry","category-audi-ag"],"wppr_data":{"cwp_meta_box_check":"No"},"jetpack_publicize_connections":[],"yoast_head":"<!-- This site is optimized with the Yoast SEO plugin v23.3 - https:\/\/yoast.com\/wordpress\/plugins\/seo\/ -->\n<title>Save the date: die Online-Weltpremiere des Audi activesphere concept - Audi Blog<\/title>\n<meta name=\"robots\" content=\"index, follow, max-snippet:-1, max-image-preview:large, max-video-preview:-1\" \/>\n<link rel=\"canonical\" href=\"https:\/\/www.audi-mediacenter.com\/de\/pressemitteilungen\/save-the-date-die-online-weltpremiere-des-audi-activesphere-concept-15155\" \/>\n<meta property=\"og:locale\" content=\"de_DE\" \/>\n<meta property=\"og:type\" content=\"article\" \/>\n<meta property=\"og:title\" content=\"Save the date: die Online-Weltpremiere des Audi activesphere concept - Audi Blog\" \/>\n<meta property=\"og:description\" content=\"Konzeptauto bietet H\u00f6chstma\u00df an Variabilit\u00e4t f\u00fcr einen aktiven Lebensstil Digitale Pr\u00e4sentation bei der \u201eCelebration of Progress\u201c am 26. Januar 2023 Exklusive Audi Sport Sweatjacke im Angebot Audi pr\u00e4sentiert den n\u00e4chsten Vertreter der Familie von Konzeptfahrzeugen: den Audi activesphere concept. Die Vier Ringe illustrieren damit ihre Vision des progressiven Luxus der [&hellip;]\" \/>\n<meta property=\"og:url\" content=\"https:\/\/www.audi-mediacenter.com\/de\/pressemitteilungen\/save-the-date-die-online-weltpremiere-des-audi-activesphere-concept-15155\" \/>\n<meta property=\"og:site_name\" content=\"Audi Blog\" \/>\n<meta property=\"article:published_time\" content=\"2023-01-23T16:12:00+00:00\" \/>\n<meta property=\"og:image\" content=\"https:\/\/www.tts-freunde.de\/blog\/wp-content\/uploads\/2023\/01\/A224381_medium.jpg\" \/>\n\t<meta property=\"og:image:width\" content=\"1920\" \/>\n\t<meta property=\"og:image:height\" content=\"1080\" \/>\n\t<meta property=\"og:image:type\" content=\"image\/jpeg\" \/>\n<meta name=\"author\" content=\"admin\" \/>\n<meta name=\"twitter:card\" content=\"summary_large_image\" \/>\n<meta name=\"twitter:label1\" content=\"Verfasst von\" \/>\n\t<meta name=\"twitter:data1\" content=\"admin\" \/>\n\t<meta name=\"twitter:label2\" content=\"Gesch\u00e4tzte Lesezeit\" \/>\n\t<meta name=\"twitter:data2\" content=\"3\u00a0Minuten\" \/>\n<script type=\"application\/ld+json\" class=\"yoast-schema-graph\">{\"@context\":\"https:\/\/schema.org\",\"@graph\":[{\"@type\":\"Article\",\"@id\":\"https:\/\/www.audi-mediacenter.com\/de\/pressemitteilungen\/save-the-date-die-online-weltpremiere-des-audi-activesphere-concept-15155#article\",\"isPartOf\":{\"@id\":\"https:\/\/www.tts-freunde.de\/blog\/2023\/01\/23\/save-the-date-die-online-weltpremiere-des-audi-activesphere-concept\/\"},\"author\":{\"name\":\"admin\",\"@id\":\"https:\/\/www.tts-freunde.de\/blog\/#\/schema\/person\/b67f6a54e98f013bd281dbe05514b701\"},\"headline\":\"Save the date: die Online-Weltpremiere des Audi activesphere concept\",\"datePublished\":\"2023-01-23T16:12:00+00:00\",\"dateModified\":\"2023-01-23T16:12:00+00:00\",\"mainEntityOfPage\":{\"@id\":\"https:\/\/www.tts-freunde.de\/blog\/2023\/01\/23\/save-the-date-die-online-weltpremiere-des-audi-activesphere-concept\/\"},\"wordCount\":418,\"publisher\":{\"@id\":\"https:\/\/www.tts-freunde.de\/blog\/#organization\"},\"image\":{\"@id\":\"https:\/\/www.audi-mediacenter.com\/de\/pressemitteilungen\/save-the-date-die-online-weltpremiere-des-audi-activesphere-concept-15155#primaryimage\"},\"thumbnailUrl\":\"https:\/\/www.tts-freunde.de\/blog\/wp-content\/uploads\/2023\/01\/A224381_medium.jpg\",\"articleSection\":[\"Audi AG\"],\"inLanguage\":\"de\"},{\"@type\":\"WebPage\",\"@id\":\"https:\/\/www.tts-freunde.de\/blog\/2023\/01\/23\/save-the-date-die-online-weltpremiere-des-audi-activesphere-concept\/\",\"url\":\"https:\/\/www.audi-mediacenter.com\/de\/pressemitteilungen\/save-the-date-die-online-weltpremiere-des-audi-activesphere-concept-15155\",\"name\":\"Save the date: die Online-Weltpremiere des Audi activesphere concept - Audi Blog\",\"isPartOf\":{\"@id\":\"https:\/\/www.tts-freunde.de\/blog\/#website\"},\"primaryImageOfPage\":{\"@id\":\"https:\/\/www.audi-mediacenter.com\/de\/pressemitteilungen\/save-the-date-die-online-weltpremiere-des-audi-activesphere-concept-15155#primaryimage\"},\"image\":{\"@id\":\"https:\/\/www.audi-mediacenter.com\/de\/pressemitteilungen\/save-the-date-die-online-weltpremiere-des-audi-activesphere-concept-15155#primaryimage\"},\"thumbnailUrl\":\"https:\/\/www.tts-freunde.de\/blog\/wp-content\/uploads\/2023\/01\/A224381_medium.jpg\",\"datePublished\":\"2023-01-23T16:12:00+00:00\",\"dateModified\":\"2023-01-23T16:12:00+00:00\",\"breadcrumb\":{\"@id\":\"https:\/\/www.audi-mediacenter.com\/de\/pressemitteilungen\/save-the-date-die-online-weltpremiere-des-audi-activesphere-concept-15155#breadcrumb\"},\"inLanguage\":\"de\",\"potentialAction\":[{\"@type\":\"ReadAction\",\"target\":[\"https:\/\/www.audi-mediacenter.com\/de\/pressemitteilungen\/save-the-date-die-online-weltpremiere-des-audi-activesphere-concept-15155\"]}]},{\"@type\":\"ImageObject\",\"inLanguage\":\"de\",\"@id\":\"https:\/\/www.audi-mediacenter.com\/de\/pressemitteilungen\/save-the-date-die-online-weltpremiere-des-audi-activesphere-concept-15155#primaryimage\",\"url\":\"https:\/\/www.tts-freunde.de\/blog\/wp-content\/uploads\/2023\/01\/A224381_medium.jpg\",\"contentUrl\":\"https:\/\/www.tts-freunde.de\/blog\/wp-content\/uploads\/2023\/01\/A224381_medium.jpg\",\"width\":1920,\"height\":1080,\"caption\":\"Audi activesphere concept\"},{\"@type\":\"BreadcrumbList\",\"@id\":\"https:\/\/www.audi-mediacenter.com\/de\/pressemitteilungen\/save-the-date-die-online-weltpremiere-des-audi-activesphere-concept-15155#breadcrumb\",\"itemListElement\":[{\"@type\":\"ListItem\",\"position\":1,\"name\":\"Home\",\"item\":\"https:\/\/www.tts-freunde.de\/blog\/\"},{\"@type\":\"ListItem\",\"position\":2,\"name\":\"Save the date: die Online-Weltpremiere des Audi activesphere concept\"}]},{\"@type\":\"WebSite\",\"@id\":\"https:\/\/www.tts-freunde.de\/blog\/#website\",\"url\":\"https:\/\/www.tts-freunde.de\/blog\/\",\"name\":\"Audi Blog\",\"description\":\"Deutscher Audi Blog - TTS-Freunde\",\"publisher\":{\"@id\":\"https:\/\/www.tts-freunde.de\/blog\/#organization\"},\"potentialAction\":[{\"@type\":\"SearchAction\",\"target\":{\"@type\":\"EntryPoint\",\"urlTemplate\":\"https:\/\/www.tts-freunde.de\/blog\/?s={search_term_string}\"},\"query-input\":\"required name=search_term_string\"}],\"inLanguage\":\"de\"},{\"@type\":\"Organization\",\"@id\":\"https:\/\/www.tts-freunde.de\/blog\/#organization\",\"name\":\"Audi Blog\",\"url\":\"https:\/\/www.tts-freunde.de\/blog\/\",\"logo\":{\"@type\":\"ImageObject\",\"inLanguage\":\"de\",\"@id\":\"https:\/\/www.tts-freunde.de\/blog\/#\/schema\/logo\/image\/\",\"url\":\"https:\/\/www.tts-freunde.de\/blog\/wp-content\/uploads\/2022\/12\/logo_2022.jpg\",\"contentUrl\":\"https:\/\/www.tts-freunde.de\/blog\/wp-content\/uploads\/2022\/12\/logo_2022.jpg\",\"width\":240,\"height\":41,\"caption\":\"Audi Blog\"},\"image\":{\"@id\":\"https:\/\/www.tts-freunde.de\/blog\/#\/schema\/logo\/image\/\"}},{\"@type\":\"Person\",\"@id\":\"https:\/\/www.tts-freunde.de\/blog\/#\/schema\/person\/b67f6a54e98f013bd281dbe05514b701\",\"name\":\"admin\",\"image\":{\"@type\":\"ImageObject\",\"inLanguage\":\"de\",\"@id\":\"https:\/\/www.tts-freunde.de\/blog\/#\/schema\/person\/image\/\",\"url\":\"https:\/\/secure.gravatar.com\/avatar\/08a4bd330e25056ddb430c28136b38a6?s=96&d=mm&r=g\",\"contentUrl\":\"https:\/\/secure.gravatar.com\/avatar\/08a4bd330e25056ddb430c28136b38a6?s=96&d=mm&r=g\",\"caption\":\"admin\"},\"sameAs\":[\"http:\/\/www.tts-freunde.de\"],\"url\":\"https:\/\/www.tts-freunde.de\/blog\/author\/admin\/\"}]}<\/script>\n<!-- \/ Yoast SEO plugin. -->","yoast_head_json":{"title":"Save the date: die Online-Weltpremiere des Audi activesphere concept - Audi Blog","robots":{"index":"index","follow":"follow","max-snippet":"max-snippet:-1","max-image-preview":"max-image-preview:large","max-video-preview":"max-video-preview:-1"},"canonical":"https:\/\/www.audi-mediacenter.com\/de\/pressemitteilungen\/save-the-date-die-online-weltpremiere-des-audi-activesphere-concept-15155","og_locale":"de_DE","og_type":"article","og_title":"Save the date: die Online-Weltpremiere des Audi activesphere concept - Audi Blog","og_description":"Konzeptauto bietet H\u00f6chstma\u00df an Variabilit\u00e4t f\u00fcr einen aktiven Lebensstil Digitale Pr\u00e4sentation bei der \u201eCelebration of Progress\u201c am 26. Januar 2023 Exklusive Audi Sport Sweatjacke im Angebot Audi pr\u00e4sentiert den n\u00e4chsten Vertreter der Familie von Konzeptfahrzeugen: den Audi activesphere concept. Die Vier Ringe illustrieren damit ihre Vision des progressiven Luxus der [&hellip;]","og_url":"https:\/\/www.audi-mediacenter.com\/de\/pressemitteilungen\/save-the-date-die-online-weltpremiere-des-audi-activesphere-concept-15155","og_site_name":"Audi Blog","article_published_time":"2023-01-23T16:12:00+00:00","og_image":[{"width":1920,"height":1080,"url":"https:\/\/www.tts-freunde.de\/blog\/wp-content\/uploads\/2023\/01\/A224381_medium.jpg","type":"image\/jpeg"}],"author":"admin","twitter_card":"summary_large_image","twitter_misc":{"Verfasst von":"admin","Gesch\u00e4tzte Lesezeit":"3\u00a0Minuten"},"schema":{"@context":"https:\/\/schema.org","@graph":[{"@type":"Article","@id":"https:\/\/www.audi-mediacenter.com\/de\/pressemitteilungen\/save-the-date-die-online-weltpremiere-des-audi-activesphere-concept-15155#article","isPartOf":{"@id":"https:\/\/www.tts-freunde.de\/blog\/2023\/01\/23\/save-the-date-die-online-weltpremiere-des-audi-activesphere-concept\/"},"author":{"name":"admin","@id":"https:\/\/www.tts-freunde.de\/blog\/#\/schema\/person\/b67f6a54e98f013bd281dbe05514b701"},"headline":"Save the date: die Online-Weltpremiere des Audi activesphere concept","datePublished":"2023-01-23T16:12:00+00:00","dateModified":"2023-01-23T16:12:00+00:00","mainEntityOfPage":{"@id":"https:\/\/www.tts-freunde.de\/blog\/2023\/01\/23\/save-the-date-die-online-weltpremiere-des-audi-activesphere-concept\/"},"wordCount":418,"publisher":{"@id":"https:\/\/www.tts-freunde.de\/blog\/#organization"},"image":{"@id":"https:\/\/www.audi-mediacenter.com\/de\/pressemitteilungen\/save-the-date-die-online-weltpremiere-des-audi-activesphere-concept-15155#primaryimage"},"thumbnailUrl":"https:\/\/www.tts-freunde.de\/blog\/wp-content\/uploads\/2023\/01\/A224381_medium.jpg","articleSection":["Audi AG"],"inLanguage":"de"},{"@type":"WebPage","@id":"https:\/\/www.tts-freunde.de\/blog\/2023\/01\/23\/save-the-date-die-online-weltpremiere-des-audi-activesphere-concept\/","url":"https:\/\/www.audi-mediacenter.com\/de\/pressemitteilungen\/save-the-date-die-online-weltpremiere-des-audi-activesphere-concept-15155","name":"Save the date: die Online-Weltpremiere des Audi activesphere concept - Audi Blog","isPartOf":{"@id":"https:\/\/www.tts-freunde.de\/blog\/#website"},"primaryImageOfPage":{"@id":"https:\/\/www.audi-mediacenter.com\/de\/pressemitteilungen\/save-the-date-die-online-weltpremiere-des-audi-activesphere-concept-15155#primaryimage"},"image":{"@id":"https:\/\/www.audi-mediacenter.com\/de\/pressemitteilungen\/save-the-date-die-online-weltpremiere-des-audi-activesphere-concept-15155#primaryimage"},"thumbnailUrl":"https:\/\/www.tts-freunde.de\/blog\/wp-content\/uploads\/2023\/01\/A224381_medium.jpg","datePublished":"2023-01-23T16:12:00+00:00","dateModified":"2023-01-23T16:12:00+00:00","breadcrumb":{"@id":"https:\/\/www.audi-mediacenter.com\/de\/pressemitteilungen\/save-the-date-die-online-weltpremiere-des-audi-activesphere-concept-15155#breadcrumb"},"inLanguage":"de","potentialAction":[{"@type":"ReadAction","target":["https:\/\/www.audi-mediacenter.com\/de\/pressemitteilungen\/save-the-date-die-online-weltpremiere-des-audi-activesphere-concept-15155"]}]},{"@type":"ImageObject","inLanguage":"de","@id":"https:\/\/www.audi-mediacenter.com\/de\/pressemitteilungen\/save-the-date-die-online-weltpremiere-des-audi-activesphere-concept-15155#primaryimage","url":"https:\/\/www.tts-freunde.de\/blog\/wp-content\/uploads\/2023\/01\/A224381_medium.jpg","contentUrl":"https:\/\/www.tts-freunde.de\/blog\/wp-content\/uploads\/2023\/01\/A224381_medium.jpg","width":1920,"height":1080,"caption":"Audi activesphere concept"},{"@type":"BreadcrumbList","@id":"https:\/\/www.audi-mediacenter.com\/de\/pressemitteilungen\/save-the-date-die-online-weltpremiere-des-audi-activesphere-concept-15155#breadcrumb","itemListElement":[{"@type":"ListItem","position":1,"name":"Home","item":"https:\/\/www.tts-freunde.de\/blog\/"},{"@type":"ListItem","position":2,"name":"Save the date: die Online-Weltpremiere des Audi activesphere concept"}]},{"@type":"WebSite","@id":"https:\/\/www.tts-freunde.de\/blog\/#website","url":"https:\/\/www.tts-freunde.de\/blog\/","name":"Audi Blog","description":"Deutscher Audi Blog - TTS-Freunde","publisher":{"@id":"https:\/\/www.tts-freunde.de\/blog\/#organization"},"potentialAction":[{"@type":"SearchAction","target":{"@type":"EntryPoint","urlTemplate":"https:\/\/www.tts-freunde.de\/blog\/?s={search_term_string}"},"query-input":"required name=search_term_string"}],"inLanguage":"de"},{"@type":"Organization","@id":"https:\/\/www.tts-freunde.de\/blog\/#organization","name":"Audi Blog","url":"https:\/\/www.tts-freunde.de\/blog\/","logo":{"@type":"ImageObject","inLanguage":"de","@id":"https:\/\/www.tts-freunde.de\/blog\/#\/schema\/logo\/image\/","url":"https:\/\/www.tts-freunde.de\/blog\/wp-content\/uploads\/2022\/12\/logo_2022.jpg","contentUrl":"https:\/\/www.tts-freunde.de\/blog\/wp-content\/uploads\/2022\/12\/logo_2022.jpg","width":240,"height":41,"caption":"Audi Blog"},"image":{"@id":"https:\/\/www.tts-freunde.de\/blog\/#\/schema\/logo\/image\/"}},{"@type":"Person","@id":"https:\/\/www.tts-freunde.de\/blog\/#\/schema\/person\/b67f6a54e98f013bd281dbe05514b701","name":"admin","image":{"@type":"ImageObject","inLanguage":"de","@id":"https:\/\/www.tts-freunde.de\/blog\/#\/schema\/person\/image\/","url":"https:\/\/secure.gravatar.com\/avatar\/08a4bd330e25056ddb430c28136b38a6?s=96&d=mm&r=g","contentUrl":"https:\/\/secure.gravatar.com\/avatar\/08a4bd330e25056ddb430c28136b38a6?s=96&d=mm&r=g","caption":"admin"},"sameAs":["http:\/\/www.tts-freunde.de"],"url":"https:\/\/www.tts-freunde.de\/blog\/author\/admin\/"}]}},"jetpack_sharing_enabled":true,"jetpack_featured_media_url":"https:\/\/www.tts-freunde.de\/blog\/wp-content\/uploads\/2023\/01\/A224381_medium.jpg","jetpack_shortlink":"https:\/\/wp.me\/p67hWW-1HN","jetpack_likes_enabled":false,"jetpack-related-posts":[],"_links":{"self":[{"href":"https:\/\/www.tts-freunde.de\/blog\/wp-json\/wp\/v2\/posts\/6559"}],"collection":[{"href":"https:\/\/www.tts-freunde.de\/blog\/wp-json\/wp\/v2\/posts"}],"about":[{"href":"https:\/\/www.tts-freunde.de\/blog\/wp-json\/wp\/v2\/types\/post"}],"author":[{"embeddable":true,"href":"https:\/\/www.tts-freunde.de\/blog\/wp-json\/wp\/v2\/users\/1"}],"replies":[{"embeddable":true,"href":"https:\/\/www.tts-freunde.de\/blog\/wp-json\/wp\/v2\/comments?post=6559"}],"version-history":[{"count":1,"href":"https:\/\/www.tts-freunde.de\/blog\/wp-json\/wp\/v2\/posts\/6559\/revisions"}],"predecessor-version":[{"id":6561,"href":"https:\/\/www.tts-freunde.de\/blog\/wp-json\/wp\/v2\/posts\/6559\/revisions\/6561"}],"wp:featuredmedia":[{"embeddable":true,"href":"https:\/\/www.tts-freunde.de\/blog\/wp-json\/wp\/v2\/media\/6560"}],"wp:attachment":[{"href":"https:\/\/www.tts-freunde.de\/blog\/wp-json\/wp\/v2\/media?parent=6559"}],"wp:term":[{"taxonomy":"category","embeddable":true,"href":"https:\/\/www.tts-freunde.de\/blog\/wp-json\/wp\/v2\/categories?post=6559"},{"taxonomy":"post_tag","embeddable":true,"href":"https:\/\/www.tts-freunde.de\/blog\/wp-json\/wp\/v2\/tags?post=6559"}],"curies":[{"name":"wp","href":"https:\/\/api.w.org\/{rel}","templated":true}]}}