{"id":6684,"date":"2023-05-24T18:50:50","date_gmt":"2023-05-24T16:50:50","guid":{"rendered":"https:\/\/www.tts-freunde.de\/blog\/?p=6684"},"modified":"2023-05-24T18:50:50","modified_gmt":"2023-05-24T16:50:50","slug":"rote-raute-trifft-gruene-hoelle-40-jahre-audi-sport-gmbh-mit-besonderem-start-am-nuerburgring","status":"publish","type":"post","link":"https:\/\/www.tts-freunde.de\/blog\/2023\/05\/24\/rote-raute-trifft-gruene-hoelle-40-jahre-audi-sport-gmbh-mit-besonderem-start-am-nuerburgring\/","title":{"rendered":"Rote Raute trifft \u201eGr\u00fcne H\u00f6lle\u201c: 40 Jahre Audi Sport GmbH mit besonderem Start am N\u00fcrburgring"},"content":{"rendered":"<ul>\n<li>Audi-Tochter feiert in diesem Jahr ihren 40. Geburtstag<\/li>\n<li>Oliver Hoffmann: \u201eWir haben ein klares Ziel: Die sportliche DNA der Vier Ringe erfolgreich in die elektrische Zukunft zu tragen\u201c<\/li>\n<li>Rolf Michl: \u201eN\u00fcrburgring ist ein magischer Ort f\u00fcr uns\u201c<\/li>\n<li>Sebastian Grams: \u201eWollen Zukunft der Mobilit\u00e4t im Hochleistungssegment nachhaltig und progressiv gestalten\u201c<\/li>\n<\/ul>\n<div class=\"page-row\">\n<div class=\"page-item--intro\" id=\"item-8bc8da5c-e51e-45b2-b726-715d82c42b23\">\n<div class=\"intro-text\">\n<div id=\"attachment_6685\" style=\"width: 760px\" class=\"wp-caption aligncenter\"><a href=\"https:\/\/www.tts-freunde.de\/blog\/wp-content\/uploads\/2023\/05\/A231957_medium-scaled.jpg\"><img loading=\"lazy\" decoding=\"async\" aria-describedby=\"caption-attachment-6685\" data-attachment-id=\"6685\" data-permalink=\"https:\/\/www.tts-freunde.de\/blog\/2023\/05\/24\/rote-raute-trifft-gruene-hoelle-40-jahre-audi-sport-gmbh-mit-besonderem-start-am-nuerburgring\/40-years-audi-sport-gmbh\/\" data-orig-file=\"https:\/\/www.tts-freunde.de\/blog\/wp-content\/uploads\/2023\/05\/A231957_medium-scaled.jpg\" data-orig-size=\"2560,1811\" data-comments-opened=\"0\" data-image-meta=\"{&quot;aperture&quot;:&quot;7.1&quot;,&quot;credit&quot;:&quot;Audi Sport GmbH&quot;,&quot;camera&quot;:&quot;IQ4 150MP&quot;,&quot;caption&quot;:&quot;Selection of high-performance models from Audi Sport GmbH&quot;,&quot;created_timestamp&quot;:&quot;1681844372&quot;,&quot;copyright&quot;:&quot;AUDI AG&quot;,&quot;focal_length&quot;:&quot;40&quot;,&quot;iso&quot;:&quot;640&quot;,&quot;shutter_speed&quot;:&quot;0.04&quot;,&quot;title&quot;:&quot;40 years Audi Sport GmbH&quot;,&quot;orientation&quot;:&quot;1&quot;}\" data-image-title=\"40 years Audi Sport GmbH\" data-image-description=\"\" data-image-caption=\"&lt;p&gt;Selection of high-performance models from Audi Sport GmbH&lt;\/p&gt;\n\" data-medium-file=\"https:\/\/www.tts-freunde.de\/blog\/wp-content\/uploads\/2023\/05\/A231957_medium-300x212.jpg\" data-large-file=\"https:\/\/www.tts-freunde.de\/blog\/wp-content\/uploads\/2023\/05\/A231957_medium-1024x724.jpg\" tabindex=\"0\" role=\"button\" src=\"https:\/\/www.tts-freunde.de\/blog\/wp-content\/uploads\/2023\/05\/A231957_medium-1024x724.jpg\" alt=\"\" width=\"750\" height=\"530\" class=\"size-large wp-image-6685\" srcset=\"https:\/\/www.tts-freunde.de\/blog\/wp-content\/uploads\/2023\/05\/A231957_medium-1024x724.jpg 1024w, https:\/\/www.tts-freunde.de\/blog\/wp-content\/uploads\/2023\/05\/A231957_medium-300x212.jpg 300w, https:\/\/www.tts-freunde.de\/blog\/wp-content\/uploads\/2023\/05\/A231957_medium-768x543.jpg 768w, https:\/\/www.tts-freunde.de\/blog\/wp-content\/uploads\/2023\/05\/A231957_medium-1536x1086.jpg 1536w, https:\/\/www.tts-freunde.de\/blog\/wp-content\/uploads\/2023\/05\/A231957_medium-2048x1448.jpg 2048w, https:\/\/www.tts-freunde.de\/blog\/wp-content\/uploads\/2023\/05\/A231957_medium-50x35.jpg 50w\" sizes=\"(max-width: 750px) 100vw, 750px\" \/><\/a><p id=\"caption-attachment-6685\" class=\"wp-caption-text\">Selection of high-performance models from Audi Sport GmbH<\/p><\/div>\n<p>Vor fast 40 Jahren \u2013 am 10. Oktober 1983 \u2013 wurde die heutige Audi Sport GmbH als quattro GmbH gegr\u00fcndet. Heute pr\u00e4gt sie das sportliche und exklusive Image der Vier Ringe. Die Fahrzeuge mit der roten Raute stehen bei Audi f\u00fcr Performance und Sportlichkeit. Mit den 24 Stunden auf dem N\u00fcrburgring (18.\u201321. Mai) beginnen am kommenden Wochenende die Feierlichkeiten zum Geburtstag.<\/p>\n<\/div>\n<\/div>\n<\/div>\n<div class=\"page-row\">\n<div class=\"page-item--text\" id=\"item-7c2f9875-14bf-40d7-9de4-e415f608d751\">\n<div class=\"text-block style-links-for-body-text\">\n<p>40 Jahre, mehr als 250.000 produzierte Fahrzeuge allein in den vergangenen zehn Jahren und \u00fcber 400 gewonnene Motorsporttitel treffen auf 20,832 Kilometer, 73 Kurven und H\u00f6henunterschiede von mehr als 300 Metern \u2013 Eckdaten, die f\u00fcr die Audi Sport GmbH sowie die legend\u00e4re Nordschleife \u2013 auch bekannt als Gr\u00fcne H\u00f6lle \u2013 des N\u00fcrburgrings stehen. Diese hat die Audi Sport GmbH gepr\u00e4gt wie keine andere Rennstrecke. Den Kurs in der Eifel und das hundertprozentige Tochterunternehmen der AUDI AG verbindet eine enge Beziehung \u2013 sowohl im Rennsport als auch bei den High-Performance-Fahrzeugen der Serie. Bereits seit 2002 ist Audi Sport offizieller Partner des 24h-Rennens und stellt der Rennleitung die \u201eOfficial Cars\u201c zur Verf\u00fcgung. Seit 2009 startet der Audi R8 LMS beim Eifelmarathon, der zu den j\u00e4hrlichen Highlights von Audi Sport customer racing z\u00e4hlt. Die Kundensportabteilung ist seit 2011 Teil der damaligen quattro GmbH. Mit bislang sechs Gesamtsiegen sowie drei weiteren GT3-Klassensiegen ist Audi der erfolgreichste Hersteller in der GT3-\u00c4ra des Langstreckenklassikers in der \u201eGr\u00fcnen H\u00f6lle\u201c. Kein Wunder also, dass die Audi Sport GmbH ihre Aktivit\u00e4ten zum runden Geburtstag am N\u00fcrburgring startet: Bei der diesj\u00e4hrigen Ausgabe des 24h-Rennens treten die vier Audi R8 LMS der Audi Sport-Teams anl\u00e4sslich des 40. Geburtstags der Audi Sport GmbH mit Retrodesigns an, die ber\u00fchmten Looks aus der Motorsportgeschichte von Audi aufgreifen. Passend zum Geburtstag starten die ehemaligen DTM-Champions Mike Rockenfeller, Timo Scheider und Martin Tomczyk mit der Startnummer 40. Ihr Audi R8 LMS des Audi Sport Team Scherer PHX ist optisch an den Audi V8 quattro DTM von 1992 angelehnt.<\/p>\n<div id=\"attachment_6686\" style=\"width: 760px\" class=\"wp-caption aligncenter\"><a href=\"https:\/\/www.tts-freunde.de\/blog\/wp-content\/uploads\/2023\/05\/A231977_large-scaled.jpg\"><img loading=\"lazy\" decoding=\"async\" aria-describedby=\"caption-attachment-6686\" data-attachment-id=\"6686\" data-permalink=\"https:\/\/www.tts-freunde.de\/blog\/2023\/05\/24\/rote-raute-trifft-gruene-hoelle-40-jahre-audi-sport-gmbh-mit-besonderem-start-am-nuerburgring\/40-years-audi-sport-gmbh-2\/\" data-orig-file=\"https:\/\/www.tts-freunde.de\/blog\/wp-content\/uploads\/2023\/05\/A231977_large-scaled.jpg\" data-orig-size=\"2560,1810\" data-comments-opened=\"0\" data-image-meta=\"{&quot;aperture&quot;:&quot;7.1&quot;,&quot;credit&quot;:&quot;Audi Sport GmbH&quot;,&quot;camera&quot;:&quot;ILCE-7RM5&quot;,&quot;caption&quot;:&quot;Models from left to right (dynamic photo):\\nAudi TT RS Coup\\u00e9 iconic edition, colour: Nardo Grey, Audi TT RS, 1st generation&quot;,&quot;created_timestamp&quot;:&quot;1681743147&quot;,&quot;copyright&quot;:&quot;AUDI AG&quot;,&quot;focal_length&quot;:&quot;38&quot;,&quot;iso&quot;:&quot;100&quot;,&quot;shutter_speed&quot;:&quot;0.04&quot;,&quot;title&quot;:&quot;40 years Audi Sport GmbH&quot;,&quot;orientation&quot;:&quot;1&quot;}\" data-image-title=\"40 years Audi Sport GmbH\" data-image-description=\"\" data-image-caption=\"&lt;p&gt;Models from left to right (dynamic photo):&lt;br \/&gt;\nAudi TT RS Coup\u00e9 iconic edition, colour: Nardo Grey, Audi TT RS, 1st generation&lt;\/p&gt;\n\" data-medium-file=\"https:\/\/www.tts-freunde.de\/blog\/wp-content\/uploads\/2023\/05\/A231977_large-300x212.jpg\" data-large-file=\"https:\/\/www.tts-freunde.de\/blog\/wp-content\/uploads\/2023\/05\/A231977_large-1024x724.jpg\" tabindex=\"0\" role=\"button\" src=\"https:\/\/www.tts-freunde.de\/blog\/wp-content\/uploads\/2023\/05\/A231977_large-1024x724.jpg\" alt=\"\" width=\"750\" height=\"530\" class=\"size-large wp-image-6686\" srcset=\"https:\/\/www.tts-freunde.de\/blog\/wp-content\/uploads\/2023\/05\/A231977_large-1024x724.jpg 1024w, https:\/\/www.tts-freunde.de\/blog\/wp-content\/uploads\/2023\/05\/A231977_large-300x212.jpg 300w, https:\/\/www.tts-freunde.de\/blog\/wp-content\/uploads\/2023\/05\/A231977_large-768x543.jpg 768w, https:\/\/www.tts-freunde.de\/blog\/wp-content\/uploads\/2023\/05\/A231977_large-1536x1086.jpg 1536w, https:\/\/www.tts-freunde.de\/blog\/wp-content\/uploads\/2023\/05\/A231977_large-2048x1448.jpg 2048w, https:\/\/www.tts-freunde.de\/blog\/wp-content\/uploads\/2023\/05\/A231977_large-50x35.jpg 50w\" sizes=\"(max-width: 750px) 100vw, 750px\" \/><\/a><p id=\"caption-attachment-6686\" class=\"wp-caption-text\">Models from left to right (dynamic photo):<br \/>Audi TT RS Coup\u00e9 iconic edition, colour: Nardo Grey, Audi TT RS, 1st generation<\/p><\/div>\n<p>Aufgrund ihrer anspruchsvollen Streckencharakteristik ist die Nordschleife nicht nur eine motorsportliche Herausforderung, sondern auch ein Gradmesser f\u00fcr die Serienfahrzeuge der Audi Sport GmbH. Jedes neue R- und RS-Modell absolviert w\u00e4hrend seiner Entwicklungsphase mehrere Tausend Kilometer auf dem abwechslungsreichen Eifelkurs. \u201eDer N\u00fcrburgring ist die h\u00e4rteste Rennstrecke der Welt. Er ist f\u00fcr uns ein magischer Ort und deshalb ist das 24h-Rennen perfekt geeignet, um dort in unseren 40. Firmengeburtstag zu starten\u201c, sagt Rolf Michl, Gesch\u00e4ftsf\u00fchrer der Audi Sport GmbH und Motorsportchef von Audi. \u201eDie N\u00fcrburgring-Nordschleife gilt als Mekka f\u00fcr alle Motorsportfans. Das 24h-Rennen geh\u00f6rt f\u00fcr mich zum Sch\u00f6nsten, was man im Motorsport erleben kann. Aber auch f\u00fcr die Entwicklung unserer Serienautos ist der N\u00fcrburgring essenziell. Alle unsere Modelle werden dort unter extremen Bedingungen getestet und zur Serienreife gebracht.\u201c<\/p>\n<h3>Spannende Aktionen zum Jubil\u00e4um<\/h3>\n<p>F\u00fcr das 24-Stunden-Rennwochenende auf dem Eifelkurs plant Audi mehrere Aktionen. Am Freitag, 19. Mai, stehen beim \u201eChampionstalk\u201c im Pressezentrum Mike Rockenfeller, Timo Scheider und Martin Tomczyk sowie die Audi Sport-Gesch\u00e4ftsf\u00fchrer Sebastian Grams und Rolf Michl Rede und Antwort. Im ring\u00b0boulevard werden verschiedene Modelle aus der Geschichte des Unternehmens gezeigt. Dazu z\u00e4hlen der Audi R8 und RS 4 Avant der ersten Generation, der aktuelle R8 GT sowie der RS 4 Avant mit competition-Paket. Ein weiteres Highlight ist der rein elektrische Audi S1 Hoonitron, mit dem der unvergessene Ken Block im \u201eElectrikhana\u201c-Video auf den Stra\u00dfen von Las Vegas f\u00fcr Aufsehen sorgte. Und kurz vor dem 24h-Rennen k\u00f6nnen die Zuschauer entlang der Berg-und-Tal-Bahn High-Performance-Modelle der sportlichen Audi-Tochter bei einem Autokorso bewundern.<\/p>\n<p>Auch am Stammsitz der Audi Sport GmbH in Neckarsulm k\u00f6nnen sich die Fans auf Feierlichkeiten freuen. Die Jubil\u00e4umsausstellung \u201e40 Jahre Audi Sport GmbH \u2013 Fascination meets performance\u201c gibt ab dem 14. Juni einen nahezu kompletten \u00dcberblick \u00fcber die Geschichte der Audi Sport GmbH: Neben automobilen Highlights \u2013 vom ersten Fahrzeug der damaligen quattro GmbH bis zu verschiedenen Modellen aus dem Kundensportprogramm und dem aktuellen Produktportfolio \u2013 gibt es im Audi Forum Neckarsulm auch sehenswerte Ausstellungsst\u00fccke der Audi collection und der Fahrzeugindividualisierung zu bestaunen. Die Ausstellung l\u00e4uft zeitgleich zur Sonderausstellung \u201e150 Jahre NSU: Innovation, Wagemut, Transformation\u201c zur Historie der Traditionsmarke NSU.<\/p>\n<p>Ein weiteres Highlight steht schlie\u00dflich im Herbst an: Zum Geburtstag der Audi Sport GmbH ist am 14. Oktober eine Sternfahrt f\u00fcr Fans der roten Raute zum Audi Forum Neckarsulm geplant. Die Audi Sport GmbH l\u00e4dt dort zu einem besonderen Aktionstag ein. Informative F\u00fchrungen durch die Sonderausstellung, die exklusiv f\u00fcr diesen Tag um weitere, sonst nicht der \u00d6ffentlichkeit zug\u00e4ngliche Exponate auf vier R\u00e4dern erg\u00e4nzt wird, erm\u00f6glichen eine spannende Zeitreise durch die 40-j\u00e4hrige Geschichte des Unternehmens. Ein unterhaltsames B\u00fchnenprogramm erg\u00e4nzt das Besucherangebot.<\/p>\n<div id=\"attachment_6687\" style=\"width: 760px\" class=\"wp-caption aligncenter\"><a href=\"https:\/\/www.tts-freunde.de\/blog\/wp-content\/uploads\/2023\/05\/A231990_large-scaled.jpg\"><img loading=\"lazy\" decoding=\"async\" aria-describedby=\"caption-attachment-6687\" data-attachment-id=\"6687\" data-permalink=\"https:\/\/www.tts-freunde.de\/blog\/2023\/05\/24\/rote-raute-trifft-gruene-hoelle-40-jahre-audi-sport-gmbh-mit-besonderem-start-am-nuerburgring\/40-years-audi-sport-gmbh-3\/\" data-orig-file=\"https:\/\/www.tts-freunde.de\/blog\/wp-content\/uploads\/2023\/05\/A231990_large-scaled.jpg\" data-orig-size=\"2560,1810\" data-comments-opened=\"0\" data-image-meta=\"{&quot;aperture&quot;:&quot;9&quot;,&quot;credit&quot;:&quot;Audi Sport GmbH&quot;,&quot;camera&quot;:&quot;IQ4 150MP&quot;,&quot;caption&quot;:&quot;Models from left to right (Standaufnahme):\\nAudi R8 Coup\\u00e9, 1st generation\\nAudi TT RS Coup\\u00e9 iconic edition, colour: Nardo Grey\\nAudi R8 Coup\\u00e9 V10 GT RWD, colour: Tango Red\\nAudi TT RS, 1st generation&quot;,&quot;created_timestamp&quot;:&quot;1681892056&quot;,&quot;copyright&quot;:&quot;AUDI AG&quot;,&quot;focal_length&quot;:&quot;40&quot;,&quot;iso&quot;:&quot;250&quot;,&quot;shutter_speed&quot;:&quot;0.00625&quot;,&quot;title&quot;:&quot;40 years Audi Sport GmbH&quot;,&quot;orientation&quot;:&quot;1&quot;}\" data-image-title=\"40 years Audi Sport GmbH\" data-image-description=\"\" data-image-caption=\"&lt;p&gt;Models from left to right (Standaufnahme):&lt;br \/&gt;\nAudi R8 Coup\u00e9, 1st generation&lt;br \/&gt;\nAudi TT RS Coup\u00e9 iconic edition, colour: Nardo Grey&lt;br \/&gt;\nAudi R8 Coup\u00e9 V10 GT RWD, colour: Tango Red&lt;br \/&gt;\nAudi TT RS, 1st generation&lt;\/p&gt;\n\" data-medium-file=\"https:\/\/www.tts-freunde.de\/blog\/wp-content\/uploads\/2023\/05\/A231990_large-300x212.jpg\" data-large-file=\"https:\/\/www.tts-freunde.de\/blog\/wp-content\/uploads\/2023\/05\/A231990_large-1024x724.jpg\" tabindex=\"0\" role=\"button\" src=\"https:\/\/www.tts-freunde.de\/blog\/wp-content\/uploads\/2023\/05\/A231990_large-1024x724.jpg\" alt=\"\" width=\"750\" height=\"530\" class=\"size-large wp-image-6687\" srcset=\"https:\/\/www.tts-freunde.de\/blog\/wp-content\/uploads\/2023\/05\/A231990_large-1024x724.jpg 1024w, https:\/\/www.tts-freunde.de\/blog\/wp-content\/uploads\/2023\/05\/A231990_large-300x212.jpg 300w, https:\/\/www.tts-freunde.de\/blog\/wp-content\/uploads\/2023\/05\/A231990_large-768x543.jpg 768w, https:\/\/www.tts-freunde.de\/blog\/wp-content\/uploads\/2023\/05\/A231990_large-1536x1086.jpg 1536w, https:\/\/www.tts-freunde.de\/blog\/wp-content\/uploads\/2023\/05\/A231990_large-2048x1448.jpg 2048w, https:\/\/www.tts-freunde.de\/blog\/wp-content\/uploads\/2023\/05\/A231990_large-50x35.jpg 50w\" sizes=\"(max-width: 750px) 100vw, 750px\" \/><\/a><p id=\"caption-attachment-6687\" class=\"wp-caption-text\">Models from left to right (Standaufnahme):<br \/>Audi R8 Coup\u00e9, 1st generation<br \/>Audi TT RS Coup\u00e9 iconic edition, colour: Nardo Grey<br \/>Audi R8 Coup\u00e9 V10 GT RWD, colour: Tango Red<br \/>Audi TT RS, 1st generation<\/p><\/div>\n<h3>Gut aufgestellt f\u00fcr die Zukunft<\/h3>\n<p>\u201eDie Audi Sport GmbH hat in den vergangenen vier Jahrzehnten eine echte Erfolgsgeschichte geschrieben. Mit Leidenschaft und Teamspirit wurden viele spannende High-Performance-Projekte zur Serienreife entwickelt, emotionale Kundenerlebnisse geschaffen und gro\u00dfe Erfolge im Motorsport eingefahren\u201c, sagt Oliver Hoffmann, Vorstand Technische Entwicklung AUDI AG und Beiratsvorsitzender der Audi Sport GmbH. \u201eWir haben ein klares Ziel: Die sportliche DNA der Vier Ringe erfolgreich in die elektrische Zukunft zu tragen.\u201c Gesch\u00e4ftsf\u00fchrer Sebastian Grams erg\u00e4nzt: \u201eDas Unternehmen ist sich in all den Jahren treu geblieben, war immer mutig und hat Neues gewagt. Dieser Innovationsgeist pr\u00e4gt uns auch heute noch. Wir wollen die Zukunft der Mobilit\u00e4t im Hochleistungssegment nachhaltig und progressiv gestalten.<\/p>\n<p>Aktuell engagiert sich die Audi Sport GmbH in vier Gesch\u00e4ftsfeldern: Neben der Entwicklung und Produktion von Hochleistungsmodellen verantwortet sie sowohl den Werk- als auch den Kunden-Motorsport der Vier Ringe. Dar\u00fcber hinaus geh\u00f6ren die Fahrzeugindividualisierung \u00fcber das Programm Audi exclusive und der Verkauf von hochwertigen Lifestyle-Kollektionen der Audi collection zu ihren Kernbereichen. Derzeit sind rund 1.500 Mitarbeitende bei der Audi Sport GmbH angestellt. 2022 stellte die hundertprozentige Tochtergesellschaft der AUDI AG mit exakt 45.515 Autos erneut einen Auslieferungsrekord auf. Das Fahrzeugportfolio ist mit 16 Modellen so gro\u00df wie nie und reicht vom kompakten Audi RS 3 Sportback\u00a0\u00fcber den Hochleistungs-SUV RS Q8, bis zum Supersportwagen R8 Coup\u00e9\u00a0und dem elektrischen Topmodell RS <span class=\"nowrap\">e-tron<\/span> GT. Mit dem vollelektrischen viert\u00fcrigen Coup\u00e9 beweist die sportliche Audi-Tochter Pioniergeist in Sachen Elektromobilit\u00e4t. Im vergangenen Jahr waren bereits 10.042, also rund ein Viertel der ausgelieferten Fahrzeuge der Audi Sport GmbH, Modelle der <span class=\"nowrap\">e-tron<\/span> GT-Familie, etwa jedes dritte Modell davon ein RS-Modell. \u201eWir wollen unseren Kunden segment-spezifisch das richtige Angebot machen. Das reicht von der Breitenelektrifizierung per Mild-Hybrid \u00fcber die Flexibilit\u00e4t des k\u00fcnftigen Performance Plug-in-Hybrid bis hin zum besonderen Fahrerlebnis des Elektroautos\u201c, erkl\u00e4rt Sebastian Grams die Unternehmensstrategie. \u201eMit dem RS <span class=\"nowrap\">e-tron<\/span> GT haben wir das Zeitalter von hochemotionalen und elektrischen Fahrzeugen begonnen \u2013 mit den neuen vollelektrischen Audi Sport Modellen der PPE-Plattform, wie dem ersten elektrischen Performance-SUV, werden wir dieses Kapitel fortf\u00fchren. Bis zum Ende des Jahrzehnts soll das Portfolio hundertprozentig auf batterieelektrische (BEV) und teilelektrische (PHEV) Modelle umgestellt werden. Gleichzeitig wollen wir unsere Kleinserienkompetenz f\u00fcr hochemotionale Fahrzeuge k\u00fcnftig noch st\u00e4rker nutzen.\u201c<\/p>\n<p>Und auch im Motorsport ist die Audi Sport GmbH f\u00fcr Audi eine ma\u00dfgebliche Triebfeder der Elektrifizierung. Unter ihrer F\u00fchrung entstand 2021 der innovative Prototyp Audi RS Q <span class=\"nowrap\">e-tron<\/span> f\u00fcr die erste Teilnahme an der legend\u00e4ren Rallye Dakar. Das Antriebskonzept des Fahrzeugs kombiniert einen elektrischen Antriebsstrang mit einer Hochvoltbatterie und einem hocheffizienten Energiewandler, der die Hochvoltbatterie w\u00e4hrend der Fahrt aufl\u00e4dt. Der Energiewandler besteht aus dem TFSI-Motor aus der DTM, der an eine Antriebseinheit aus der Formel E als Generator gekoppelt ist. Ab 2026 treten die Vier Ringe in der FIA-Formel-1-Weltmeisterschaft an. Das neue Regelwerk setzt auf eine st\u00e4rkere Elektrifizierung, der elektrische Antrieb (MGU-K) leistet dann ann\u00e4hernd so viel wie der Verbrennungsmotor.\u00a0Die hocheffizienten 1,6-Liter-Turbomotoren werden mit nachhaltigem synthetischen Kraftstoff angetrieben. F\u00fcr den Einstieg in die K\u00f6nigsklasse des Motorsports wurde mit der Audi Formula Racing GmbH eine eigenst\u00e4ndige Gesellschaft gegr\u00fcndet.<\/p>\n<h3>Stetiger Wandel<\/h3>\n<p>Als die Audi Sport GmbH 1983 als quattro GmbH mit nur wenigen Mitarbeitenden gegr\u00fcndet wurde, hat wohl kaum jemand damit gerechnet, dass daraus in den folgenden vier Jahrzehnten ein Hersteller hochwertiger High-Performance-Fahrzeuge mit einem \u00e4u\u00dferst erfolgreichen Motorsportprogramm werden w\u00fcrde. In der Anfangszeit ging es f\u00fcr das Unternehmen vorrangig darum, den Schutz des Namens \u201equattro\u201c und die Vermarktungsrechte zu gew\u00e4hrleisten. Doch seitdem hat sich das Unternehmen kontinuierlich weiterentwickelt und neue Gesch\u00e4ftsfelder erschlossen. So begann 1984 der Verkauf von Accessoires. Seitdem lassen die Artikel der Audi collection die Herzen der Fans h\u00f6herschlagen. Ob Bekleidung, Reisegep\u00e4ck oder Modellautos \u2013 die Lifestyle-Kollektion erm\u00f6glicht ein umfangreiches Markenerlebnis. Elf Jahre sp\u00e4ter kam ein weiteres wichtiges Standbein hinzu: Seit 1995 k\u00f6nnen Audi Sport-Kund_innen, die das Au\u00dfergew\u00f6hnliche lieben, ihre Fahrzeuge individualisieren lassen. Die M\u00f6glichkeiten und Ausstattungsprogramme von Audi exclusive sind betr\u00e4chtlich und waren immer ein Garant f\u00fcr technische und optische Highlights. Eines der au\u00dfergew\u00f6hnlichsten Fahrzeuge war dabei wohl das Audi-Cabriolet \u201ePicasso\u201c mit Lederinterieur nach Entw\u00fcrfen des weltbekannten K\u00fcnstlers.<\/p>\n<p>Nur ein Jahr sp\u00e4ter folgte ein weiterer Meilenstein der Unternehmensgeschichte: Die quattro GmbH wurde zum eingetragenen Fahrzeughersteller und pr\u00e4sentierte mit dem S6 plus das erste eigene Modell auf dem Automobilsalon in Genf. 2007 deb\u00fctierte der erste Supersportwagen der Vier Ringe: der heute in seiner zweiten Generation erh\u00e4ltliche Audi R8. Die GT3-Version des Mittelmotorsportwagens war auch der Ausgangspunkt f\u00fcr das Kundensportprogramm, das seitdem mit den Modellen RS 3 LMS, R8 LMS GT4 und R8 LMS GT2 weiter ausgebaut wurde. Bis heute haben von Audi Sport customer racing gebaute Fahrzeuge weltweit mehr als 400 Titel und unz\u00e4hlige Rennsiege eingefahren. Der R8 bekam 2014 mit den B\u00f6llinger H\u00f6fen eine ganz besondere Produktionsst\u00e4tte, die vom Zusammenspiel zwischen Manufaktur und smart factory gepr\u00e4gt ist. Hier entstehen heute auf rund 40.000 Quadratmetern Produktionsfl\u00e4che neben dem Mittelmotorsportler auch die elektrifizierten Topmodelle <span class=\"nowrap\">e-tron<\/span> GT quattro\u00a0und RS <span class=\"nowrap\">e-tron<\/span> GT auf einer konzernweit einzigartigen, gemeinsamen Montagelinie. 2016 wurde die quattro GmbH in Audi Sport GmbH umfirmiert \u2013 der Name Audi Sport gr\u00fcndet sich auf die lange und erfolgreiche Tradition der Vier Ringe im Motorsport.<\/p>\n<p>\u201eDie Audi Sport GmbH kann auf 40 spannende und sehr erfolgreiche Jahre zur\u00fcckblicken. Dies war und ist nur dank einer starken Teamleistung m\u00f6glich\u201c, sagt Rolf Michl. \u201eF\u00fcr uns steht fest: Neue, ungew\u00f6hnliche Wege zu gehen und sich kontinuierlich weiterzuentwickeln \u2013 dies wird auch weiterhin die Audi Sport GmbH pr\u00e4gen.\u201c<\/p>\n<\/div>\n<\/div>\n<\/div>\n","protected":false},"excerpt":{"rendered":"<p>Audi-Tochter feiert in diesem Jahr ihren 40. Geburtstag Oliver Hoffmann: \u201eWir haben ein klares Ziel: Die sportliche DNA der Vier Ringe erfolgreich in die elektrische Zukunft zu tragen\u201c Rolf Michl: \u201eN\u00fcrburgring ist ein magischer Ort f\u00fcr uns\u201c Sebastian Grams: \u201eWollen Zukunft der Mobilit\u00e4t im Hochleistungssegment nachhaltig und progressiv gestalten\u201c Vor [&hellip;]<\/p>\n","protected":false},"author":1,"featured_media":6685,"comment_status":"closed","ping_status":"open","sticky":false,"template":"","format":"standard","meta":{"jetpack_post_was_ever_published":false,"_jetpack_newsletter_access":"","_jetpack_dont_email_post_to_subs":false,"_jetpack_newsletter_tier_id":0,"_jetpack_memberships_contains_paywalled_content":false,"_jetpack_memberships_contains_paid_content":false,"footnotes":"","jetpack_publicize_message":"","jetpack_publicize_feature_enabled":true,"jetpack_social_post_already_shared":true,"jetpack_social_options":{"image_generator_settings":{"template":"highway","enabled":false},"version":2}},"categories":[16],"tags":[],"class_list":["post-6684","post","type-post","status-publish","format-standard","has-post-thumbnail","hentry","category-audi-ag"],"wppr_data":{"cwp_meta_box_check":"No"},"jetpack_publicize_connections":[],"yoast_head":"<!-- This site is optimized with the Yoast SEO plugin v23.3 - https:\/\/yoast.com\/wordpress\/plugins\/seo\/ -->\n<title>Rote Raute trifft \u201eGr\u00fcne H\u00f6lle\u201c: 40 Jahre Audi Sport GmbH mit besonderem Start am N\u00fcrburgring - Audi Blog<\/title>\n<meta name=\"robots\" content=\"index, follow, max-snippet:-1, max-image-preview:large, max-video-preview:-1\" \/>\n<link rel=\"canonical\" href=\"https:\/\/www.audi-mediacenter.com\/de\/pressemitteilungen\/rote-raute-trifft-gruene-hoelle-40-jahre-audi-sport-gmbh-mit-besonderem-start-am-nuerburgring-15349\" \/>\n<meta property=\"og:locale\" content=\"de_DE\" \/>\n<meta property=\"og:type\" content=\"article\" \/>\n<meta property=\"og:title\" content=\"Rote Raute trifft \u201eGr\u00fcne H\u00f6lle\u201c: 40 Jahre Audi Sport GmbH mit besonderem Start am N\u00fcrburgring - Audi Blog\" \/>\n<meta property=\"og:description\" content=\"Audi-Tochter feiert in diesem Jahr ihren 40. Geburtstag Oliver Hoffmann: \u201eWir haben ein klares Ziel: Die sportliche DNA der Vier Ringe erfolgreich in die elektrische Zukunft zu tragen\u201c Rolf Michl: \u201eN\u00fcrburgring ist ein magischer Ort f\u00fcr uns\u201c Sebastian Grams: \u201eWollen Zukunft der Mobilit\u00e4t im Hochleistungssegment nachhaltig und progressiv gestalten\u201c Vor [&hellip;]\" \/>\n<meta property=\"og:url\" content=\"https:\/\/www.audi-mediacenter.com\/de\/pressemitteilungen\/rote-raute-trifft-gruene-hoelle-40-jahre-audi-sport-gmbh-mit-besonderem-start-am-nuerburgring-15349\" \/>\n<meta property=\"og:site_name\" content=\"Audi Blog\" \/>\n<meta property=\"article:published_time\" content=\"2023-05-24T16:50:50+00:00\" \/>\n<meta property=\"og:image\" content=\"https:\/\/www.tts-freunde.de\/blog\/wp-content\/uploads\/2023\/05\/A231957_medium-scaled.jpg\" \/>\n\t<meta property=\"og:image:width\" content=\"2560\" \/>\n\t<meta property=\"og:image:height\" content=\"1811\" \/>\n\t<meta property=\"og:image:type\" content=\"image\/jpeg\" \/>\n<meta name=\"author\" content=\"admin\" \/>\n<meta name=\"twitter:card\" content=\"summary_large_image\" \/>\n<meta name=\"twitter:label1\" content=\"Verfasst von\" \/>\n\t<meta name=\"twitter:data1\" content=\"admin\" \/>\n\t<meta name=\"twitter:label2\" content=\"Gesch\u00e4tzte Lesezeit\" \/>\n\t<meta name=\"twitter:data2\" content=\"11\u00a0Minuten\" \/>\n<script type=\"application\/ld+json\" class=\"yoast-schema-graph\">{\"@context\":\"https:\/\/schema.org\",\"@graph\":[{\"@type\":\"Article\",\"@id\":\"https:\/\/www.audi-mediacenter.com\/de\/pressemitteilungen\/rote-raute-trifft-gruene-hoelle-40-jahre-audi-sport-gmbh-mit-besonderem-start-am-nuerburgring-15349#article\",\"isPartOf\":{\"@id\":\"https:\/\/www.tts-freunde.de\/blog\/2023\/05\/24\/rote-raute-trifft-gruene-hoelle-40-jahre-audi-sport-gmbh-mit-besonderem-start-am-nuerburgring\/\"},\"author\":{\"name\":\"admin\",\"@id\":\"https:\/\/www.tts-freunde.de\/blog\/#\/schema\/person\/b67f6a54e98f013bd281dbe05514b701\"},\"headline\":\"Rote Raute trifft \u201eGr\u00fcne H\u00f6lle\u201c: 40 Jahre Audi Sport GmbH mit besonderem Start am N\u00fcrburgring\",\"datePublished\":\"2023-05-24T16:50:50+00:00\",\"dateModified\":\"2023-05-24T16:50:50+00:00\",\"mainEntityOfPage\":{\"@id\":\"https:\/\/www.tts-freunde.de\/blog\/2023\/05\/24\/rote-raute-trifft-gruene-hoelle-40-jahre-audi-sport-gmbh-mit-besonderem-start-am-nuerburgring\/\"},\"wordCount\":1859,\"publisher\":{\"@id\":\"https:\/\/www.tts-freunde.de\/blog\/#organization\"},\"image\":{\"@id\":\"https:\/\/www.audi-mediacenter.com\/de\/pressemitteilungen\/rote-raute-trifft-gruene-hoelle-40-jahre-audi-sport-gmbh-mit-besonderem-start-am-nuerburgring-15349#primaryimage\"},\"thumbnailUrl\":\"https:\/\/www.tts-freunde.de\/blog\/wp-content\/uploads\/2023\/05\/A231957_medium-scaled.jpg\",\"articleSection\":[\"Audi AG\"],\"inLanguage\":\"de\"},{\"@type\":\"WebPage\",\"@id\":\"https:\/\/www.tts-freunde.de\/blog\/2023\/05\/24\/rote-raute-trifft-gruene-hoelle-40-jahre-audi-sport-gmbh-mit-besonderem-start-am-nuerburgring\/\",\"url\":\"https:\/\/www.audi-mediacenter.com\/de\/pressemitteilungen\/rote-raute-trifft-gruene-hoelle-40-jahre-audi-sport-gmbh-mit-besonderem-start-am-nuerburgring-15349\",\"name\":\"Rote Raute trifft \u201eGr\u00fcne H\u00f6lle\u201c: 40 Jahre Audi Sport GmbH mit besonderem Start am N\u00fcrburgring - Audi Blog\",\"isPartOf\":{\"@id\":\"https:\/\/www.tts-freunde.de\/blog\/#website\"},\"primaryImageOfPage\":{\"@id\":\"https:\/\/www.audi-mediacenter.com\/de\/pressemitteilungen\/rote-raute-trifft-gruene-hoelle-40-jahre-audi-sport-gmbh-mit-besonderem-start-am-nuerburgring-15349#primaryimage\"},\"image\":{\"@id\":\"https:\/\/www.audi-mediacenter.com\/de\/pressemitteilungen\/rote-raute-trifft-gruene-hoelle-40-jahre-audi-sport-gmbh-mit-besonderem-start-am-nuerburgring-15349#primaryimage\"},\"thumbnailUrl\":\"https:\/\/www.tts-freunde.de\/blog\/wp-content\/uploads\/2023\/05\/A231957_medium-scaled.jpg\",\"datePublished\":\"2023-05-24T16:50:50+00:00\",\"dateModified\":\"2023-05-24T16:50:50+00:00\",\"breadcrumb\":{\"@id\":\"https:\/\/www.audi-mediacenter.com\/de\/pressemitteilungen\/rote-raute-trifft-gruene-hoelle-40-jahre-audi-sport-gmbh-mit-besonderem-start-am-nuerburgring-15349#breadcrumb\"},\"inLanguage\":\"de\",\"potentialAction\":[{\"@type\":\"ReadAction\",\"target\":[\"https:\/\/www.audi-mediacenter.com\/de\/pressemitteilungen\/rote-raute-trifft-gruene-hoelle-40-jahre-audi-sport-gmbh-mit-besonderem-start-am-nuerburgring-15349\"]}]},{\"@type\":\"ImageObject\",\"inLanguage\":\"de\",\"@id\":\"https:\/\/www.audi-mediacenter.com\/de\/pressemitteilungen\/rote-raute-trifft-gruene-hoelle-40-jahre-audi-sport-gmbh-mit-besonderem-start-am-nuerburgring-15349#primaryimage\",\"url\":\"https:\/\/www.tts-freunde.de\/blog\/wp-content\/uploads\/2023\/05\/A231957_medium-scaled.jpg\",\"contentUrl\":\"https:\/\/www.tts-freunde.de\/blog\/wp-content\/uploads\/2023\/05\/A231957_medium-scaled.jpg\",\"width\":2560,\"height\":1811,\"caption\":\"Selection of high-performance models from Audi Sport GmbH\"},{\"@type\":\"BreadcrumbList\",\"@id\":\"https:\/\/www.audi-mediacenter.com\/de\/pressemitteilungen\/rote-raute-trifft-gruene-hoelle-40-jahre-audi-sport-gmbh-mit-besonderem-start-am-nuerburgring-15349#breadcrumb\",\"itemListElement\":[{\"@type\":\"ListItem\",\"position\":1,\"name\":\"Home\",\"item\":\"https:\/\/www.tts-freunde.de\/blog\/\"},{\"@type\":\"ListItem\",\"position\":2,\"name\":\"Rote Raute trifft \u201eGr\u00fcne H\u00f6lle\u201c: 40 Jahre Audi Sport GmbH mit besonderem Start am N\u00fcrburgring\"}]},{\"@type\":\"WebSite\",\"@id\":\"https:\/\/www.tts-freunde.de\/blog\/#website\",\"url\":\"https:\/\/www.tts-freunde.de\/blog\/\",\"name\":\"Audi Blog\",\"description\":\"Deutscher Audi Blog - TTS-Freunde\",\"publisher\":{\"@id\":\"https:\/\/www.tts-freunde.de\/blog\/#organization\"},\"potentialAction\":[{\"@type\":\"SearchAction\",\"target\":{\"@type\":\"EntryPoint\",\"urlTemplate\":\"https:\/\/www.tts-freunde.de\/blog\/?s={search_term_string}\"},\"query-input\":\"required name=search_term_string\"}],\"inLanguage\":\"de\"},{\"@type\":\"Organization\",\"@id\":\"https:\/\/www.tts-freunde.de\/blog\/#organization\",\"name\":\"Audi Blog\",\"url\":\"https:\/\/www.tts-freunde.de\/blog\/\",\"logo\":{\"@type\":\"ImageObject\",\"inLanguage\":\"de\",\"@id\":\"https:\/\/www.tts-freunde.de\/blog\/#\/schema\/logo\/image\/\",\"url\":\"https:\/\/www.tts-freunde.de\/blog\/wp-content\/uploads\/2022\/12\/logo_2022.jpg\",\"contentUrl\":\"https:\/\/www.tts-freunde.de\/blog\/wp-content\/uploads\/2022\/12\/logo_2022.jpg\",\"width\":240,\"height\":41,\"caption\":\"Audi Blog\"},\"image\":{\"@id\":\"https:\/\/www.tts-freunde.de\/blog\/#\/schema\/logo\/image\/\"}},{\"@type\":\"Person\",\"@id\":\"https:\/\/www.tts-freunde.de\/blog\/#\/schema\/person\/b67f6a54e98f013bd281dbe05514b701\",\"name\":\"admin\",\"image\":{\"@type\":\"ImageObject\",\"inLanguage\":\"de\",\"@id\":\"https:\/\/www.tts-freunde.de\/blog\/#\/schema\/person\/image\/\",\"url\":\"https:\/\/secure.gravatar.com\/avatar\/08a4bd330e25056ddb430c28136b38a6?s=96&d=mm&r=g\",\"contentUrl\":\"https:\/\/secure.gravatar.com\/avatar\/08a4bd330e25056ddb430c28136b38a6?s=96&d=mm&r=g\",\"caption\":\"admin\"},\"sameAs\":[\"http:\/\/www.tts-freunde.de\"],\"url\":\"https:\/\/www.tts-freunde.de\/blog\/author\/admin\/\"}]}<\/script>\n<!-- \/ Yoast SEO plugin. -->","yoast_head_json":{"title":"Rote Raute trifft \u201eGr\u00fcne H\u00f6lle\u201c: 40 Jahre Audi Sport GmbH mit besonderem Start am N\u00fcrburgring - Audi Blog","robots":{"index":"index","follow":"follow","max-snippet":"max-snippet:-1","max-image-preview":"max-image-preview:large","max-video-preview":"max-video-preview:-1"},"canonical":"https:\/\/www.audi-mediacenter.com\/de\/pressemitteilungen\/rote-raute-trifft-gruene-hoelle-40-jahre-audi-sport-gmbh-mit-besonderem-start-am-nuerburgring-15349","og_locale":"de_DE","og_type":"article","og_title":"Rote Raute trifft \u201eGr\u00fcne H\u00f6lle\u201c: 40 Jahre Audi Sport GmbH mit besonderem Start am N\u00fcrburgring - Audi Blog","og_description":"Audi-Tochter feiert in diesem Jahr ihren 40. Geburtstag Oliver Hoffmann: \u201eWir haben ein klares Ziel: Die sportliche DNA der Vier Ringe erfolgreich in die elektrische Zukunft zu tragen\u201c Rolf Michl: \u201eN\u00fcrburgring ist ein magischer Ort f\u00fcr uns\u201c Sebastian Grams: \u201eWollen Zukunft der Mobilit\u00e4t im Hochleistungssegment nachhaltig und progressiv gestalten\u201c Vor [&hellip;]","og_url":"https:\/\/www.audi-mediacenter.com\/de\/pressemitteilungen\/rote-raute-trifft-gruene-hoelle-40-jahre-audi-sport-gmbh-mit-besonderem-start-am-nuerburgring-15349","og_site_name":"Audi Blog","article_published_time":"2023-05-24T16:50:50+00:00","og_image":[{"width":2560,"height":1811,"url":"https:\/\/www.tts-freunde.de\/blog\/wp-content\/uploads\/2023\/05\/A231957_medium-scaled.jpg","type":"image\/jpeg"}],"author":"admin","twitter_card":"summary_large_image","twitter_misc":{"Verfasst von":"admin","Gesch\u00e4tzte Lesezeit":"11\u00a0Minuten"},"schema":{"@context":"https:\/\/schema.org","@graph":[{"@type":"Article","@id":"https:\/\/www.audi-mediacenter.com\/de\/pressemitteilungen\/rote-raute-trifft-gruene-hoelle-40-jahre-audi-sport-gmbh-mit-besonderem-start-am-nuerburgring-15349#article","isPartOf":{"@id":"https:\/\/www.tts-freunde.de\/blog\/2023\/05\/24\/rote-raute-trifft-gruene-hoelle-40-jahre-audi-sport-gmbh-mit-besonderem-start-am-nuerburgring\/"},"author":{"name":"admin","@id":"https:\/\/www.tts-freunde.de\/blog\/#\/schema\/person\/b67f6a54e98f013bd281dbe05514b701"},"headline":"Rote Raute trifft \u201eGr\u00fcne H\u00f6lle\u201c: 40 Jahre Audi Sport GmbH mit besonderem Start am N\u00fcrburgring","datePublished":"2023-05-24T16:50:50+00:00","dateModified":"2023-05-24T16:50:50+00:00","mainEntityOfPage":{"@id":"https:\/\/www.tts-freunde.de\/blog\/2023\/05\/24\/rote-raute-trifft-gruene-hoelle-40-jahre-audi-sport-gmbh-mit-besonderem-start-am-nuerburgring\/"},"wordCount":1859,"publisher":{"@id":"https:\/\/www.tts-freunde.de\/blog\/#organization"},"image":{"@id":"https:\/\/www.audi-mediacenter.com\/de\/pressemitteilungen\/rote-raute-trifft-gruene-hoelle-40-jahre-audi-sport-gmbh-mit-besonderem-start-am-nuerburgring-15349#primaryimage"},"thumbnailUrl":"https:\/\/www.tts-freunde.de\/blog\/wp-content\/uploads\/2023\/05\/A231957_medium-scaled.jpg","articleSection":["Audi AG"],"inLanguage":"de"},{"@type":"WebPage","@id":"https:\/\/www.tts-freunde.de\/blog\/2023\/05\/24\/rote-raute-trifft-gruene-hoelle-40-jahre-audi-sport-gmbh-mit-besonderem-start-am-nuerburgring\/","url":"https:\/\/www.audi-mediacenter.com\/de\/pressemitteilungen\/rote-raute-trifft-gruene-hoelle-40-jahre-audi-sport-gmbh-mit-besonderem-start-am-nuerburgring-15349","name":"Rote Raute trifft \u201eGr\u00fcne H\u00f6lle\u201c: 40 Jahre Audi Sport GmbH mit besonderem Start am N\u00fcrburgring - Audi Blog","isPartOf":{"@id":"https:\/\/www.tts-freunde.de\/blog\/#website"},"primaryImageOfPage":{"@id":"https:\/\/www.audi-mediacenter.com\/de\/pressemitteilungen\/rote-raute-trifft-gruene-hoelle-40-jahre-audi-sport-gmbh-mit-besonderem-start-am-nuerburgring-15349#primaryimage"},"image":{"@id":"https:\/\/www.audi-mediacenter.com\/de\/pressemitteilungen\/rote-raute-trifft-gruene-hoelle-40-jahre-audi-sport-gmbh-mit-besonderem-start-am-nuerburgring-15349#primaryimage"},"thumbnailUrl":"https:\/\/www.tts-freunde.de\/blog\/wp-content\/uploads\/2023\/05\/A231957_medium-scaled.jpg","datePublished":"2023-05-24T16:50:50+00:00","dateModified":"2023-05-24T16:50:50+00:00","breadcrumb":{"@id":"https:\/\/www.audi-mediacenter.com\/de\/pressemitteilungen\/rote-raute-trifft-gruene-hoelle-40-jahre-audi-sport-gmbh-mit-besonderem-start-am-nuerburgring-15349#breadcrumb"},"inLanguage":"de","potentialAction":[{"@type":"ReadAction","target":["https:\/\/www.audi-mediacenter.com\/de\/pressemitteilungen\/rote-raute-trifft-gruene-hoelle-40-jahre-audi-sport-gmbh-mit-besonderem-start-am-nuerburgring-15349"]}]},{"@type":"ImageObject","inLanguage":"de","@id":"https:\/\/www.audi-mediacenter.com\/de\/pressemitteilungen\/rote-raute-trifft-gruene-hoelle-40-jahre-audi-sport-gmbh-mit-besonderem-start-am-nuerburgring-15349#primaryimage","url":"https:\/\/www.tts-freunde.de\/blog\/wp-content\/uploads\/2023\/05\/A231957_medium-scaled.jpg","contentUrl":"https:\/\/www.tts-freunde.de\/blog\/wp-content\/uploads\/2023\/05\/A231957_medium-scaled.jpg","width":2560,"height":1811,"caption":"Selection of high-performance models from Audi Sport GmbH"},{"@type":"BreadcrumbList","@id":"https:\/\/www.audi-mediacenter.com\/de\/pressemitteilungen\/rote-raute-trifft-gruene-hoelle-40-jahre-audi-sport-gmbh-mit-besonderem-start-am-nuerburgring-15349#breadcrumb","itemListElement":[{"@type":"ListItem","position":1,"name":"Home","item":"https:\/\/www.tts-freunde.de\/blog\/"},{"@type":"ListItem","position":2,"name":"Rote Raute trifft \u201eGr\u00fcne H\u00f6lle\u201c: 40 Jahre Audi Sport GmbH mit besonderem Start am N\u00fcrburgring"}]},{"@type":"WebSite","@id":"https:\/\/www.tts-freunde.de\/blog\/#website","url":"https:\/\/www.tts-freunde.de\/blog\/","name":"Audi Blog","description":"Deutscher Audi Blog - TTS-Freunde","publisher":{"@id":"https:\/\/www.tts-freunde.de\/blog\/#organization"},"potentialAction":[{"@type":"SearchAction","target":{"@type":"EntryPoint","urlTemplate":"https:\/\/www.tts-freunde.de\/blog\/?s={search_term_string}"},"query-input":"required name=search_term_string"}],"inLanguage":"de"},{"@type":"Organization","@id":"https:\/\/www.tts-freunde.de\/blog\/#organization","name":"Audi Blog","url":"https:\/\/www.tts-freunde.de\/blog\/","logo":{"@type":"ImageObject","inLanguage":"de","@id":"https:\/\/www.tts-freunde.de\/blog\/#\/schema\/logo\/image\/","url":"https:\/\/www.tts-freunde.de\/blog\/wp-content\/uploads\/2022\/12\/logo_2022.jpg","contentUrl":"https:\/\/www.tts-freunde.de\/blog\/wp-content\/uploads\/2022\/12\/logo_2022.jpg","width":240,"height":41,"caption":"Audi Blog"},"image":{"@id":"https:\/\/www.tts-freunde.de\/blog\/#\/schema\/logo\/image\/"}},{"@type":"Person","@id":"https:\/\/www.tts-freunde.de\/blog\/#\/schema\/person\/b67f6a54e98f013bd281dbe05514b701","name":"admin","image":{"@type":"ImageObject","inLanguage":"de","@id":"https:\/\/www.tts-freunde.de\/blog\/#\/schema\/person\/image\/","url":"https:\/\/secure.gravatar.com\/avatar\/08a4bd330e25056ddb430c28136b38a6?s=96&d=mm&r=g","contentUrl":"https:\/\/secure.gravatar.com\/avatar\/08a4bd330e25056ddb430c28136b38a6?s=96&d=mm&r=g","caption":"admin"},"sameAs":["http:\/\/www.tts-freunde.de"],"url":"https:\/\/www.tts-freunde.de\/blog\/author\/admin\/"}]}},"jetpack_sharing_enabled":true,"jetpack_featured_media_url":"https:\/\/www.tts-freunde.de\/blog\/wp-content\/uploads\/2023\/05\/A231957_medium-scaled.jpg","jetpack_shortlink":"https:\/\/wp.me\/p67hWW-1JO","jetpack_likes_enabled":false,"jetpack-related-posts":[],"_links":{"self":[{"href":"https:\/\/www.tts-freunde.de\/blog\/wp-json\/wp\/v2\/posts\/6684"}],"collection":[{"href":"https:\/\/www.tts-freunde.de\/blog\/wp-json\/wp\/v2\/posts"}],"about":[{"href":"https:\/\/www.tts-freunde.de\/blog\/wp-json\/wp\/v2\/types\/post"}],"author":[{"embeddable":true,"href":"https:\/\/www.tts-freunde.de\/blog\/wp-json\/wp\/v2\/users\/1"}],"replies":[{"embeddable":true,"href":"https:\/\/www.tts-freunde.de\/blog\/wp-json\/wp\/v2\/comments?post=6684"}],"version-history":[{"count":1,"href":"https:\/\/www.tts-freunde.de\/blog\/wp-json\/wp\/v2\/posts\/6684\/revisions"}],"predecessor-version":[{"id":6688,"href":"https:\/\/www.tts-freunde.de\/blog\/wp-json\/wp\/v2\/posts\/6684\/revisions\/6688"}],"wp:featuredmedia":[{"embeddable":true,"href":"https:\/\/www.tts-freunde.de\/blog\/wp-json\/wp\/v2\/media\/6685"}],"wp:attachment":[{"href":"https:\/\/www.tts-freunde.de\/blog\/wp-json\/wp\/v2\/media?parent=6684"}],"wp:term":[{"taxonomy":"category","embeddable":true,"href":"https:\/\/www.tts-freunde.de\/blog\/wp-json\/wp\/v2\/categories?post=6684"},{"taxonomy":"post_tag","embeddable":true,"href":"https:\/\/www.tts-freunde.de\/blog\/wp-json\/wp\/v2\/tags?post=6684"}],"curies":[{"name":"wp","href":"https:\/\/api.w.org\/{rel}","templated":true}]}}