{"id":6897,"date":"2024-01-15T18:49:52","date_gmt":"2024-01-15T17:49:52","guid":{"rendered":"https:\/\/www.tts-freunde.de\/blog\/?p=6897"},"modified":"2024-01-15T18:49:52","modified_gmt":"2024-01-15T17:49:52","slug":"doppelfuehrung-fuer-audi-zur-halbzeit-der-rallye-dakar-2024","status":"publish","type":"post","link":"https:\/\/www.tts-freunde.de\/blog\/2024\/01\/15\/doppelfuehrung-fuer-audi-zur-halbzeit-der-rallye-dakar-2024\/","title":{"rendered":"Doppelf\u00fchrung f\u00fcr Audi zur Halbzeit der Rallye Dakar 2024"},"content":{"rendered":"<ul>\n<li>Carlos Sainz\/Lucas Cruz f\u00fchren vor Mattias Ekstr\u00f6m\/Emil Bergkvist<\/li>\n<li>Spannung, Abwechslung und ein ausgeglichenes Feld pr\u00e4gen die Rallye<\/li>\n<li>Terrain, Distanzen und Navigation stellen h\u00f6chste Anforderungen<\/li>\n<\/ul>\n<div class=\"page-row column-width-100\">\n<div class=\"container -narrow\">\n<div class=\"page-item--intro\" id=\"item-b81daf86-deea-485a-b572-6eaad8959d81\">\n<div class=\"intro-text\">\n<p>Das Team Audi Sport blickt zur Halbzeit der Rallye Dakar auf seine bislang beste Leistung: Bei seiner dritten Teilnahme an dem W\u00fcsten-Klassiker verbucht Audi mit den Spaniern Carlos Sainz\/Lucas Cruz vor den Schweden Mattias Ekstr\u00f6m\/Emil Bergkvist nach sechs von zw\u00f6lf Etappen eine Doppelf\u00fchrung. In einer besonders anspruchsvollen Ausgabe der h\u00e4rtesten W\u00fcstenrallye der Welt zeichnet sich der innovative Audi RS Q <span class=\"nowrap\">e-tron<\/span> durch die Effizienz seines elektrischen Antriebs und seine ausgepr\u00e4gte Zuverl\u00e4ssigkeit auf den ersten 4.200 Kilometern aus.<\/p>\n<\/div>\n<\/div>\n<\/div>\n<\/div>\n<div class=\"page-row-spacer\">\n<div id=\"attachment_6898\" style=\"width: 760px\" class=\"wp-caption alignleft\"><a href=\"https:\/\/www.tts-freunde.de\/blog\/wp-content\/uploads\/2024\/01\/A240200_medium-scaled.jpg\"><img loading=\"lazy\" decoding=\"async\" aria-describedby=\"caption-attachment-6898\" data-attachment-id=\"6898\" data-permalink=\"https:\/\/www.tts-freunde.de\/blog\/2024\/01\/15\/doppelfuehrung-fuer-audi-zur-halbzeit-der-rallye-dakar-2024\/audi-dakar-rally-2024\/\" data-orig-file=\"https:\/\/www.tts-freunde.de\/blog\/wp-content\/uploads\/2024\/01\/A240200_medium-scaled.jpg\" data-orig-size=\"2560,1706\" data-comments-opened=\"0\" data-image-meta=\"{&quot;aperture&quot;:&quot;4&quot;,&quot;credit&quot;:&quot;DPPI&quot;,&quot;camera&quot;:&quot;Canon EOS R3&quot;,&quot;caption&quot;:&quot;Audi RS Q e-tron #202 (Team Audi Sport), St\\u00e9phane Peterhansel\\\/Edouard Boulanger&quot;,&quot;created_timestamp&quot;:&quot;1704791950&quot;,&quot;copyright&quot;:&quot;Audi Communications Motorsport \\\/ Antonin Vincent, DPPI&quot;,&quot;focal_length&quot;:&quot;24&quot;,&quot;iso&quot;:&quot;125&quot;,&quot;shutter_speed&quot;:&quot;0.0008&quot;,&quot;title&quot;:&quot;Audi - Dakar Rally 2024&quot;,&quot;orientation&quot;:&quot;0&quot;}\" data-image-title=\"Audi &#8211; Dakar Rally 2024\" data-image-description=\"\" data-image-caption=\"&lt;p&gt;Audi RS Q e-tron #202 (Team Audi Sport), St\u00e9phane Peterhansel\/Edouard Boulanger&lt;\/p&gt;\n\" data-medium-file=\"https:\/\/www.tts-freunde.de\/blog\/wp-content\/uploads\/2024\/01\/A240200_medium-300x200.jpg\" data-large-file=\"https:\/\/www.tts-freunde.de\/blog\/wp-content\/uploads\/2024\/01\/A240200_medium-1024x682.jpg\" tabindex=\"0\" role=\"button\" src=\"https:\/\/www.tts-freunde.de\/blog\/wp-content\/uploads\/2024\/01\/A240200_medium-1024x682.jpg\" alt=\"\" width=\"750\" height=\"500\" class=\"size-large wp-image-6898\" srcset=\"https:\/\/www.tts-freunde.de\/blog\/wp-content\/uploads\/2024\/01\/A240200_medium-1024x682.jpg 1024w, https:\/\/www.tts-freunde.de\/blog\/wp-content\/uploads\/2024\/01\/A240200_medium-300x200.jpg 300w, https:\/\/www.tts-freunde.de\/blog\/wp-content\/uploads\/2024\/01\/A240200_medium-768x512.jpg 768w, https:\/\/www.tts-freunde.de\/blog\/wp-content\/uploads\/2024\/01\/A240200_medium-1536x1024.jpg 1536w, https:\/\/www.tts-freunde.de\/blog\/wp-content\/uploads\/2024\/01\/A240200_medium-2048x1365.jpg 2048w, https:\/\/www.tts-freunde.de\/blog\/wp-content\/uploads\/2024\/01\/A240200_medium-50x33.jpg 50w, https:\/\/www.tts-freunde.de\/blog\/wp-content\/uploads\/2024\/01\/A240200_medium-360x240.jpg 360w\" sizes=\"(max-width: 750px) 100vw, 750px\" \/><\/a><p id=\"caption-attachment-6898\" class=\"wp-caption-text\">Audi RS Q e-tron #202 (Team Audi Sport), St\u00e9phane Peterhansel\/Edouard Boulanger<\/p><\/div>\n<\/div>\n<div class=\"page-row column-width-100\">\n<div class=\"container -narrow\">\n<div class=\"page-item--text\" id=\"item-9218075c-8289-4e11-8763-c8cadf4ab97a\">\n<div class=\"text-block\">\n<p>Schroffe Untergr\u00fcnde von Vulkangestein bis zu Ger\u00f6ll, anstrengende D\u00fcnen\u00fcberquerungen im Empty Quarter in Saudi-Arabien und zwei jeweils zweit\u00e4gige Marathon-Etappen mit geringen oder keinen Servicem\u00f6glichkeiten: \u201eDie 46. Ausgabe der Rallye Dakar ist wie angek\u00fcndigt absolut unerbittlich\u201c, urteilt Audi-Motorsportchef Rolf Michl. \u201eUmso mehr beeindruckt mich, was wir vom Team Audi Sport und von Q Motorsport bisher gesehen haben. Dank Zielstrebigkeit, harter Arbeit, einer geschlossenen Mannschaftsleistung aller Beteiligten und einer klugen Taktik haben sich Carlos mit Lucas sowie Mattias mit Emil in ihren Audi RS Q <span class=\"nowrap\">e-tron<\/span> an die Spitze gesetzt.\u201c<\/p>\n<\/div>\n<p>Sechs verschiedene Tagessieger vom Prolog bis zur sechsten Etappe, vier F\u00fchrungswechsel sowie dramatische R\u00fcckschl\u00e4ge f\u00fcr mehrere Favoriten charakterisieren eine spannende und v\u00f6llig offene Ausgabe der Rallye Dakar. Allein auf den ersten drei Etappen waren die Pr\u00fcfungen mehr als 400 Kilometer lang. Nach dem Sieg von Mattias Ekstr\u00f6m\/Emil Bergkvist beim Prolog setzten die Audi-Fahrerpaarungen ihre Bestleistungen fort. Carlos Sainz\/Lucas Cruz \u00fcbernahmen mit Platz zwei auf der ersten Etappe eine Spitzenposition. Tags darauf gelang dem von Edouard Boulanger navigierten Franzosen St\u00e9phane Peterhansel in einem weiteren Audi sein 50. pers\u00f6nlicher Etappensieg im Auto, hinzu kommen 33 aus seiner Motorrad-Zeit. Sainz\/Cruz \u00fcbernahmen gleichzeitig f\u00fcr einen Tag die F\u00fchrung und blieben bis zur f\u00fcnften Etappe best\u00e4ndig unter den ersten drei, w\u00e4hrend Ekstr\u00f6m\/Bergkvist als Vierte direkt dahinter folgten.<\/p>\n<p>Die gro\u00dfe Wende brachte die 48H-Chrono-Pr\u00fcfung auf Etappe 6 unmittelbar vor dem Ruhetag in Riad. Sie verteilte sich auf den Donnerstag und den Freitag und umfasste 547 Kilometer auf Zeit sowie 765 Kilometer insgesamt. In den D\u00fcnengebirgen sank der Temposchnitt von zuvor mehr als 110 km\/h auf nur noch 74 km\/h. Die Pr\u00fcfung erlaubte keinen externen Service. Fahrer und Beifahrer waren auch \u00fcber Nacht von den Teams getrennt und auf sich allein angewiesen. Um die Etappe durch die Sandgebirge im Empty Quarter nicht er\u00f6ffnen zu m\u00fcssen, taktierten zahlreiche Spitzenteams am Tag zuvor, da das jeweilige Etappenergebnis die Startpositionen am Folgetag bestimmt. Auch die drei Audi-Fahrermannschaften fuhren freiwillig um mehrere Minuten langsamer. \u201eNat\u00fcrlich wussten wir nicht, ob diese Taktik aufgeht, aber sie hat sich am Ende ausgezahlt\u201c, sagte Sven Quandt, Teamchef von Q Motorsport. \u201eUnsere Fahrer haben die Aufgaben perfekt umgesetzt, lediglich St\u00e9phane hatte etwas Pech. Auch wenn sie die Etappe nicht gewonnen haben, stehen zwei unserer drei Fahrerpaarungen im Gesamtergebnis mit der Doppelf\u00fchrung sehr gut da. Unser Dank gilt auch der Mannschaft f\u00fcr die harte und gute Arbeit.\u201c<\/p>\n<p>Die 48H-Chrono-Pr\u00fcfung forderte ihren Tribut. W\u00e4hrend sich mit Yazeed Al Rajhi der F\u00fchrende im Toyota \u00fcberschlug, handelte sich Prodrive-Pilot Nasser Al-Attiyah als einer der weiteren Favoriten 2.45 Stunden R\u00fcckstand durch einen technischen Schaden ein. Auch St\u00e9phane Peterhansel\/Edouard Boulanger blieben nicht verschont und erlebten wegen der harten Landung nach einem Sprung Probleme mit einem Hydrauliksystem. Es war bislang der einzige nennenswerte Schaden, den die Techniker unter Leitung von Dr. Leonardo Pascali zu beklagen hatten. Peterhansel\/Boulanger fielen auf Position 22 zur\u00fcck. \u201eDas war sehr bedauerlich, denn wir waren tags zuvor noch Sechste der Gesamtwertung und hatten Chancen auf ein gutes Endergebnis\u201c, sagte der 14-malige Dakar-Sieger Peterhansel.<\/p>\n<p>Carlos Sainz\/Lucas Cruz gen\u00fcgte Platz zwei, um mit 20.21 Minuten Vorsprung die F\u00fchrung zu \u00fcbernehmen. \u201eEs war bis jetzt eine harte Rallye, in der wir keinen Augenblick verschnaufen konnten. Im Staub verschiedener Konkurrenten kamen wir in den Anfangstagen mehrfach in kritische Situationen\u201c, so der dreimalige Dakar-Sieger Sainz. \u201eUmso erfreulicher, dass wir auf der 48H-Chrono-Pr\u00fcfung die F\u00fchrung \u00fcbernommen haben. Aber das hei\u00dft noch nichts, denn wir haben gerade einmal Halbzeit.\u201c Mattias Ekstr\u00f6m\/Emil Bergkvist, die erst zum vierten Mal an dieser Rallye teilnehmen, verbesserten sich dank Tagesrang drei am Freitag nun auf die zweite Gesamtposition. \u201eIch bin wirklich gl\u00fccklich, auch wenn wir im Empty Quarter einmal im Sand steckengeblieben sind\u201c, sagte der fr\u00fchere Rallyecross-Weltmeister und DTM-Champion Mattias Ekstr\u00f6m. \u201eUnser Auto lief tadellos. Die Navigation war schwierig. Emil musste den richtigen Weg und ich ein geeignetes Tempo finden. Mit unserer aktuellen Position k\u00f6nnen wir sehr zufrieden sein.\u201c<\/p>\n<p>Nach 2.304 gefahrenen Pr\u00fcfungskilometern und bislang 4.201 Kilometern Gesamtdistanz starten die Teams am Sonntag in die zweite Rallye-H\u00e4lfte. Wiederum liegen lange Tagesdistanzen von teilweise fast 500 Pr\u00fcfungs-Kilometern ebenso wie anspruchsvolles Terrain vor den Teilnehmenden. \u201eWir sind stolz auf das, was wir bisher erreicht haben. Nat\u00fcrlich sind wir ehrgeizig, blicken aber voller Respekt und ohne Illusionen auf die noch vor uns liegenden Aufgaben\u201c, sagt Rolf Michl. Die Fans k\u00f6nnen das Geschehen weiterhin auf den Social-Media-Kan\u00e4len von Audi Official und Audi Sport verfolgen. Das beliebte Videoformat \u201eInside Dakar\u201c bietet jeden Abend spannende Bilder, einen aufschlussreichen \u00dcberblick \u00fcber das Tagesgeschehen und viele direkte Eindr\u00fccke der Beteiligten.<\/p>\n<\/div>\n<\/div>\n<\/div>\n","protected":false},"excerpt":{"rendered":"<p>Carlos Sainz\/Lucas Cruz f\u00fchren vor Mattias Ekstr\u00f6m\/Emil Bergkvist Spannung, Abwechslung und ein ausgeglichenes Feld pr\u00e4gen die Rallye Terrain, Distanzen und Navigation stellen h\u00f6chste Anforderungen Das Team Audi Sport blickt zur Halbzeit der Rallye Dakar auf seine bislang beste Leistung: Bei seiner dritten Teilnahme an dem W\u00fcsten-Klassiker verbucht Audi mit den [&hellip;]<\/p>\n","protected":false},"author":1,"featured_media":6898,"comment_status":"closed","ping_status":"open","sticky":false,"template":"","format":"standard","meta":{"jetpack_post_was_ever_published":false,"_jetpack_newsletter_access":"","_jetpack_dont_email_post_to_subs":false,"_jetpack_newsletter_tier_id":0,"_jetpack_memberships_contains_paywalled_content":false,"_jetpack_memberships_contains_paid_content":false,"footnotes":"","jetpack_publicize_message":"","jetpack_publicize_feature_enabled":true,"jetpack_social_post_already_shared":true,"jetpack_social_options":{"image_generator_settings":{"template":"highway","enabled":false},"version":2}},"categories":[17],"tags":[],"class_list":["post-6897","post","type-post","status-publish","format-standard","has-post-thumbnail","hentry","category-audi-motorsport"],"wppr_data":{"cwp_meta_box_check":"No"},"jetpack_publicize_connections":[],"yoast_head":"<!-- This site is optimized with the Yoast SEO plugin v23.3 - https:\/\/yoast.com\/wordpress\/plugins\/seo\/ -->\n<title>Doppelf\u00fchrung f\u00fcr Audi zur Halbzeit der Rallye Dakar 2024 - Audi Blog<\/title>\n<meta name=\"robots\" content=\"index, follow, max-snippet:-1, max-image-preview:large, max-video-preview:-1\" \/>\n<link rel=\"canonical\" href=\"https:\/\/www.audi-mediacenter.com\/de\/pressemitteilungen\/doppelfuehrung-fuer-audi-zur-halbzeit-der-rallye-dakar-2024-15834\" \/>\n<meta property=\"og:locale\" content=\"de_DE\" \/>\n<meta property=\"og:type\" content=\"article\" \/>\n<meta property=\"og:title\" content=\"Doppelf\u00fchrung f\u00fcr Audi zur Halbzeit der Rallye Dakar 2024 - Audi Blog\" \/>\n<meta property=\"og:description\" content=\"Carlos Sainz\/Lucas Cruz f\u00fchren vor Mattias Ekstr\u00f6m\/Emil Bergkvist Spannung, Abwechslung und ein ausgeglichenes Feld pr\u00e4gen die Rallye Terrain, Distanzen und Navigation stellen h\u00f6chste Anforderungen Das Team Audi Sport blickt zur Halbzeit der Rallye Dakar auf seine bislang beste Leistung: Bei seiner dritten Teilnahme an dem W\u00fcsten-Klassiker verbucht Audi mit den [&hellip;]\" \/>\n<meta property=\"og:url\" content=\"https:\/\/www.audi-mediacenter.com\/de\/pressemitteilungen\/doppelfuehrung-fuer-audi-zur-halbzeit-der-rallye-dakar-2024-15834\" \/>\n<meta property=\"og:site_name\" content=\"Audi Blog\" \/>\n<meta property=\"article:published_time\" content=\"2024-01-15T17:49:52+00:00\" \/>\n<meta property=\"og:image\" content=\"https:\/\/www.tts-freunde.de\/blog\/wp-content\/uploads\/2024\/01\/A240200_medium-scaled.jpg\" \/>\n\t<meta property=\"og:image:width\" content=\"2560\" \/>\n\t<meta property=\"og:image:height\" content=\"1706\" \/>\n\t<meta property=\"og:image:type\" content=\"image\/jpeg\" \/>\n<meta name=\"author\" content=\"admin\" \/>\n<meta name=\"twitter:card\" content=\"summary_large_image\" \/>\n<meta name=\"twitter:label1\" content=\"Verfasst von\" \/>\n\t<meta name=\"twitter:data1\" content=\"admin\" \/>\n\t<meta name=\"twitter:label2\" content=\"Gesch\u00e4tzte Lesezeit\" \/>\n\t<meta name=\"twitter:data2\" content=\"5\u00a0Minuten\" \/>\n<script type=\"application\/ld+json\" class=\"yoast-schema-graph\">{\"@context\":\"https:\/\/schema.org\",\"@graph\":[{\"@type\":\"Article\",\"@id\":\"https:\/\/www.audi-mediacenter.com\/de\/pressemitteilungen\/doppelfuehrung-fuer-audi-zur-halbzeit-der-rallye-dakar-2024-15834#article\",\"isPartOf\":{\"@id\":\"https:\/\/www.tts-freunde.de\/blog\/2024\/01\/15\/doppelfuehrung-fuer-audi-zur-halbzeit-der-rallye-dakar-2024\/\"},\"author\":{\"name\":\"admin\",\"@id\":\"https:\/\/www.tts-freunde.de\/blog\/#\/schema\/person\/b67f6a54e98f013bd281dbe05514b701\"},\"headline\":\"Doppelf\u00fchrung f\u00fcr Audi zur Halbzeit der Rallye Dakar 2024\",\"datePublished\":\"2024-01-15T17:49:52+00:00\",\"dateModified\":\"2024-01-15T17:49:52+00:00\",\"mainEntityOfPage\":{\"@id\":\"https:\/\/www.tts-freunde.de\/blog\/2024\/01\/15\/doppelfuehrung-fuer-audi-zur-halbzeit-der-rallye-dakar-2024\/\"},\"wordCount\":934,\"publisher\":{\"@id\":\"https:\/\/www.tts-freunde.de\/blog\/#organization\"},\"image\":{\"@id\":\"https:\/\/www.audi-mediacenter.com\/de\/pressemitteilungen\/doppelfuehrung-fuer-audi-zur-halbzeit-der-rallye-dakar-2024-15834#primaryimage\"},\"thumbnailUrl\":\"https:\/\/www.tts-freunde.de\/blog\/wp-content\/uploads\/2024\/01\/A240200_medium-scaled.jpg\",\"articleSection\":[\"Audi Motorsport\"],\"inLanguage\":\"de\"},{\"@type\":\"WebPage\",\"@id\":\"https:\/\/www.tts-freunde.de\/blog\/2024\/01\/15\/doppelfuehrung-fuer-audi-zur-halbzeit-der-rallye-dakar-2024\/\",\"url\":\"https:\/\/www.audi-mediacenter.com\/de\/pressemitteilungen\/doppelfuehrung-fuer-audi-zur-halbzeit-der-rallye-dakar-2024-15834\",\"name\":\"Doppelf\u00fchrung f\u00fcr Audi zur Halbzeit der Rallye Dakar 2024 - Audi Blog\",\"isPartOf\":{\"@id\":\"https:\/\/www.tts-freunde.de\/blog\/#website\"},\"primaryImageOfPage\":{\"@id\":\"https:\/\/www.audi-mediacenter.com\/de\/pressemitteilungen\/doppelfuehrung-fuer-audi-zur-halbzeit-der-rallye-dakar-2024-15834#primaryimage\"},\"image\":{\"@id\":\"https:\/\/www.audi-mediacenter.com\/de\/pressemitteilungen\/doppelfuehrung-fuer-audi-zur-halbzeit-der-rallye-dakar-2024-15834#primaryimage\"},\"thumbnailUrl\":\"https:\/\/www.tts-freunde.de\/blog\/wp-content\/uploads\/2024\/01\/A240200_medium-scaled.jpg\",\"datePublished\":\"2024-01-15T17:49:52+00:00\",\"dateModified\":\"2024-01-15T17:49:52+00:00\",\"breadcrumb\":{\"@id\":\"https:\/\/www.audi-mediacenter.com\/de\/pressemitteilungen\/doppelfuehrung-fuer-audi-zur-halbzeit-der-rallye-dakar-2024-15834#breadcrumb\"},\"inLanguage\":\"de\",\"potentialAction\":[{\"@type\":\"ReadAction\",\"target\":[\"https:\/\/www.audi-mediacenter.com\/de\/pressemitteilungen\/doppelfuehrung-fuer-audi-zur-halbzeit-der-rallye-dakar-2024-15834\"]}]},{\"@type\":\"ImageObject\",\"inLanguage\":\"de\",\"@id\":\"https:\/\/www.audi-mediacenter.com\/de\/pressemitteilungen\/doppelfuehrung-fuer-audi-zur-halbzeit-der-rallye-dakar-2024-15834#primaryimage\",\"url\":\"https:\/\/www.tts-freunde.de\/blog\/wp-content\/uploads\/2024\/01\/A240200_medium-scaled.jpg\",\"contentUrl\":\"https:\/\/www.tts-freunde.de\/blog\/wp-content\/uploads\/2024\/01\/A240200_medium-scaled.jpg\",\"width\":2560,\"height\":1706,\"caption\":\"Audi RS Q e-tron #202 (Team Audi Sport), St\u00e9phane Peterhansel\/Edouard Boulanger\"},{\"@type\":\"BreadcrumbList\",\"@id\":\"https:\/\/www.audi-mediacenter.com\/de\/pressemitteilungen\/doppelfuehrung-fuer-audi-zur-halbzeit-der-rallye-dakar-2024-15834#breadcrumb\",\"itemListElement\":[{\"@type\":\"ListItem\",\"position\":1,\"name\":\"Home\",\"item\":\"https:\/\/www.tts-freunde.de\/blog\/\"},{\"@type\":\"ListItem\",\"position\":2,\"name\":\"Doppelf\u00fchrung f\u00fcr Audi zur Halbzeit der Rallye Dakar 2024\"}]},{\"@type\":\"WebSite\",\"@id\":\"https:\/\/www.tts-freunde.de\/blog\/#website\",\"url\":\"https:\/\/www.tts-freunde.de\/blog\/\",\"name\":\"Audi Blog\",\"description\":\"Deutscher Audi Blog - TTS-Freunde\",\"publisher\":{\"@id\":\"https:\/\/www.tts-freunde.de\/blog\/#organization\"},\"potentialAction\":[{\"@type\":\"SearchAction\",\"target\":{\"@type\":\"EntryPoint\",\"urlTemplate\":\"https:\/\/www.tts-freunde.de\/blog\/?s={search_term_string}\"},\"query-input\":\"required name=search_term_string\"}],\"inLanguage\":\"de\"},{\"@type\":\"Organization\",\"@id\":\"https:\/\/www.tts-freunde.de\/blog\/#organization\",\"name\":\"Audi Blog\",\"url\":\"https:\/\/www.tts-freunde.de\/blog\/\",\"logo\":{\"@type\":\"ImageObject\",\"inLanguage\":\"de\",\"@id\":\"https:\/\/www.tts-freunde.de\/blog\/#\/schema\/logo\/image\/\",\"url\":\"https:\/\/www.tts-freunde.de\/blog\/wp-content\/uploads\/2022\/12\/logo_2022.jpg\",\"contentUrl\":\"https:\/\/www.tts-freunde.de\/blog\/wp-content\/uploads\/2022\/12\/logo_2022.jpg\",\"width\":240,\"height\":41,\"caption\":\"Audi Blog\"},\"image\":{\"@id\":\"https:\/\/www.tts-freunde.de\/blog\/#\/schema\/logo\/image\/\"}},{\"@type\":\"Person\",\"@id\":\"https:\/\/www.tts-freunde.de\/blog\/#\/schema\/person\/b67f6a54e98f013bd281dbe05514b701\",\"name\":\"admin\",\"image\":{\"@type\":\"ImageObject\",\"inLanguage\":\"de\",\"@id\":\"https:\/\/www.tts-freunde.de\/blog\/#\/schema\/person\/image\/\",\"url\":\"https:\/\/secure.gravatar.com\/avatar\/08a4bd330e25056ddb430c28136b38a6?s=96&d=mm&r=g\",\"contentUrl\":\"https:\/\/secure.gravatar.com\/avatar\/08a4bd330e25056ddb430c28136b38a6?s=96&d=mm&r=g\",\"caption\":\"admin\"},\"sameAs\":[\"http:\/\/www.tts-freunde.de\"],\"url\":\"https:\/\/www.tts-freunde.de\/blog\/author\/admin\/\"}]}<\/script>\n<!-- \/ Yoast SEO plugin. -->","yoast_head_json":{"title":"Doppelf\u00fchrung f\u00fcr Audi zur Halbzeit der Rallye Dakar 2024 - Audi Blog","robots":{"index":"index","follow":"follow","max-snippet":"max-snippet:-1","max-image-preview":"max-image-preview:large","max-video-preview":"max-video-preview:-1"},"canonical":"https:\/\/www.audi-mediacenter.com\/de\/pressemitteilungen\/doppelfuehrung-fuer-audi-zur-halbzeit-der-rallye-dakar-2024-15834","og_locale":"de_DE","og_type":"article","og_title":"Doppelf\u00fchrung f\u00fcr Audi zur Halbzeit der Rallye Dakar 2024 - Audi Blog","og_description":"Carlos Sainz\/Lucas Cruz f\u00fchren vor Mattias Ekstr\u00f6m\/Emil Bergkvist Spannung, Abwechslung und ein ausgeglichenes Feld pr\u00e4gen die Rallye Terrain, Distanzen und Navigation stellen h\u00f6chste Anforderungen Das Team Audi Sport blickt zur Halbzeit der Rallye Dakar auf seine bislang beste Leistung: Bei seiner dritten Teilnahme an dem W\u00fcsten-Klassiker verbucht Audi mit den [&hellip;]","og_url":"https:\/\/www.audi-mediacenter.com\/de\/pressemitteilungen\/doppelfuehrung-fuer-audi-zur-halbzeit-der-rallye-dakar-2024-15834","og_site_name":"Audi Blog","article_published_time":"2024-01-15T17:49:52+00:00","og_image":[{"width":2560,"height":1706,"url":"https:\/\/www.tts-freunde.de\/blog\/wp-content\/uploads\/2024\/01\/A240200_medium-scaled.jpg","type":"image\/jpeg"}],"author":"admin","twitter_card":"summary_large_image","twitter_misc":{"Verfasst von":"admin","Gesch\u00e4tzte Lesezeit":"5\u00a0Minuten"},"schema":{"@context":"https:\/\/schema.org","@graph":[{"@type":"Article","@id":"https:\/\/www.audi-mediacenter.com\/de\/pressemitteilungen\/doppelfuehrung-fuer-audi-zur-halbzeit-der-rallye-dakar-2024-15834#article","isPartOf":{"@id":"https:\/\/www.tts-freunde.de\/blog\/2024\/01\/15\/doppelfuehrung-fuer-audi-zur-halbzeit-der-rallye-dakar-2024\/"},"author":{"name":"admin","@id":"https:\/\/www.tts-freunde.de\/blog\/#\/schema\/person\/b67f6a54e98f013bd281dbe05514b701"},"headline":"Doppelf\u00fchrung f\u00fcr Audi zur Halbzeit der Rallye Dakar 2024","datePublished":"2024-01-15T17:49:52+00:00","dateModified":"2024-01-15T17:49:52+00:00","mainEntityOfPage":{"@id":"https:\/\/www.tts-freunde.de\/blog\/2024\/01\/15\/doppelfuehrung-fuer-audi-zur-halbzeit-der-rallye-dakar-2024\/"},"wordCount":934,"publisher":{"@id":"https:\/\/www.tts-freunde.de\/blog\/#organization"},"image":{"@id":"https:\/\/www.audi-mediacenter.com\/de\/pressemitteilungen\/doppelfuehrung-fuer-audi-zur-halbzeit-der-rallye-dakar-2024-15834#primaryimage"},"thumbnailUrl":"https:\/\/www.tts-freunde.de\/blog\/wp-content\/uploads\/2024\/01\/A240200_medium-scaled.jpg","articleSection":["Audi Motorsport"],"inLanguage":"de"},{"@type":"WebPage","@id":"https:\/\/www.tts-freunde.de\/blog\/2024\/01\/15\/doppelfuehrung-fuer-audi-zur-halbzeit-der-rallye-dakar-2024\/","url":"https:\/\/www.audi-mediacenter.com\/de\/pressemitteilungen\/doppelfuehrung-fuer-audi-zur-halbzeit-der-rallye-dakar-2024-15834","name":"Doppelf\u00fchrung f\u00fcr Audi zur Halbzeit der Rallye Dakar 2024 - Audi Blog","isPartOf":{"@id":"https:\/\/www.tts-freunde.de\/blog\/#website"},"primaryImageOfPage":{"@id":"https:\/\/www.audi-mediacenter.com\/de\/pressemitteilungen\/doppelfuehrung-fuer-audi-zur-halbzeit-der-rallye-dakar-2024-15834#primaryimage"},"image":{"@id":"https:\/\/www.audi-mediacenter.com\/de\/pressemitteilungen\/doppelfuehrung-fuer-audi-zur-halbzeit-der-rallye-dakar-2024-15834#primaryimage"},"thumbnailUrl":"https:\/\/www.tts-freunde.de\/blog\/wp-content\/uploads\/2024\/01\/A240200_medium-scaled.jpg","datePublished":"2024-01-15T17:49:52+00:00","dateModified":"2024-01-15T17:49:52+00:00","breadcrumb":{"@id":"https:\/\/www.audi-mediacenter.com\/de\/pressemitteilungen\/doppelfuehrung-fuer-audi-zur-halbzeit-der-rallye-dakar-2024-15834#breadcrumb"},"inLanguage":"de","potentialAction":[{"@type":"ReadAction","target":["https:\/\/www.audi-mediacenter.com\/de\/pressemitteilungen\/doppelfuehrung-fuer-audi-zur-halbzeit-der-rallye-dakar-2024-15834"]}]},{"@type":"ImageObject","inLanguage":"de","@id":"https:\/\/www.audi-mediacenter.com\/de\/pressemitteilungen\/doppelfuehrung-fuer-audi-zur-halbzeit-der-rallye-dakar-2024-15834#primaryimage","url":"https:\/\/www.tts-freunde.de\/blog\/wp-content\/uploads\/2024\/01\/A240200_medium-scaled.jpg","contentUrl":"https:\/\/www.tts-freunde.de\/blog\/wp-content\/uploads\/2024\/01\/A240200_medium-scaled.jpg","width":2560,"height":1706,"caption":"Audi RS Q e-tron #202 (Team Audi Sport), St\u00e9phane Peterhansel\/Edouard Boulanger"},{"@type":"BreadcrumbList","@id":"https:\/\/www.audi-mediacenter.com\/de\/pressemitteilungen\/doppelfuehrung-fuer-audi-zur-halbzeit-der-rallye-dakar-2024-15834#breadcrumb","itemListElement":[{"@type":"ListItem","position":1,"name":"Home","item":"https:\/\/www.tts-freunde.de\/blog\/"},{"@type":"ListItem","position":2,"name":"Doppelf\u00fchrung f\u00fcr Audi zur Halbzeit der Rallye Dakar 2024"}]},{"@type":"WebSite","@id":"https:\/\/www.tts-freunde.de\/blog\/#website","url":"https:\/\/www.tts-freunde.de\/blog\/","name":"Audi Blog","description":"Deutscher Audi Blog - TTS-Freunde","publisher":{"@id":"https:\/\/www.tts-freunde.de\/blog\/#organization"},"potentialAction":[{"@type":"SearchAction","target":{"@type":"EntryPoint","urlTemplate":"https:\/\/www.tts-freunde.de\/blog\/?s={search_term_string}"},"query-input":"required name=search_term_string"}],"inLanguage":"de"},{"@type":"Organization","@id":"https:\/\/www.tts-freunde.de\/blog\/#organization","name":"Audi Blog","url":"https:\/\/www.tts-freunde.de\/blog\/","logo":{"@type":"ImageObject","inLanguage":"de","@id":"https:\/\/www.tts-freunde.de\/blog\/#\/schema\/logo\/image\/","url":"https:\/\/www.tts-freunde.de\/blog\/wp-content\/uploads\/2022\/12\/logo_2022.jpg","contentUrl":"https:\/\/www.tts-freunde.de\/blog\/wp-content\/uploads\/2022\/12\/logo_2022.jpg","width":240,"height":41,"caption":"Audi Blog"},"image":{"@id":"https:\/\/www.tts-freunde.de\/blog\/#\/schema\/logo\/image\/"}},{"@type":"Person","@id":"https:\/\/www.tts-freunde.de\/blog\/#\/schema\/person\/b67f6a54e98f013bd281dbe05514b701","name":"admin","image":{"@type":"ImageObject","inLanguage":"de","@id":"https:\/\/www.tts-freunde.de\/blog\/#\/schema\/person\/image\/","url":"https:\/\/secure.gravatar.com\/avatar\/08a4bd330e25056ddb430c28136b38a6?s=96&d=mm&r=g","contentUrl":"https:\/\/secure.gravatar.com\/avatar\/08a4bd330e25056ddb430c28136b38a6?s=96&d=mm&r=g","caption":"admin"},"sameAs":["http:\/\/www.tts-freunde.de"],"url":"https:\/\/www.tts-freunde.de\/blog\/author\/admin\/"}]}},"jetpack_sharing_enabled":true,"jetpack_featured_media_url":"https:\/\/www.tts-freunde.de\/blog\/wp-content\/uploads\/2024\/01\/A240200_medium-scaled.jpg","jetpack_shortlink":"https:\/\/wp.me\/p67hWW-1Nf","jetpack_likes_enabled":false,"jetpack-related-posts":[],"_links":{"self":[{"href":"https:\/\/www.tts-freunde.de\/blog\/wp-json\/wp\/v2\/posts\/6897"}],"collection":[{"href":"https:\/\/www.tts-freunde.de\/blog\/wp-json\/wp\/v2\/posts"}],"about":[{"href":"https:\/\/www.tts-freunde.de\/blog\/wp-json\/wp\/v2\/types\/post"}],"author":[{"embeddable":true,"href":"https:\/\/www.tts-freunde.de\/blog\/wp-json\/wp\/v2\/users\/1"}],"replies":[{"embeddable":true,"href":"https:\/\/www.tts-freunde.de\/blog\/wp-json\/wp\/v2\/comments?post=6897"}],"version-history":[{"count":1,"href":"https:\/\/www.tts-freunde.de\/blog\/wp-json\/wp\/v2\/posts\/6897\/revisions"}],"predecessor-version":[{"id":6899,"href":"https:\/\/www.tts-freunde.de\/blog\/wp-json\/wp\/v2\/posts\/6897\/revisions\/6899"}],"wp:featuredmedia":[{"embeddable":true,"href":"https:\/\/www.tts-freunde.de\/blog\/wp-json\/wp\/v2\/media\/6898"}],"wp:attachment":[{"href":"https:\/\/www.tts-freunde.de\/blog\/wp-json\/wp\/v2\/media?parent=6897"}],"wp:term":[{"taxonomy":"category","embeddable":true,"href":"https:\/\/www.tts-freunde.de\/blog\/wp-json\/wp\/v2\/categories?post=6897"},{"taxonomy":"post_tag","embeddable":true,"href":"https:\/\/www.tts-freunde.de\/blog\/wp-json\/wp\/v2\/tags?post=6897"}],"curies":[{"name":"wp","href":"https:\/\/api.w.org\/{rel}","templated":true}]}}