{"id":6913,"date":"2024-02-15T18:31:49","date_gmt":"2024-02-15T17:31:49","guid":{"rendered":"https:\/\/www.tts-freunde.de\/blog\/?p=6913"},"modified":"2024-02-15T18:31:49","modified_gmt":"2024-02-15T17:31:49","slug":"massimo-frascella-wird-neuer-chefdesigner-von-audi","status":"publish","type":"post","link":"https:\/\/www.tts-freunde.de\/blog\/2024\/02\/15\/massimo-frascella-wird-neuer-chefdesigner-von-audi\/","title":{"rendered":"Massimo Frascella wird neuer Chefdesigner von Audi"},"content":{"rendered":"<ul>\n<li>Audi Design stellt die Weichen f\u00fcr kommende Modellgenerationen<\/li>\n<li>Marc Lichte \u00fcbernimmt neue Aufgaben im Konzern<\/li>\n<li>Audi CEO D\u00f6llner: \u201eVorsprung durch Technik sichtbar und f\u00fchlbar machen\u201c<\/li>\n<\/ul>\n<div class=\"page-row column-width-100\">\n<div class=\"container -narrow\">\n<div class=\"page-item--intro\" id=\"item-e8b435bc-8ed7-4d2c-b18b-ed25ff88156e\">\n<div class=\"intro-text\">\n<p>Der k\u00fcnftige Leiter des Audi Design hei\u00dft Massimo Frascella. Er folgt planm\u00e4\u00dfig zum 1. Juni auf Marc Lichte, der neue Aufgaben im Konzern \u00fcbernehmen wird. Frascella, Absolvent des Turiner Istituto d`Arte Applicata &amp; Design, startete seine Karriere bei Stile Bertone. Weitere Stationen folgten bei der Ford Motor Company und Kia. Seit 2011 war Frascella (52) in leitenden Positionen f\u00fcr Jaguar Land Rover t\u00e4tig, zuletzt als Designchef f\u00fcr beide Marken.<\/p>\n<\/div>\n<\/div>\n<\/div>\n<\/div>\n<div class=\"page-row-spacer\">\n<div id=\"attachment_6914\" style=\"width: 760px\" class=\"wp-caption aligncenter\"><a href=\"https:\/\/www.tts-freunde.de\/blog\/wp-content\/uploads\/2024\/02\/A240782_medium-scaled.jpg\"><img loading=\"lazy\" decoding=\"async\" aria-describedby=\"caption-attachment-6914\" data-attachment-id=\"6914\" data-permalink=\"https:\/\/www.tts-freunde.de\/blog\/2024\/02\/15\/massimo-frascella-wird-neuer-chefdesigner-von-audi\/massimo-frascella-becomes-new-head-of-design-at-audi\/\" data-orig-file=\"https:\/\/www.tts-freunde.de\/blog\/wp-content\/uploads\/2024\/02\/A240782_medium-scaled.jpg\" data-orig-size=\"2560,1735\" data-comments-opened=\"0\" data-image-meta=\"{&quot;aperture&quot;:&quot;4&quot;,&quot;credit&quot;:&quot;bernhardhuber&quot;,&quot;camera&quot;:&quot;Canon EOS R5&quot;,&quot;caption&quot;:&quot;Massimo Frascella becomes new Head of Design at Audi.&quot;,&quot;created_timestamp&quot;:&quot;1706274059&quot;,&quot;copyright&quot;:&quot;AUDI AG&quot;,&quot;focal_length&quot;:&quot;85&quot;,&quot;iso&quot;:&quot;250&quot;,&quot;shutter_speed&quot;:&quot;0.005&quot;,&quot;title&quot;:&quot;Massimo Frascella becomes new Head of Design at Audi&quot;,&quot;orientation&quot;:&quot;1&quot;}\" data-image-title=\"Massimo Frascella becomes new Head of Design at Audi\" data-image-description=\"\" data-image-caption=\"&lt;p&gt;Massimo Frascella becomes new Head of Design at Audi.&lt;\/p&gt;\n\" data-medium-file=\"https:\/\/www.tts-freunde.de\/blog\/wp-content\/uploads\/2024\/02\/A240782_medium-300x203.jpg\" data-large-file=\"https:\/\/www.tts-freunde.de\/blog\/wp-content\/uploads\/2024\/02\/A240782_medium-1024x694.jpg\" tabindex=\"0\" role=\"button\" src=\"https:\/\/www.tts-freunde.de\/blog\/wp-content\/uploads\/2024\/02\/A240782_medium-1024x694.jpg\" alt=\"\" width=\"750\" height=\"508\" class=\"size-large wp-image-6914\" srcset=\"https:\/\/www.tts-freunde.de\/blog\/wp-content\/uploads\/2024\/02\/A240782_medium-1024x694.jpg 1024w, https:\/\/www.tts-freunde.de\/blog\/wp-content\/uploads\/2024\/02\/A240782_medium-300x203.jpg 300w, https:\/\/www.tts-freunde.de\/blog\/wp-content\/uploads\/2024\/02\/A240782_medium-768x520.jpg 768w, https:\/\/www.tts-freunde.de\/blog\/wp-content\/uploads\/2024\/02\/A240782_medium-1536x1041.jpg 1536w, https:\/\/www.tts-freunde.de\/blog\/wp-content\/uploads\/2024\/02\/A240782_medium-2048x1388.jpg 2048w, https:\/\/www.tts-freunde.de\/blog\/wp-content\/uploads\/2024\/02\/A240782_medium-50x34.jpg 50w\" sizes=\"(max-width: 750px) 100vw, 750px\" \/><\/a><p id=\"caption-attachment-6914\" class=\"wp-caption-text\">Massimo Frascella becomes new Head of Design at Audi.<\/p><\/div>\n<\/div>\n<div class=\"page-row column-width-100\">\n<div class=\"container -narrow\">\n<div class=\"page-item--text\" id=\"item-d8a1e0d2-b7b8-4f24-83b6-2d7f8adf5958\">\n<div class=\"text-block\">\n<p>Massimo Frascella: \u201eZu Audi zu kommen \u2013 das ist ein ganz besonderer Moment f\u00fcr mich. Ich f\u00fchle mich tief geehrt, hier die Rolle des Chief Creative Officer zu \u00fcbernehmen und ein hoch talentiertes Team von Audi-Designern zu leiten, das die Zukunft der Marke maximal innovativ und unverwechselbar gestaltet. Ich glaube an die emotionale Kraft von Design, das inspirieren, verbinden und Ver\u00e4nderung vorantreiben kann. Und ich bin hier, um Kreativit\u00e4t als Teil des Markenkerns voranzubringen.\u201c<\/p>\n<p>Frascellas Credo: \u201eDie Essenz meines Zugangs zum Design ist das Einfache. Meine Leidenschaft gilt einem Design ohne \u00fcberfl\u00fcssige Ornamentik und das nicht einfach nur zeitgen\u00f6ssischen Trends folgt, sondern zeitlose \u00c4sthetik und Raffinesse verk\u00f6rpert.\u201c<\/p>\n<p>Mit Massimo Frascella stellt das Unternehmen nun die Weichen f\u00fcr die kommenden Generationen von Audi-Modellen. In den n\u00e4chsten Jahren stehen zahlreiche technologische Innovationssch\u00fcbe an, die Formgebung und Funktion aller Seriensegmente entscheidend ver\u00e4ndern werden. Aus diesem Grund hat Audi j\u00fcngst sein Design-Ressort organisatorisch direkt beim Vorsitzenden des Vorstands verankert.<\/p>\n<p>Audi-CEO Gernot D\u00f6llner skizziert seinen Anspruch: \u201eDesign geh\u00f6rt seit jeher zum Markenkern, zur DNA der Marke Audi. Deshalb gilt gerade in dieser Phase der technologischen Transformation: Vorsprung durch Technik muss sichtbar und sp\u00fcrbar sein im Interieur und Exterieur aller k\u00fcnftigen Serienmodelle. Massimo Frascella wird daf\u00fcr sorgen, dass Audi-Fahrzeuge mit einer unverwechselbaren und emotionalen Formensprache die Identit\u00e4t der Marke verk\u00f6rpern. Im Zentrum seiner Designphilosophie stehen Klarheit, Pr\u00e4zision und perfekte Proportion \u2013 Qualit\u00e4ten, die sich nahtlos in das Markenbild von Audi einf\u00fcgen.\u201c<\/p>\n<p>Vorg\u00e4nger Marc Lichte leitete das Audi Design seit 2014. Der 1969 in Arnsberg\/Sauerland Geborene kam von der Volkswagen AG, wo er das Exterieur-Designstudio gef\u00fchrt hatte. In Lichtes Amtszeit bei Audi entstanden neue Generationen von Serien-Bestsellern ebenso wie die ersten eigenst\u00e4ndigen E-Baureihen der Marke \u2013 der Audi <span class=\"nowrap\">e-tron<\/span>, der <span class=\"nowrap\">e-tron GT<\/span> und die Q4-Modellfamilie.<\/p>\n<p>Der Vorstandsvorsitzende Gernot D\u00f6llner unterstreicht: \u201eMarc Lichte hat mit seinem Team die Evolution des Markendesigns ins Zeitalter der E-Mobilit\u00e4t gepr\u00e4gt. Wir danken Marc daf\u00fcr, dass er ein Jahrzehnt lang kreativer Kopf und Impulsgeber gewesen ist f\u00fcr das Gesicht der Marke.\u201c<\/p>\n<\/div>\n<\/div>\n<\/div>\n<\/div>\n","protected":false},"excerpt":{"rendered":"<p>Audi Design stellt die Weichen f\u00fcr kommende Modellgenerationen Marc Lichte \u00fcbernimmt neue Aufgaben im Konzern Audi CEO D\u00f6llner: \u201eVorsprung durch Technik sichtbar und f\u00fchlbar machen\u201c Der k\u00fcnftige Leiter des Audi Design hei\u00dft Massimo Frascella. Er folgt planm\u00e4\u00dfig zum 1. Juni auf Marc Lichte, der neue Aufgaben im Konzern \u00fcbernehmen wird. [&hellip;]<\/p>\n","protected":false},"author":1,"featured_media":6914,"comment_status":"closed","ping_status":"open","sticky":false,"template":"","format":"standard","meta":{"jetpack_post_was_ever_published":false,"_jetpack_newsletter_access":"","_jetpack_dont_email_post_to_subs":false,"_jetpack_newsletter_tier_id":0,"_jetpack_memberships_contains_paywalled_content":false,"_jetpack_memberships_contains_paid_content":false,"footnotes":"","jetpack_publicize_message":"","jetpack_publicize_feature_enabled":true,"jetpack_social_post_already_shared":true,"jetpack_social_options":{"image_generator_settings":{"template":"highway","enabled":false},"version":2}},"categories":[16],"tags":[],"class_list":["post-6913","post","type-post","status-publish","format-standard","has-post-thumbnail","hentry","category-audi-ag"],"wppr_data":{"cwp_meta_box_check":"No"},"jetpack_publicize_connections":[],"yoast_head":"<!-- This site is optimized with the Yoast SEO plugin v23.3 - https:\/\/yoast.com\/wordpress\/plugins\/seo\/ -->\n<title>Massimo Frascella wird neuer Chefdesigner von Audi - Audi Blog<\/title>\n<meta name=\"robots\" content=\"index, follow, max-snippet:-1, max-image-preview:large, max-video-preview:-1\" \/>\n<link rel=\"canonical\" href=\"https:\/\/www.audi-mediacenter.com\/de\/pressemitteilungen\/massimo-frascella-wird-neuer-chefdesigner-von-audi-15862\" \/>\n<meta property=\"og:locale\" content=\"de_DE\" \/>\n<meta property=\"og:type\" content=\"article\" \/>\n<meta property=\"og:title\" content=\"Massimo Frascella wird neuer Chefdesigner von Audi - Audi Blog\" \/>\n<meta property=\"og:description\" content=\"Audi Design stellt die Weichen f\u00fcr kommende Modellgenerationen Marc Lichte \u00fcbernimmt neue Aufgaben im Konzern Audi CEO D\u00f6llner: \u201eVorsprung durch Technik sichtbar und f\u00fchlbar machen\u201c Der k\u00fcnftige Leiter des Audi Design hei\u00dft Massimo Frascella. Er folgt planm\u00e4\u00dfig zum 1. Juni auf Marc Lichte, der neue Aufgaben im Konzern \u00fcbernehmen wird. [&hellip;]\" \/>\n<meta property=\"og:url\" content=\"https:\/\/www.audi-mediacenter.com\/de\/pressemitteilungen\/massimo-frascella-wird-neuer-chefdesigner-von-audi-15862\" \/>\n<meta property=\"og:site_name\" content=\"Audi Blog\" \/>\n<meta property=\"article:published_time\" content=\"2024-02-15T17:31:49+00:00\" \/>\n<meta property=\"og:image\" content=\"https:\/\/www.tts-freunde.de\/blog\/wp-content\/uploads\/2024\/02\/A240782_medium-scaled.jpg\" \/>\n\t<meta property=\"og:image:width\" content=\"2560\" \/>\n\t<meta property=\"og:image:height\" content=\"1735\" \/>\n\t<meta property=\"og:image:type\" content=\"image\/jpeg\" \/>\n<meta name=\"author\" content=\"admin\" \/>\n<meta name=\"twitter:card\" content=\"summary_large_image\" \/>\n<meta name=\"twitter:label1\" content=\"Verfasst von\" \/>\n\t<meta name=\"twitter:data1\" content=\"admin\" \/>\n\t<meta name=\"twitter:label2\" content=\"Gesch\u00e4tzte Lesezeit\" \/>\n\t<meta name=\"twitter:data2\" content=\"3\u00a0Minuten\" \/>\n<script type=\"application\/ld+json\" class=\"yoast-schema-graph\">{\"@context\":\"https:\/\/schema.org\",\"@graph\":[{\"@type\":\"Article\",\"@id\":\"https:\/\/www.audi-mediacenter.com\/de\/pressemitteilungen\/massimo-frascella-wird-neuer-chefdesigner-von-audi-15862#article\",\"isPartOf\":{\"@id\":\"https:\/\/www.tts-freunde.de\/blog\/2024\/02\/15\/massimo-frascella-wird-neuer-chefdesigner-von-audi\/\"},\"author\":{\"name\":\"admin\",\"@id\":\"https:\/\/www.tts-freunde.de\/blog\/#\/schema\/person\/b67f6a54e98f013bd281dbe05514b701\"},\"headline\":\"Massimo Frascella wird neuer Chefdesigner von Audi\",\"datePublished\":\"2024-02-15T17:31:49+00:00\",\"dateModified\":\"2024-02-15T17:31:49+00:00\",\"mainEntityOfPage\":{\"@id\":\"https:\/\/www.tts-freunde.de\/blog\/2024\/02\/15\/massimo-frascella-wird-neuer-chefdesigner-von-audi\/\"},\"wordCount\":479,\"publisher\":{\"@id\":\"https:\/\/www.tts-freunde.de\/blog\/#organization\"},\"image\":{\"@id\":\"https:\/\/www.audi-mediacenter.com\/de\/pressemitteilungen\/massimo-frascella-wird-neuer-chefdesigner-von-audi-15862#primaryimage\"},\"thumbnailUrl\":\"https:\/\/www.tts-freunde.de\/blog\/wp-content\/uploads\/2024\/02\/A240782_medium-scaled.jpg\",\"articleSection\":[\"Audi AG\"],\"inLanguage\":\"de\"},{\"@type\":\"WebPage\",\"@id\":\"https:\/\/www.tts-freunde.de\/blog\/2024\/02\/15\/massimo-frascella-wird-neuer-chefdesigner-von-audi\/\",\"url\":\"https:\/\/www.audi-mediacenter.com\/de\/pressemitteilungen\/massimo-frascella-wird-neuer-chefdesigner-von-audi-15862\",\"name\":\"Massimo Frascella wird neuer Chefdesigner von Audi - Audi Blog\",\"isPartOf\":{\"@id\":\"https:\/\/www.tts-freunde.de\/blog\/#website\"},\"primaryImageOfPage\":{\"@id\":\"https:\/\/www.audi-mediacenter.com\/de\/pressemitteilungen\/massimo-frascella-wird-neuer-chefdesigner-von-audi-15862#primaryimage\"},\"image\":{\"@id\":\"https:\/\/www.audi-mediacenter.com\/de\/pressemitteilungen\/massimo-frascella-wird-neuer-chefdesigner-von-audi-15862#primaryimage\"},\"thumbnailUrl\":\"https:\/\/www.tts-freunde.de\/blog\/wp-content\/uploads\/2024\/02\/A240782_medium-scaled.jpg\",\"datePublished\":\"2024-02-15T17:31:49+00:00\",\"dateModified\":\"2024-02-15T17:31:49+00:00\",\"breadcrumb\":{\"@id\":\"https:\/\/www.audi-mediacenter.com\/de\/pressemitteilungen\/massimo-frascella-wird-neuer-chefdesigner-von-audi-15862#breadcrumb\"},\"inLanguage\":\"de\",\"potentialAction\":[{\"@type\":\"ReadAction\",\"target\":[\"https:\/\/www.audi-mediacenter.com\/de\/pressemitteilungen\/massimo-frascella-wird-neuer-chefdesigner-von-audi-15862\"]}]},{\"@type\":\"ImageObject\",\"inLanguage\":\"de\",\"@id\":\"https:\/\/www.audi-mediacenter.com\/de\/pressemitteilungen\/massimo-frascella-wird-neuer-chefdesigner-von-audi-15862#primaryimage\",\"url\":\"https:\/\/www.tts-freunde.de\/blog\/wp-content\/uploads\/2024\/02\/A240782_medium-scaled.jpg\",\"contentUrl\":\"https:\/\/www.tts-freunde.de\/blog\/wp-content\/uploads\/2024\/02\/A240782_medium-scaled.jpg\",\"width\":2560,\"height\":1735,\"caption\":\"Massimo Frascella becomes new Head of Design at Audi.\"},{\"@type\":\"BreadcrumbList\",\"@id\":\"https:\/\/www.audi-mediacenter.com\/de\/pressemitteilungen\/massimo-frascella-wird-neuer-chefdesigner-von-audi-15862#breadcrumb\",\"itemListElement\":[{\"@type\":\"ListItem\",\"position\":1,\"name\":\"Home\",\"item\":\"https:\/\/www.tts-freunde.de\/blog\/\"},{\"@type\":\"ListItem\",\"position\":2,\"name\":\"Massimo Frascella wird neuer Chefdesigner von Audi\"}]},{\"@type\":\"WebSite\",\"@id\":\"https:\/\/www.tts-freunde.de\/blog\/#website\",\"url\":\"https:\/\/www.tts-freunde.de\/blog\/\",\"name\":\"Audi Blog\",\"description\":\"Deutscher Audi Blog - TTS-Freunde\",\"publisher\":{\"@id\":\"https:\/\/www.tts-freunde.de\/blog\/#organization\"},\"potentialAction\":[{\"@type\":\"SearchAction\",\"target\":{\"@type\":\"EntryPoint\",\"urlTemplate\":\"https:\/\/www.tts-freunde.de\/blog\/?s={search_term_string}\"},\"query-input\":\"required name=search_term_string\"}],\"inLanguage\":\"de\"},{\"@type\":\"Organization\",\"@id\":\"https:\/\/www.tts-freunde.de\/blog\/#organization\",\"name\":\"Audi Blog\",\"url\":\"https:\/\/www.tts-freunde.de\/blog\/\",\"logo\":{\"@type\":\"ImageObject\",\"inLanguage\":\"de\",\"@id\":\"https:\/\/www.tts-freunde.de\/blog\/#\/schema\/logo\/image\/\",\"url\":\"https:\/\/www.tts-freunde.de\/blog\/wp-content\/uploads\/2022\/12\/logo_2022.jpg\",\"contentUrl\":\"https:\/\/www.tts-freunde.de\/blog\/wp-content\/uploads\/2022\/12\/logo_2022.jpg\",\"width\":240,\"height\":41,\"caption\":\"Audi Blog\"},\"image\":{\"@id\":\"https:\/\/www.tts-freunde.de\/blog\/#\/schema\/logo\/image\/\"}},{\"@type\":\"Person\",\"@id\":\"https:\/\/www.tts-freunde.de\/blog\/#\/schema\/person\/b67f6a54e98f013bd281dbe05514b701\",\"name\":\"admin\",\"image\":{\"@type\":\"ImageObject\",\"inLanguage\":\"de\",\"@id\":\"https:\/\/www.tts-freunde.de\/blog\/#\/schema\/person\/image\/\",\"url\":\"https:\/\/secure.gravatar.com\/avatar\/08a4bd330e25056ddb430c28136b38a6?s=96&d=mm&r=g\",\"contentUrl\":\"https:\/\/secure.gravatar.com\/avatar\/08a4bd330e25056ddb430c28136b38a6?s=96&d=mm&r=g\",\"caption\":\"admin\"},\"sameAs\":[\"http:\/\/www.tts-freunde.de\"],\"url\":\"https:\/\/www.tts-freunde.de\/blog\/author\/admin\/\"}]}<\/script>\n<!-- \/ Yoast SEO plugin. -->","yoast_head_json":{"title":"Massimo Frascella wird neuer Chefdesigner von Audi - Audi Blog","robots":{"index":"index","follow":"follow","max-snippet":"max-snippet:-1","max-image-preview":"max-image-preview:large","max-video-preview":"max-video-preview:-1"},"canonical":"https:\/\/www.audi-mediacenter.com\/de\/pressemitteilungen\/massimo-frascella-wird-neuer-chefdesigner-von-audi-15862","og_locale":"de_DE","og_type":"article","og_title":"Massimo Frascella wird neuer Chefdesigner von Audi - Audi Blog","og_description":"Audi Design stellt die Weichen f\u00fcr kommende Modellgenerationen Marc Lichte \u00fcbernimmt neue Aufgaben im Konzern Audi CEO D\u00f6llner: \u201eVorsprung durch Technik sichtbar und f\u00fchlbar machen\u201c Der k\u00fcnftige Leiter des Audi Design hei\u00dft Massimo Frascella. Er folgt planm\u00e4\u00dfig zum 1. Juni auf Marc Lichte, der neue Aufgaben im Konzern \u00fcbernehmen wird. [&hellip;]","og_url":"https:\/\/www.audi-mediacenter.com\/de\/pressemitteilungen\/massimo-frascella-wird-neuer-chefdesigner-von-audi-15862","og_site_name":"Audi Blog","article_published_time":"2024-02-15T17:31:49+00:00","og_image":[{"width":2560,"height":1735,"url":"https:\/\/www.tts-freunde.de\/blog\/wp-content\/uploads\/2024\/02\/A240782_medium-scaled.jpg","type":"image\/jpeg"}],"author":"admin","twitter_card":"summary_large_image","twitter_misc":{"Verfasst von":"admin","Gesch\u00e4tzte Lesezeit":"3\u00a0Minuten"},"schema":{"@context":"https:\/\/schema.org","@graph":[{"@type":"Article","@id":"https:\/\/www.audi-mediacenter.com\/de\/pressemitteilungen\/massimo-frascella-wird-neuer-chefdesigner-von-audi-15862#article","isPartOf":{"@id":"https:\/\/www.tts-freunde.de\/blog\/2024\/02\/15\/massimo-frascella-wird-neuer-chefdesigner-von-audi\/"},"author":{"name":"admin","@id":"https:\/\/www.tts-freunde.de\/blog\/#\/schema\/person\/b67f6a54e98f013bd281dbe05514b701"},"headline":"Massimo Frascella wird neuer Chefdesigner von Audi","datePublished":"2024-02-15T17:31:49+00:00","dateModified":"2024-02-15T17:31:49+00:00","mainEntityOfPage":{"@id":"https:\/\/www.tts-freunde.de\/blog\/2024\/02\/15\/massimo-frascella-wird-neuer-chefdesigner-von-audi\/"},"wordCount":479,"publisher":{"@id":"https:\/\/www.tts-freunde.de\/blog\/#organization"},"image":{"@id":"https:\/\/www.audi-mediacenter.com\/de\/pressemitteilungen\/massimo-frascella-wird-neuer-chefdesigner-von-audi-15862#primaryimage"},"thumbnailUrl":"https:\/\/www.tts-freunde.de\/blog\/wp-content\/uploads\/2024\/02\/A240782_medium-scaled.jpg","articleSection":["Audi AG"],"inLanguage":"de"},{"@type":"WebPage","@id":"https:\/\/www.tts-freunde.de\/blog\/2024\/02\/15\/massimo-frascella-wird-neuer-chefdesigner-von-audi\/","url":"https:\/\/www.audi-mediacenter.com\/de\/pressemitteilungen\/massimo-frascella-wird-neuer-chefdesigner-von-audi-15862","name":"Massimo Frascella wird neuer Chefdesigner von Audi - Audi Blog","isPartOf":{"@id":"https:\/\/www.tts-freunde.de\/blog\/#website"},"primaryImageOfPage":{"@id":"https:\/\/www.audi-mediacenter.com\/de\/pressemitteilungen\/massimo-frascella-wird-neuer-chefdesigner-von-audi-15862#primaryimage"},"image":{"@id":"https:\/\/www.audi-mediacenter.com\/de\/pressemitteilungen\/massimo-frascella-wird-neuer-chefdesigner-von-audi-15862#primaryimage"},"thumbnailUrl":"https:\/\/www.tts-freunde.de\/blog\/wp-content\/uploads\/2024\/02\/A240782_medium-scaled.jpg","datePublished":"2024-02-15T17:31:49+00:00","dateModified":"2024-02-15T17:31:49+00:00","breadcrumb":{"@id":"https:\/\/www.audi-mediacenter.com\/de\/pressemitteilungen\/massimo-frascella-wird-neuer-chefdesigner-von-audi-15862#breadcrumb"},"inLanguage":"de","potentialAction":[{"@type":"ReadAction","target":["https:\/\/www.audi-mediacenter.com\/de\/pressemitteilungen\/massimo-frascella-wird-neuer-chefdesigner-von-audi-15862"]}]},{"@type":"ImageObject","inLanguage":"de","@id":"https:\/\/www.audi-mediacenter.com\/de\/pressemitteilungen\/massimo-frascella-wird-neuer-chefdesigner-von-audi-15862#primaryimage","url":"https:\/\/www.tts-freunde.de\/blog\/wp-content\/uploads\/2024\/02\/A240782_medium-scaled.jpg","contentUrl":"https:\/\/www.tts-freunde.de\/blog\/wp-content\/uploads\/2024\/02\/A240782_medium-scaled.jpg","width":2560,"height":1735,"caption":"Massimo Frascella becomes new Head of Design at Audi."},{"@type":"BreadcrumbList","@id":"https:\/\/www.audi-mediacenter.com\/de\/pressemitteilungen\/massimo-frascella-wird-neuer-chefdesigner-von-audi-15862#breadcrumb","itemListElement":[{"@type":"ListItem","position":1,"name":"Home","item":"https:\/\/www.tts-freunde.de\/blog\/"},{"@type":"ListItem","position":2,"name":"Massimo Frascella wird neuer Chefdesigner von Audi"}]},{"@type":"WebSite","@id":"https:\/\/www.tts-freunde.de\/blog\/#website","url":"https:\/\/www.tts-freunde.de\/blog\/","name":"Audi Blog","description":"Deutscher Audi Blog - TTS-Freunde","publisher":{"@id":"https:\/\/www.tts-freunde.de\/blog\/#organization"},"potentialAction":[{"@type":"SearchAction","target":{"@type":"EntryPoint","urlTemplate":"https:\/\/www.tts-freunde.de\/blog\/?s={search_term_string}"},"query-input":"required name=search_term_string"}],"inLanguage":"de"},{"@type":"Organization","@id":"https:\/\/www.tts-freunde.de\/blog\/#organization","name":"Audi Blog","url":"https:\/\/www.tts-freunde.de\/blog\/","logo":{"@type":"ImageObject","inLanguage":"de","@id":"https:\/\/www.tts-freunde.de\/blog\/#\/schema\/logo\/image\/","url":"https:\/\/www.tts-freunde.de\/blog\/wp-content\/uploads\/2022\/12\/logo_2022.jpg","contentUrl":"https:\/\/www.tts-freunde.de\/blog\/wp-content\/uploads\/2022\/12\/logo_2022.jpg","width":240,"height":41,"caption":"Audi Blog"},"image":{"@id":"https:\/\/www.tts-freunde.de\/blog\/#\/schema\/logo\/image\/"}},{"@type":"Person","@id":"https:\/\/www.tts-freunde.de\/blog\/#\/schema\/person\/b67f6a54e98f013bd281dbe05514b701","name":"admin","image":{"@type":"ImageObject","inLanguage":"de","@id":"https:\/\/www.tts-freunde.de\/blog\/#\/schema\/person\/image\/","url":"https:\/\/secure.gravatar.com\/avatar\/08a4bd330e25056ddb430c28136b38a6?s=96&d=mm&r=g","contentUrl":"https:\/\/secure.gravatar.com\/avatar\/08a4bd330e25056ddb430c28136b38a6?s=96&d=mm&r=g","caption":"admin"},"sameAs":["http:\/\/www.tts-freunde.de"],"url":"https:\/\/www.tts-freunde.de\/blog\/author\/admin\/"}]}},"jetpack_sharing_enabled":true,"jetpack_featured_media_url":"https:\/\/www.tts-freunde.de\/blog\/wp-content\/uploads\/2024\/02\/A240782_medium-scaled.jpg","jetpack_shortlink":"https:\/\/wp.me\/p67hWW-1Nv","jetpack_likes_enabled":false,"jetpack-related-posts":[],"_links":{"self":[{"href":"https:\/\/www.tts-freunde.de\/blog\/wp-json\/wp\/v2\/posts\/6913"}],"collection":[{"href":"https:\/\/www.tts-freunde.de\/blog\/wp-json\/wp\/v2\/posts"}],"about":[{"href":"https:\/\/www.tts-freunde.de\/blog\/wp-json\/wp\/v2\/types\/post"}],"author":[{"embeddable":true,"href":"https:\/\/www.tts-freunde.de\/blog\/wp-json\/wp\/v2\/users\/1"}],"replies":[{"embeddable":true,"href":"https:\/\/www.tts-freunde.de\/blog\/wp-json\/wp\/v2\/comments?post=6913"}],"version-history":[{"count":1,"href":"https:\/\/www.tts-freunde.de\/blog\/wp-json\/wp\/v2\/posts\/6913\/revisions"}],"predecessor-version":[{"id":6915,"href":"https:\/\/www.tts-freunde.de\/blog\/wp-json\/wp\/v2\/posts\/6913\/revisions\/6915"}],"wp:featuredmedia":[{"embeddable":true,"href":"https:\/\/www.tts-freunde.de\/blog\/wp-json\/wp\/v2\/media\/6914"}],"wp:attachment":[{"href":"https:\/\/www.tts-freunde.de\/blog\/wp-json\/wp\/v2\/media?parent=6913"}],"wp:term":[{"taxonomy":"category","embeddable":true,"href":"https:\/\/www.tts-freunde.de\/blog\/wp-json\/wp\/v2\/categories?post=6913"},{"taxonomy":"post_tag","embeddable":true,"href":"https:\/\/www.tts-freunde.de\/blog\/wp-json\/wp\/v2\/tags?post=6913"}],"curies":[{"name":"wp","href":"https:\/\/api.w.org\/{rel}","templated":true}]}}