{"id":7095,"date":"2024-04-25T16:35:37","date_gmt":"2024-04-25T14:35:37","guid":{"rendered":"https:\/\/www.tts-freunde.de\/blog\/?p=7095"},"modified":"2024-04-25T16:35:37","modified_gmt":"2024-04-25T14:35:37","slug":"l-steht-fuer-langstrecke-audi-q6l-e-tron","status":"publish","type":"post","link":"https:\/\/www.tts-freunde.de\/blog\/2024\/04\/25\/l-steht-fuer-langstrecke-audi-q6l-e-tron\/","title":{"rendered":"L steht f\u00fcr Langstrecke \u2013 Audi Q6L e-tron"},"content":{"rendered":"<div class=\"page-row column-width-100\">\n<div class=\"container -narrow\">\n<div class=\"page-item--intro\" id=\"item-19e64d06-6c1d-40a1-889c-ee939c2cb724\">\n<div class=\"intro-text\">\n<p>Die Audi Q6 <span class=\"nowrap\">e-tron<\/span> Baureihe ist die erste Modellfamilie auf der Premium Platform Electric (PPE) und markiert den n\u00e4chsten Schritt auf dem Weg des Unternehmens zu einem Anbieter von Premium-Elektromobilit\u00e4t. Auf der Beijing Auto Show 2024 pr\u00e4sentiert die Marke mit den Vier Ringen mit dem Audi Q6L <span class=\"nowrap\">e-tron<\/span> eine ma\u00dfgeschneiderte Variante f\u00fcr den chinesischen Markt.<\/p>\n<\/div>\n<\/div>\n<\/div>\n<\/div>\n<div class=\"page-row-spacer\">\n<div id=\"attachment_7096\" style=\"width: 760px\" class=\"wp-caption alignleft\"><a href=\"https:\/\/www.tts-freunde.de\/blog\/wp-content\/uploads\/2024\/04\/A242336_medium-scaled.jpg\"><img loading=\"lazy\" decoding=\"async\" aria-describedby=\"caption-attachment-7096\" data-attachment-id=\"7096\" data-permalink=\"https:\/\/www.tts-freunde.de\/blog\/2024\/04\/25\/l-steht-fuer-langstrecke-audi-q6l-e-tron\/audi-q6l-e-tron-2\/\" data-orig-file=\"https:\/\/www.tts-freunde.de\/blog\/wp-content\/uploads\/2024\/04\/A242336_medium-scaled.jpg\" data-orig-size=\"2560,1920\" data-comments-opened=\"0\" data-image-meta=\"{&quot;aperture&quot;:&quot;11&quot;,&quot;credit&quot;:&quot;TSP&quot;,&quot;camera&quot;:&quot;GFX100 II&quot;,&quot;caption&quot;:&quot;Static photo,\\nColour: Lilac Grey&quot;,&quot;created_timestamp&quot;:&quot;1710954424&quot;,&quot;copyright&quot;:&quot;AUDI AG&quot;,&quot;focal_length&quot;:&quot;70.4&quot;,&quot;iso&quot;:&quot;100&quot;,&quot;shutter_speed&quot;:&quot;0.25&quot;,&quot;title&quot;:&quot;Audi Q6L e-tron&quot;,&quot;orientation&quot;:&quot;1&quot;}\" data-image-title=\"Audi Q6L e-tron\" data-image-description=\"\" data-image-caption=\"&lt;p&gt;Static photo,&lt;br \/&gt;\nColour: Lilac Grey&lt;\/p&gt;\n\" data-medium-file=\"https:\/\/www.tts-freunde.de\/blog\/wp-content\/uploads\/2024\/04\/A242336_medium-300x225.jpg\" data-large-file=\"https:\/\/www.tts-freunde.de\/blog\/wp-content\/uploads\/2024\/04\/A242336_medium-1024x768.jpg\" tabindex=\"0\" role=\"button\" src=\"https:\/\/www.tts-freunde.de\/blog\/wp-content\/uploads\/2024\/04\/A242336_medium-1024x768.jpg\" alt=\"\" width=\"750\" height=\"563\" class=\"size-large wp-image-7096\" srcset=\"https:\/\/www.tts-freunde.de\/blog\/wp-content\/uploads\/2024\/04\/A242336_medium-1024x768.jpg 1024w, https:\/\/www.tts-freunde.de\/blog\/wp-content\/uploads\/2024\/04\/A242336_medium-300x225.jpg 300w, https:\/\/www.tts-freunde.de\/blog\/wp-content\/uploads\/2024\/04\/A242336_medium-768x576.jpg 768w, https:\/\/www.tts-freunde.de\/blog\/wp-content\/uploads\/2024\/04\/A242336_medium-1536x1152.jpg 1536w, https:\/\/www.tts-freunde.de\/blog\/wp-content\/uploads\/2024\/04\/A242336_medium-2048x1536.jpg 2048w, https:\/\/www.tts-freunde.de\/blog\/wp-content\/uploads\/2024\/04\/A242336_medium-50x38.jpg 50w\" sizes=\"(max-width: 750px) 100vw, 750px\" \/><\/a><p id=\"caption-attachment-7096\" class=\"wp-caption-text\">Static photo,<br \/>Colour: Lilac Grey<\/p><\/div>\n<\/div>\n<div class=\"page-row column-width-100\">\n<div class=\"container -narrow\">\n<div class=\"page-item--text\" id=\"item-40cf9cde-1ea8-4901-bff8-b5786b2aea7c\">\n<div class=\"text-block\">\n<p>Das vollelektrisch angetriebene Fahrzeug wird auf der Fr\u00fchjahrsmesse in der chinesischen Hauptstadt als Exterieurmodell gezeigt. Die Serienversion soll dann im vierten Quartal 2024 der \u00d6ffentlichkeit vorgestellt werden. Wie andere PPE-Modelle f\u00fcr den chinesischen Markt wird auch der Audi Q6L <span class=\"nowrap\">e-tron<\/span> in einer neuen Fabrik in Changchun produziert. Die ersten Auslieferungen an Kund_innen erfolgen 2025.<\/p>\n<p>Der Audi Q6L <span class=\"nowrap\">e-tron<\/span> zeichnet sich durch beeindruckende Fahr- und Ladeleistungen, exzellente Effizienz und eine noch gr\u00f6\u00dfere Reichweite als das globale Modell aus. Der um 105 Millimeter verl\u00e4ngerte Radstand erm\u00f6glicht auch den Einbau einer gr\u00f6\u00dferen Batterie. Damit werden CLTC-Reichweiten von mehr als 700 Kilometern m\u00f6glich sein. Der Buchstabe &#8222;L&#8220; im Namen weist auf den langen Radstand hin, der zudem auch zum Markenzeichen f\u00fcr herausragende Langstreckentauglichkeit wird.<\/p>\n<p>Audi baut schon seit Jahrzehnten L-Modelle mit verl\u00e4ngertem Radstand f\u00fcr den chinesischen Markt. Der A6L und der A4L sind die bekanntesten Gro\u00dfserienversionen, daneben gibt es den Q5L, den A8L und den A8L Horch. Jetzt erweitert Audi die Q6 <span class=\"nowrap\">e-tron<\/span> Familie um das L-Modell &#8211; mit noch mehr Platz, Komfort und Alltagstauglichkeit. Zusammen mit der neuen Designphilosophie im Innenraum schafft der Q6L <span class=\"nowrap\">e-tron<\/span> ein sehr exklusives und gro\u00dfz\u00fcgiges Raumangebot f\u00fcr die Passagiere.<\/p>\n<p>Der Audi Q6L <span class=\"nowrap\">e-tron<\/span> verk\u00f6rpert das markante SUV-Design von Audi mit einer konsequent weiterentwickelten <span class=\"nowrap\">e-tron<\/span> spezifischen Designsprache. Schon auf den ersten Blick wird deutlich, dass sich der Audi Q6L <span class=\"nowrap\">e-tron<\/span> deutlich von der globalen Version unterscheidet. Vor allem die neu gestaltete Frontpartie mit einer Evolution des Audi-Markengesichts setzt bei der China-spezifischen Version eigene Akzente.<\/p>\n<p>Um das fortschrittliche und einzigartige Au\u00dfendesign des Q6L <span class=\"nowrap\">e-tron<\/span> zu betonen, werden f\u00fcr die China-spezifische Version exklusive Farben erh\u00e4ltlich sein. Lilac Grey, das auf der Automesse in Peking am Au\u00dfenmodell gezeigt wird, ist eine davon.<\/p>\n<p>Mit dem verl\u00e4ngerten Radstand und einer entsprechend gestreckten, geschwungenen Dachlinie wirken die Seitenlinien besonders elegant und in perfekter Proportion. Wegweisende Technologien, nicht zuletzt beim Licht, machen \u201eVorsprung durch Technik\u201c sowie Premium-Elektromobilit\u00e4t von Audi f\u00fcr die chinesischen Kund_innen erlebbar.<\/p>\n<p>Die gemeinsam mit Porsche entwickelte PPE und die Elektronikarchitektur E<sup>3<\/sup> 1.2 sind wichtige Meilensteine beim Ausbau des weltweiten Audi-Angebots an vollelektrisch angetriebenen Modellen. Die kommenden Audi Fahrzeuge markieren den Beginn einer umfassenden St\u00e4rkung und Verj\u00fcngung des Modellportfolios.<\/p>\n<p>\u201eMit dem Q6L <span class=\"nowrap\">e-tron<\/span> bringen wir die technologischen Vorteile unserer neuen Premium Platform Electric nach China. Das Modell unterstreicht unser Versprechen, bis 2027 Elektrofahrzeuge in allen Kernsegmenten anzubieten\u201c, sagte Gernot D\u00f6llner, Vorsitzender des Vorstands der\u00a0AUDI AG, bei der Weltpremiere auf der Automobilmesse in Peking.<\/p>\n<h2>Beeindruckende Reichweite und Ladeleistung<\/h2>\n<p>Leistungsstarke, kompakte und hocheffiziente Elektromotoren sowie eine neu entwickelte Lithium-Ionen-Batterie aus zw\u00f6lf Modulen und 192 prismatischen Zellen mit einer Bruttokapazit\u00e4t von insgesamt 107 kWh (+7 kWh im Vergleich zu der Variante, die zum Marktstart im Q6 <span class=\"nowrap\">e-tron<\/span> quattro<sup consumption-data=\"Audi Q6 SUV &lt;span class=&quot;nowrap&quot;&gt;e-tron&lt;\/span&gt; quattro: Stromverbrauch (kombiniert): 19,6\u201317,0 kWh\/100 km; CO&lt;sub&gt;2&lt;\/sub&gt;-Emissionen (kombiniert): 0 g\/km; CO&lt;sub&gt;2&lt;\/sub&gt;-Klasse: A\" class=\"inline-consumption-data up-can-clean\" style=\"box-sizing: border-box; font-size: 0.583em; vertical-align: middle; position: relative; top: -0.4em;\">1<\/sup>\u00a0und SQ6 <span class=\"nowrap\">e-tron<\/span><sup consumption-data=\"Audi SQ6 SUV &lt;span class=&quot;nowrap&quot;&gt;e-tron&lt;\/span&gt;: Stromverbrauch (kombiniert): 18,4\u201317,5 kWh\/100 km; CO&lt;sub&gt;2&lt;\/sub&gt;-Emissionen (kombiniert): 0 g\/km; CO&lt;sub&gt;2&lt;\/sub&gt;-Klasse: A\" class=\"inline-consumption-data up-can-clean\" style=\"box-sizing: border-box; font-size: 0.583em; vertical-align: middle; position: relative; top: -0.4em;\">2<\/sup>\u00a0verf\u00fcgbar sein wird) sorgen f\u00fcr eine Reichweite von mehr als 700 Kilometern nach CLTC.<\/p>\n<p>Dank der 800-Volt-Technologie und einer maximalen DC-Ladeleistung von serienm\u00e4\u00dfig 270 kW sind mit dem Audi Q6L e\u2011 tron kurze Ladestopps m\u00f6glich. Bis zu 260 Kilometer Reichweite k\u00f6nnen in nur zehn Minuten an einer entsprechenden Ladestation (High Power Charging, HPC) aufgeladen werden. Der Ladezustand (State of Charge, SoC) erh\u00f6ht sich innerhalb von 25 Minuten von 10 auf 80 Prozent. Ein intelligentes Thermomanagement tr\u00e4gt wesentlich zur hohen Ladeleistung und Langlebigkeit der Hochvoltbatterie im Q6L <span class=\"nowrap\">e-tron<\/span> bei.<\/p>\n<p>Der Q6L <span class=\"nowrap\">e-tron<\/span> wird mit Heckantriebsversion und einer Systemleistung von 255 kW sowie mit quattro\u2011Allradantrieb und 345 kW angeboten. Die Version mit Heckantrieb bietet ein deutliches Plus an Effizienz und Reichweite, w\u00e4hrend die quattro-Variante f\u00fcr eine hervorragende Traktion und Fahrdynamik steht.<\/p>\n<h2>Eleganz und Evolution: das \u00c4u\u00dfere<\/h2>\n<p>Der Audi Q6L <span class=\"nowrap\">e-tron<\/span> ist im Premium-Mittelklassesegment positioniert. Mit einer Fahrzeugl\u00e4nge von 4.884 Millimetern, einer Breite von 1.965 Millimetern und einer H\u00f6he von 1.687 Millimetern bietet das SUV ein H\u00f6chstma\u00df an Platz, Komfort und Alltagstauglichkeit. Der Radstand von 2.995 Millimetern erm\u00f6glicht im Fond eine Beinfreiheit wie in der Business Class.<\/p>\n<p>Dank der Premium Platform Electric verf\u00fcgen alle Modelle der Audi Q6 <span class=\"nowrap\">e-tron<\/span> Familie \u00fcber perfekte Proportionen. Die L-Version \u00fcbertrifft den Auftritt der anderen Varianten noch einmal: Die bemerkenswerte Eleganz seines langen Radstands und der gestreckten Dachlinie kombiniert mit dem markanten SUV-Look sorgt f\u00fcr einen unvergleichlich dynamischen Auftritt. Organisch geformte Fl\u00e4chen werden durch die pr\u00e4zise Linienf\u00fchrung der Karosserie strukturiert und erzeugen auch im Stand ein charakteristisches Spiel von Licht und Schatten.<\/p>\n<p>Das Greenhouse spannt sich niedrig und straff \u00fcber den kraftvollen Karosseriek\u00f6rper. Es verj\u00fcngt sich zum Heck hin, und die sanft abfallenden D-S\u00e4ulen flie\u00dfen elegant in die charakteristisch geformten Karosserieschultern. Der \u00dcbergang der D\u2011S\u00e4ulen zum Dach hin verleiht dem Fahrzeug mehr Dynamik und l\u00e4sst die Kabine gestreckter wirken. Eine markante Linie, die von den Heckleuchten bis in die T\u00fcren des Fonds verl\u00e4uft, betont den oberen Bereich der \u201equattro blisters\u201c &#8211; jene Konturen der Karosserie, auf denen die Kabine zu ruhen scheint.<\/p>\n<p>Diese skulpturale Betonung des Rades ist ein Kernelement der Audi Design-DNA. Audi nennt dieses zentrale Gestaltungsprinzip \u201eTechnik sichtbar machen\u201c. Das dynamische Heck erzeugt eine Mischung aus sportlicher Eleganz und Kraft. Mit seinem durchgehenden Leuchtenband verleiht diese Heckarchitektur dem Q6L <span class=\"nowrap\">e-tron<\/span> die f\u00fcr Audi typische Klarheit und Souver\u00e4nit\u00e4t.<\/p>\n<p>Die 21-Zoll-R\u00e4der sind aerodynamisch optimiert und kehren die klassische Fl\u00e4chenverteilung mit schlanken Speichen und flachen Lufteinl\u00e4ssen optisch um. Dabei unterbrechen die kompakten \u00d6ffnungen das flache Design der R\u00e4der nur geringf\u00fcgig, da die Scheibenbremsen nur selten zum Einsatz kommen und daher wenig K\u00fchlluft ben\u00f6tigen.<\/p>\n<p>Neu und erstmalig bei Audi sind auch die fast b\u00fcndig in die T\u00fcrfl\u00e4chen integrierten Griffe. Ein N\u00e4herungssensor an der Unterseite der Griffe entriegelt bei Bedarf das Schloss &#8211; die T\u00fcr springt leicht und ohne Kraftaufwand auf und muss nur noch manuell ge\u00f6ffnet werden.<\/p>\n<p>Die aufrechte Front ist eine evolution\u00e4re Weiterentwicklung des <span class=\"nowrap\">e-tron<\/span> Markengesichts. Wie f\u00fcr einen elektrisch angetriebenen Audi typisch, ist der zentrale Bereich des Q6L <span class=\"nowrap\">e-tron<\/span> aerodynamisch optimal geschlossen und integriert. Erstmals hat die Marke f\u00fcr den chinesischen Markt ein komplett neues Frontdesign entwickelt: Die Audi-Designer haben das zentrale Element in die breitere Frontsch\u00fcrze integriert, beide sind gl\u00e4nzend schwarz gef\u00e4rbt. Dadurch wird die Front zu einer betont horizontalen Skulptur, die weit in die Seiten reicht und den SUV flacher und zur Stra\u00dfe hin orientiert erscheinen l\u00e4sst. Gro\u00dfe seitliche Lufteinl\u00e4sse unterstreichen den dynamischen Auftritt, w\u00e4hrend die flachen Proportionen der geteilten Leuchteinheit dem Q6L <span class=\"nowrap\">e-tron<\/span> einen entschlossenen Ausdruck verleihen.<\/p>\n<p>Neu sind die erstmals beleuchteten Markenlogos mit den Vier Ringen an Front und Heck. Ein weiches Projektionslicht verbindet sie optisch mit den Scheinwerfern im K\u00fchlergrill. Auch im Nachtdesign ist der Q6L\u00a0<span class=\"nowrap\">e-tron<\/span> klar als Audi zu erkennen.<\/p>\n<h2>Innovative Lichttechnologie<\/h2>\n<p>Mit der Q6 <span class=\"nowrap\">e-tron<\/span> Baureihe schl\u00e4gt Audi ein neues Kapitel der Elektromobilit\u00e4t und Lichttechnologie auf. Mit der Weltneuheit der aktiven digitalen Lichtsignatur begr\u00fcndet die\u00a0Audi Q6\u00a0<span class=\"nowrap\">e-tron Familie<\/span> eine neue \u00c4ra, gepr\u00e4gt von einzigartigem Design und einer \u00c4sthetik, die es so nur bei Audi gibt.<\/p>\n<p>Ein Softwaremodul in einem der f\u00fcnf Dom\u00e4nenrechner des Audi Q6L <span class=\"nowrap\">e-tron<\/span> macht diese Form der Lichtsignatur m\u00f6glich. Bei den digitalen OLED-Heckleuchten der zweiten Generation erzeugen die sechs OLED-Panels mit 360 Segmenten nach einem speziell entwickelten Algorithmus alle zehn Millisekunden ein neues Bild.<\/p>\n<p>Dank der perfekten Synthese aus Lichtdesign und zukunftsweisender Technologie wirkt das Licht im neuen Audi Q6L e\u2011 tron lebendiger und intelligenter denn je. Die aktive digitale Lichtsignatur unterstreicht den Status von Audi als Branchenpionier in der Lichttechnik.<\/p>\n<p>Auf der Vorderseite wird die aktive digitale Lichtsignatur durch den Algorithmus erzeugt, der mit zw\u00f6lf Segmenten interagiert, die sich auf- und abdunkeln. Auf der R\u00fcckseite werden alle digitalen OLED-Segmente f\u00fcr diesen Zweck verwendet. Die einzelnen Lichtsegmente interagieren so, dass das Gesamtbild der Lichtsignatur konstant bleibt, insbesondere in Bezug auf die Helligkeit.<\/p>\n<p>Die Technologie, die erstmals im Audi Q6L <span class=\"nowrap\">e-tron<\/span> zum Einsatz kommt, setzt auch in puncto Individualisierung neue Ma\u00dfst\u00e4be: Mit acht digitalen Lichtsignaturen im neu gestalteten Tagfahrlicht der Matrix LED-Scheinwerfer und den optionalen digitalen OLED-Heckleuchten der zweiten Generation l\u00e4sst sich der Q6L <span class=\"nowrap\">e-tron<\/span> auf v\u00f6llig neue Weise personalisieren. Der Wechsel zwischen den Signaturen erfolgt schnell und einfach \u00fcber das entsprechende Fahrzeugmen\u00fc.<\/p>\n<p>Mit der zweiten Generation der digitalen OLED-Heckleuchten hebt der Audi Q6L <span class=\"nowrap\">e-tron<\/span> Lichtdesign, Funktionalit\u00e4t und damit auch die Verkehrssicherheit auf ein neues Niveau. Erstmals k\u00f6nnen die digitalen OLED-Heckleuchten gezielt mit der unmittelbaren Umgebung kommunizieren.<\/p>\n<p>Auch die Sicherheitsfunktionen hat Audi konsequent weiterentwickelt. Die Ann\u00e4herungserkennung, die bereits in anderen Audi-Modellen vorhanden ist, wurde im neuen Q6L <span class=\"nowrap\">e-tron<\/span> um das Kommunikationslicht erweitert. Es warnt andere Verkehrsteilnehmer vor Unf\u00e4llen und Pannen. Dazu zeigt das Kommunikationslicht in kritischen Fahr- oder Verkehrssituationen eine spezifische statische Heckleuchtensignatur mit integrierten Warnsymbolen in der digitalen OLED-Heckleuchte an.<\/p>\n<p>Ebenfalls ein klares Plus f\u00fcr die Sicherheit: An der Unterseite des Heckspoilers befindet sich ein LED-Leuchtelement, das die zentrale Bremsleuchte beim Bremsen gro\u00dffl\u00e4chig und gut sichtbar auf die Heckscheibe projiziert.<\/p>\n<h2>Mehr denn je auf China zugeschnitten: Innenraum, Infotainment und Fahrerassistenzsysteme<\/h2>\n<p>\u201eDer Q6L <span class=\"nowrap\">e-tron<\/span> wird sich st\u00e4rker als je zuvor vom globalen Modell unterscheiden, sowohl was das Au\u00dfendesign als auch das digitale Innenraumerlebnis betrifft. Der Innenraum des\u00a0Audi Q6L <span class=\"nowrap\">e-tron<\/span> ist konsequenter als je zuvor auf die Bed\u00fcrfnisse der chinesischen Kundinnen und Kunden ausgerichtet\u201c, sagt CEO Gernot D\u00f6llner. Neben einem exklusiven Innenraumdesign haben die Audi-Ingenieure der Technischen Entwicklung in Peking und Deutschland zahlreiche Infotainment-Funktionen integriert, die auf die W\u00fcnsche der Kund_innen und die Anforderungen des chinesischen Marktes abgestimmt sind. So wird der Fahrzeuginnenraum f\u00fcr Fahrende und Passagiere in China zu einem individuellen digitalen Erlebnis.<\/p>\n<p>Erstmals wurden zahlreiche Fahrerassistenzsysteme exklusiv f\u00fcr die Erwartungen chinesischer Kund_innen entwickelt, darunter der adaptive Fahrassistent Pro und der Parkassistent Pro. Basierend auf einer umfassenden Sensorik (u.a. Lidar- und Radarsensoren, Kameras und Ultraschallsensoren) und V2X-Technologien werden diese Funktionen die Fahrer_in in weitaus umfassenderen Szenarien beim Fahren und Einparken unterst\u00fctzen als bei allen bisherigen\u00a0Audi-Modellen. Zusammen mit zahlreichen Zusatzfunktionen wie etwa dem R\u00fcckfahrassistenten wird der Q6L <span class=\"nowrap\">e-tron<\/span> den chinesischen Kund_innen v\u00f6llig neue Dimensionen von Komfort und Sicherheit er\u00f6ffnen.<\/p>\n<p>Die Basis &#8211; sowohl f\u00fcr Infotainment- als auch f\u00fcr Fahrerassistenz-Funktionen &#8211; ist die neu entwickelte Elektronikarchitektur E<sup>3<\/sup> 1.2. Der Name E<sup>3<\/sup> steht f\u00fcr Ende-zu-Ende-Elektronikarchitektur. \u00dcbergeordnetes Ziel bei der Entwicklung war es, eine zukunftssichere, standardisierte Plattform zu schaffen. Die funktionsorientierte Architektur basiert auf einer neuen Dom\u00e4nenrechnerstruktur mit f\u00fcnf Hochleistungsrechnern (High-Performance Computing Platform, HCP), die alle Fahrzeugfunktionen steuern &#8211; vom Infotainment \u00fcber Fahrfunktionen bis hin zum teilautomatisierten Fahren in sp\u00e4teren Evolutionsstufen. Die bisher rechenst\u00e4rkste Elektronikarchitektur ist konsequent auf die Kundenbed\u00fcrfnisse ausgerichtet.<\/p>\n<p>Ein Schwerpunkt der Entwicklung lag auf der leistungsf\u00e4higen und sicheren Vernetzung von Dom\u00e4nenrechnern, Steuerger\u00e4ten, Sensoren und Aktoren, um komplexere Systeme zu beherrschen und die Modularit\u00e4t zu erhalten. Dar\u00fcber hinaus zeichnet sich die E<sup>3<\/sup> 1.2 durch eine nahtlose, leistungsf\u00e4hige Backend-Anbindung f\u00fcr Car-to-X-Schwarmdatenanwendungen und rechenintensive Offboard-Funktionen aus.<\/p>\n<h2>In China, f\u00fcr China &#8211; Produktion in Changchun<\/h2>\n<p>Der Audi Q6L <span class=\"nowrap\">e-tron<\/span> und weitere Modelle auf Basis der PPE f\u00fcr den chinesischen Markt werden in einem neuen Werk in Changchun gebaut. Das Werk ist der Stammsitz der Audi FAW NEV Company. Es ist nicht nur das erste Audi-Werk in China, das ausschlie\u00dflich vollelektrische Fahrzeuge produziert, sondern setzt auch neue Ma\u00dfst\u00e4be in Sachen Digitalisierung, Effizienz und Nachhaltigkeit.<\/p>\n<p>Mit dem globalen Umweltprogramm \u201eMission:Zero\u201c setzt sich Audi f\u00fcr Dekarbonisierung, verantwortungsvollen Wasserverbrauch, Ressourceneffizienz und Biodiversit\u00e4t ein &#8211; auch in diesem neuen Werk. Die Audi FAW NEV Company setzt in allen Produktionsbereichen energieeffiziente und nachhaltige Technologien ein. Zudem \u00fcberwacht das Unternehmen kontinuierlich die Effizienz aller Anlagen.<\/p>\n<p>Die lokale Produktion des Q6L <span class=\"nowrap\">e-tron<\/span> wird Ende 2024 beginnen, die Auslieferung an Kund_innen startet 2025. Weitere Volumenmodelle folgen ab 2025 mit der Baureihe Audi A6 <span class=\"nowrap\">e-tron<\/span>.<\/p>\n<\/div>\n<\/div>\n<\/div>\n<\/div>\n","protected":false},"excerpt":{"rendered":"<p>Die Audi Q6 e-tron Baureihe ist die erste Modellfamilie auf der Premium Platform Electric (PPE) und markiert den n\u00e4chsten Schritt auf dem Weg des Unternehmens zu einem Anbieter von Premium-Elektromobilit\u00e4t. Auf der Beijing Auto Show 2024 pr\u00e4sentiert die Marke mit den Vier Ringen mit dem Audi Q6L e-tron eine ma\u00dfgeschneiderte [&hellip;]<\/p>\n","protected":false},"author":1,"featured_media":7096,"comment_status":"closed","ping_status":"open","sticky":false,"template":"","format":"standard","meta":{"jetpack_post_was_ever_published":false,"_jetpack_newsletter_access":"","_jetpack_dont_email_post_to_subs":false,"_jetpack_newsletter_tier_id":0,"_jetpack_memberships_contains_paywalled_content":false,"_jetpack_memberships_contains_paid_content":false,"footnotes":"","jetpack_publicize_message":"","jetpack_publicize_feature_enabled":true,"jetpack_social_post_already_shared":true,"jetpack_social_options":{"image_generator_settings":{"template":"highway","enabled":false},"version":2}},"categories":[329],"tags":[],"class_list":["post-7095","post","type-post","status-publish","format-standard","has-post-thumbnail","hentry","category-e-tron"],"wppr_data":{"cwp_meta_box_check":"No"},"jetpack_publicize_connections":[],"yoast_head":"<!-- This site is optimized with the Yoast SEO plugin v23.3 - https:\/\/yoast.com\/wordpress\/plugins\/seo\/ -->\n<title>L steht f\u00fcr Langstrecke \u2013 Audi Q6L e-tron - Audi Blog<\/title>\n<meta name=\"robots\" content=\"index, follow, max-snippet:-1, max-image-preview:large, max-video-preview:-1\" \/>\n<link rel=\"canonical\" href=\"https:\/\/www.audi-mediacenter.com\/de\/pressemitteilungen\/l-steht-fuer-langstrecke-audi-q6l-e-tron-16004\" \/>\n<meta property=\"og:locale\" content=\"de_DE\" \/>\n<meta property=\"og:type\" content=\"article\" \/>\n<meta property=\"og:title\" content=\"L steht f\u00fcr Langstrecke \u2013 Audi Q6L e-tron - Audi Blog\" \/>\n<meta property=\"og:description\" content=\"Die Audi Q6 e-tron Baureihe ist die erste Modellfamilie auf der Premium Platform Electric (PPE) und markiert den n\u00e4chsten Schritt auf dem Weg des Unternehmens zu einem Anbieter von Premium-Elektromobilit\u00e4t. Auf der Beijing Auto Show 2024 pr\u00e4sentiert die Marke mit den Vier Ringen mit dem Audi Q6L e-tron eine ma\u00dfgeschneiderte [&hellip;]\" \/>\n<meta property=\"og:url\" content=\"https:\/\/www.audi-mediacenter.com\/de\/pressemitteilungen\/l-steht-fuer-langstrecke-audi-q6l-e-tron-16004\" \/>\n<meta property=\"og:site_name\" content=\"Audi Blog\" \/>\n<meta property=\"article:published_time\" content=\"2024-04-25T14:35:37+00:00\" \/>\n<meta property=\"og:image\" content=\"https:\/\/www.tts-freunde.de\/blog\/wp-content\/uploads\/2024\/04\/A242336_medium-scaled.jpg\" \/>\n\t<meta property=\"og:image:width\" content=\"2560\" \/>\n\t<meta property=\"og:image:height\" content=\"1920\" \/>\n\t<meta property=\"og:image:type\" content=\"image\/jpeg\" \/>\n<meta name=\"author\" content=\"admin\" \/>\n<meta name=\"twitter:card\" content=\"summary_large_image\" \/>\n<meta name=\"twitter:label1\" content=\"Verfasst von\" \/>\n\t<meta name=\"twitter:data1\" content=\"admin\" \/>\n\t<meta name=\"twitter:label2\" content=\"Gesch\u00e4tzte Lesezeit\" \/>\n\t<meta name=\"twitter:data2\" content=\"11\u00a0Minuten\" \/>\n<script type=\"application\/ld+json\" class=\"yoast-schema-graph\">{\"@context\":\"https:\/\/schema.org\",\"@graph\":[{\"@type\":\"Article\",\"@id\":\"https:\/\/www.audi-mediacenter.com\/de\/pressemitteilungen\/l-steht-fuer-langstrecke-audi-q6l-e-tron-16004#article\",\"isPartOf\":{\"@id\":\"https:\/\/www.tts-freunde.de\/blog\/2024\/04\/25\/l-steht-fuer-langstrecke-audi-q6l-e-tron\/\"},\"author\":{\"name\":\"admin\",\"@id\":\"https:\/\/www.tts-freunde.de\/blog\/#\/schema\/person\/b67f6a54e98f013bd281dbe05514b701\"},\"headline\":\"L steht f\u00fcr Langstrecke \u2013 Audi Q6L e-tron\",\"datePublished\":\"2024-04-25T14:35:37+00:00\",\"dateModified\":\"2024-04-25T14:35:37+00:00\",\"mainEntityOfPage\":{\"@id\":\"https:\/\/www.tts-freunde.de\/blog\/2024\/04\/25\/l-steht-fuer-langstrecke-audi-q6l-e-tron\/\"},\"wordCount\":2083,\"publisher\":{\"@id\":\"https:\/\/www.tts-freunde.de\/blog\/#organization\"},\"image\":{\"@id\":\"https:\/\/www.audi-mediacenter.com\/de\/pressemitteilungen\/l-steht-fuer-langstrecke-audi-q6l-e-tron-16004#primaryimage\"},\"thumbnailUrl\":\"https:\/\/www.tts-freunde.de\/blog\/wp-content\/uploads\/2024\/04\/A242336_medium-scaled.jpg\",\"articleSection\":[\"e-tron\"],\"inLanguage\":\"de\"},{\"@type\":\"WebPage\",\"@id\":\"https:\/\/www.tts-freunde.de\/blog\/2024\/04\/25\/l-steht-fuer-langstrecke-audi-q6l-e-tron\/\",\"url\":\"https:\/\/www.audi-mediacenter.com\/de\/pressemitteilungen\/l-steht-fuer-langstrecke-audi-q6l-e-tron-16004\",\"name\":\"L steht f\u00fcr Langstrecke \u2013 Audi Q6L e-tron - Audi Blog\",\"isPartOf\":{\"@id\":\"https:\/\/www.tts-freunde.de\/blog\/#website\"},\"primaryImageOfPage\":{\"@id\":\"https:\/\/www.audi-mediacenter.com\/de\/pressemitteilungen\/l-steht-fuer-langstrecke-audi-q6l-e-tron-16004#primaryimage\"},\"image\":{\"@id\":\"https:\/\/www.audi-mediacenter.com\/de\/pressemitteilungen\/l-steht-fuer-langstrecke-audi-q6l-e-tron-16004#primaryimage\"},\"thumbnailUrl\":\"https:\/\/www.tts-freunde.de\/blog\/wp-content\/uploads\/2024\/04\/A242336_medium-scaled.jpg\",\"datePublished\":\"2024-04-25T14:35:37+00:00\",\"dateModified\":\"2024-04-25T14:35:37+00:00\",\"breadcrumb\":{\"@id\":\"https:\/\/www.audi-mediacenter.com\/de\/pressemitteilungen\/l-steht-fuer-langstrecke-audi-q6l-e-tron-16004#breadcrumb\"},\"inLanguage\":\"de\",\"potentialAction\":[{\"@type\":\"ReadAction\",\"target\":[\"https:\/\/www.audi-mediacenter.com\/de\/pressemitteilungen\/l-steht-fuer-langstrecke-audi-q6l-e-tron-16004\"]}]},{\"@type\":\"ImageObject\",\"inLanguage\":\"de\",\"@id\":\"https:\/\/www.audi-mediacenter.com\/de\/pressemitteilungen\/l-steht-fuer-langstrecke-audi-q6l-e-tron-16004#primaryimage\",\"url\":\"https:\/\/www.tts-freunde.de\/blog\/wp-content\/uploads\/2024\/04\/A242336_medium-scaled.jpg\",\"contentUrl\":\"https:\/\/www.tts-freunde.de\/blog\/wp-content\/uploads\/2024\/04\/A242336_medium-scaled.jpg\",\"width\":2560,\"height\":1920,\"caption\":\"Static photo, Colour: Lilac Grey\"},{\"@type\":\"BreadcrumbList\",\"@id\":\"https:\/\/www.audi-mediacenter.com\/de\/pressemitteilungen\/l-steht-fuer-langstrecke-audi-q6l-e-tron-16004#breadcrumb\",\"itemListElement\":[{\"@type\":\"ListItem\",\"position\":1,\"name\":\"Home\",\"item\":\"https:\/\/www.tts-freunde.de\/blog\/\"},{\"@type\":\"ListItem\",\"position\":2,\"name\":\"L steht f\u00fcr Langstrecke \u2013 Audi Q6L e-tron\"}]},{\"@type\":\"WebSite\",\"@id\":\"https:\/\/www.tts-freunde.de\/blog\/#website\",\"url\":\"https:\/\/www.tts-freunde.de\/blog\/\",\"name\":\"Audi Blog\",\"description\":\"Deutscher Audi Blog - TTS-Freunde\",\"publisher\":{\"@id\":\"https:\/\/www.tts-freunde.de\/blog\/#organization\"},\"potentialAction\":[{\"@type\":\"SearchAction\",\"target\":{\"@type\":\"EntryPoint\",\"urlTemplate\":\"https:\/\/www.tts-freunde.de\/blog\/?s={search_term_string}\"},\"query-input\":\"required name=search_term_string\"}],\"inLanguage\":\"de\"},{\"@type\":\"Organization\",\"@id\":\"https:\/\/www.tts-freunde.de\/blog\/#organization\",\"name\":\"Audi Blog\",\"url\":\"https:\/\/www.tts-freunde.de\/blog\/\",\"logo\":{\"@type\":\"ImageObject\",\"inLanguage\":\"de\",\"@id\":\"https:\/\/www.tts-freunde.de\/blog\/#\/schema\/logo\/image\/\",\"url\":\"https:\/\/www.tts-freunde.de\/blog\/wp-content\/uploads\/2022\/12\/logo_2022.jpg\",\"contentUrl\":\"https:\/\/www.tts-freunde.de\/blog\/wp-content\/uploads\/2022\/12\/logo_2022.jpg\",\"width\":240,\"height\":41,\"caption\":\"Audi Blog\"},\"image\":{\"@id\":\"https:\/\/www.tts-freunde.de\/blog\/#\/schema\/logo\/image\/\"}},{\"@type\":\"Person\",\"@id\":\"https:\/\/www.tts-freunde.de\/blog\/#\/schema\/person\/b67f6a54e98f013bd281dbe05514b701\",\"name\":\"admin\",\"image\":{\"@type\":\"ImageObject\",\"inLanguage\":\"de\",\"@id\":\"https:\/\/www.tts-freunde.de\/blog\/#\/schema\/person\/image\/\",\"url\":\"https:\/\/secure.gravatar.com\/avatar\/08a4bd330e25056ddb430c28136b38a6?s=96&d=mm&r=g\",\"contentUrl\":\"https:\/\/secure.gravatar.com\/avatar\/08a4bd330e25056ddb430c28136b38a6?s=96&d=mm&r=g\",\"caption\":\"admin\"},\"sameAs\":[\"http:\/\/www.tts-freunde.de\"],\"url\":\"https:\/\/www.tts-freunde.de\/blog\/author\/admin\/\"}]}<\/script>\n<!-- \/ Yoast SEO plugin. -->","yoast_head_json":{"title":"L steht f\u00fcr Langstrecke \u2013 Audi Q6L e-tron - Audi Blog","robots":{"index":"index","follow":"follow","max-snippet":"max-snippet:-1","max-image-preview":"max-image-preview:large","max-video-preview":"max-video-preview:-1"},"canonical":"https:\/\/www.audi-mediacenter.com\/de\/pressemitteilungen\/l-steht-fuer-langstrecke-audi-q6l-e-tron-16004","og_locale":"de_DE","og_type":"article","og_title":"L steht f\u00fcr Langstrecke \u2013 Audi Q6L e-tron - Audi Blog","og_description":"Die Audi Q6 e-tron Baureihe ist die erste Modellfamilie auf der Premium Platform Electric (PPE) und markiert den n\u00e4chsten Schritt auf dem Weg des Unternehmens zu einem Anbieter von Premium-Elektromobilit\u00e4t. Auf der Beijing Auto Show 2024 pr\u00e4sentiert die Marke mit den Vier Ringen mit dem Audi Q6L e-tron eine ma\u00dfgeschneiderte [&hellip;]","og_url":"https:\/\/www.audi-mediacenter.com\/de\/pressemitteilungen\/l-steht-fuer-langstrecke-audi-q6l-e-tron-16004","og_site_name":"Audi Blog","article_published_time":"2024-04-25T14:35:37+00:00","og_image":[{"width":2560,"height":1920,"url":"https:\/\/www.tts-freunde.de\/blog\/wp-content\/uploads\/2024\/04\/A242336_medium-scaled.jpg","type":"image\/jpeg"}],"author":"admin","twitter_card":"summary_large_image","twitter_misc":{"Verfasst von":"admin","Gesch\u00e4tzte Lesezeit":"11\u00a0Minuten"},"schema":{"@context":"https:\/\/schema.org","@graph":[{"@type":"Article","@id":"https:\/\/www.audi-mediacenter.com\/de\/pressemitteilungen\/l-steht-fuer-langstrecke-audi-q6l-e-tron-16004#article","isPartOf":{"@id":"https:\/\/www.tts-freunde.de\/blog\/2024\/04\/25\/l-steht-fuer-langstrecke-audi-q6l-e-tron\/"},"author":{"name":"admin","@id":"https:\/\/www.tts-freunde.de\/blog\/#\/schema\/person\/b67f6a54e98f013bd281dbe05514b701"},"headline":"L steht f\u00fcr Langstrecke \u2013 Audi Q6L e-tron","datePublished":"2024-04-25T14:35:37+00:00","dateModified":"2024-04-25T14:35:37+00:00","mainEntityOfPage":{"@id":"https:\/\/www.tts-freunde.de\/blog\/2024\/04\/25\/l-steht-fuer-langstrecke-audi-q6l-e-tron\/"},"wordCount":2083,"publisher":{"@id":"https:\/\/www.tts-freunde.de\/blog\/#organization"},"image":{"@id":"https:\/\/www.audi-mediacenter.com\/de\/pressemitteilungen\/l-steht-fuer-langstrecke-audi-q6l-e-tron-16004#primaryimage"},"thumbnailUrl":"https:\/\/www.tts-freunde.de\/blog\/wp-content\/uploads\/2024\/04\/A242336_medium-scaled.jpg","articleSection":["e-tron"],"inLanguage":"de"},{"@type":"WebPage","@id":"https:\/\/www.tts-freunde.de\/blog\/2024\/04\/25\/l-steht-fuer-langstrecke-audi-q6l-e-tron\/","url":"https:\/\/www.audi-mediacenter.com\/de\/pressemitteilungen\/l-steht-fuer-langstrecke-audi-q6l-e-tron-16004","name":"L steht f\u00fcr Langstrecke \u2013 Audi Q6L e-tron - Audi Blog","isPartOf":{"@id":"https:\/\/www.tts-freunde.de\/blog\/#website"},"primaryImageOfPage":{"@id":"https:\/\/www.audi-mediacenter.com\/de\/pressemitteilungen\/l-steht-fuer-langstrecke-audi-q6l-e-tron-16004#primaryimage"},"image":{"@id":"https:\/\/www.audi-mediacenter.com\/de\/pressemitteilungen\/l-steht-fuer-langstrecke-audi-q6l-e-tron-16004#primaryimage"},"thumbnailUrl":"https:\/\/www.tts-freunde.de\/blog\/wp-content\/uploads\/2024\/04\/A242336_medium-scaled.jpg","datePublished":"2024-04-25T14:35:37+00:00","dateModified":"2024-04-25T14:35:37+00:00","breadcrumb":{"@id":"https:\/\/www.audi-mediacenter.com\/de\/pressemitteilungen\/l-steht-fuer-langstrecke-audi-q6l-e-tron-16004#breadcrumb"},"inLanguage":"de","potentialAction":[{"@type":"ReadAction","target":["https:\/\/www.audi-mediacenter.com\/de\/pressemitteilungen\/l-steht-fuer-langstrecke-audi-q6l-e-tron-16004"]}]},{"@type":"ImageObject","inLanguage":"de","@id":"https:\/\/www.audi-mediacenter.com\/de\/pressemitteilungen\/l-steht-fuer-langstrecke-audi-q6l-e-tron-16004#primaryimage","url":"https:\/\/www.tts-freunde.de\/blog\/wp-content\/uploads\/2024\/04\/A242336_medium-scaled.jpg","contentUrl":"https:\/\/www.tts-freunde.de\/blog\/wp-content\/uploads\/2024\/04\/A242336_medium-scaled.jpg","width":2560,"height":1920,"caption":"Static photo, Colour: Lilac Grey"},{"@type":"BreadcrumbList","@id":"https:\/\/www.audi-mediacenter.com\/de\/pressemitteilungen\/l-steht-fuer-langstrecke-audi-q6l-e-tron-16004#breadcrumb","itemListElement":[{"@type":"ListItem","position":1,"name":"Home","item":"https:\/\/www.tts-freunde.de\/blog\/"},{"@type":"ListItem","position":2,"name":"L steht f\u00fcr Langstrecke \u2013 Audi Q6L e-tron"}]},{"@type":"WebSite","@id":"https:\/\/www.tts-freunde.de\/blog\/#website","url":"https:\/\/www.tts-freunde.de\/blog\/","name":"Audi Blog","description":"Deutscher Audi Blog - TTS-Freunde","publisher":{"@id":"https:\/\/www.tts-freunde.de\/blog\/#organization"},"potentialAction":[{"@type":"SearchAction","target":{"@type":"EntryPoint","urlTemplate":"https:\/\/www.tts-freunde.de\/blog\/?s={search_term_string}"},"query-input":"required name=search_term_string"}],"inLanguage":"de"},{"@type":"Organization","@id":"https:\/\/www.tts-freunde.de\/blog\/#organization","name":"Audi Blog","url":"https:\/\/www.tts-freunde.de\/blog\/","logo":{"@type":"ImageObject","inLanguage":"de","@id":"https:\/\/www.tts-freunde.de\/blog\/#\/schema\/logo\/image\/","url":"https:\/\/www.tts-freunde.de\/blog\/wp-content\/uploads\/2022\/12\/logo_2022.jpg","contentUrl":"https:\/\/www.tts-freunde.de\/blog\/wp-content\/uploads\/2022\/12\/logo_2022.jpg","width":240,"height":41,"caption":"Audi Blog"},"image":{"@id":"https:\/\/www.tts-freunde.de\/blog\/#\/schema\/logo\/image\/"}},{"@type":"Person","@id":"https:\/\/www.tts-freunde.de\/blog\/#\/schema\/person\/b67f6a54e98f013bd281dbe05514b701","name":"admin","image":{"@type":"ImageObject","inLanguage":"de","@id":"https:\/\/www.tts-freunde.de\/blog\/#\/schema\/person\/image\/","url":"https:\/\/secure.gravatar.com\/avatar\/08a4bd330e25056ddb430c28136b38a6?s=96&d=mm&r=g","contentUrl":"https:\/\/secure.gravatar.com\/avatar\/08a4bd330e25056ddb430c28136b38a6?s=96&d=mm&r=g","caption":"admin"},"sameAs":["http:\/\/www.tts-freunde.de"],"url":"https:\/\/www.tts-freunde.de\/blog\/author\/admin\/"}]}},"jetpack_sharing_enabled":true,"jetpack_featured_media_url":"https:\/\/www.tts-freunde.de\/blog\/wp-content\/uploads\/2024\/04\/A242336_medium-scaled.jpg","jetpack_shortlink":"https:\/\/wp.me\/p67hWW-1Qr","jetpack_likes_enabled":false,"jetpack-related-posts":[],"_links":{"self":[{"href":"https:\/\/www.tts-freunde.de\/blog\/wp-json\/wp\/v2\/posts\/7095"}],"collection":[{"href":"https:\/\/www.tts-freunde.de\/blog\/wp-json\/wp\/v2\/posts"}],"about":[{"href":"https:\/\/www.tts-freunde.de\/blog\/wp-json\/wp\/v2\/types\/post"}],"author":[{"embeddable":true,"href":"https:\/\/www.tts-freunde.de\/blog\/wp-json\/wp\/v2\/users\/1"}],"replies":[{"embeddable":true,"href":"https:\/\/www.tts-freunde.de\/blog\/wp-json\/wp\/v2\/comments?post=7095"}],"version-history":[{"count":1,"href":"https:\/\/www.tts-freunde.de\/blog\/wp-json\/wp\/v2\/posts\/7095\/revisions"}],"predecessor-version":[{"id":7097,"href":"https:\/\/www.tts-freunde.de\/blog\/wp-json\/wp\/v2\/posts\/7095\/revisions\/7097"}],"wp:featuredmedia":[{"embeddable":true,"href":"https:\/\/www.tts-freunde.de\/blog\/wp-json\/wp\/v2\/media\/7096"}],"wp:attachment":[{"href":"https:\/\/www.tts-freunde.de\/blog\/wp-json\/wp\/v2\/media?parent=7095"}],"wp:term":[{"taxonomy":"category","embeddable":true,"href":"https:\/\/www.tts-freunde.de\/blog\/wp-json\/wp\/v2\/categories?post=7095"},{"taxonomy":"post_tag","embeddable":true,"href":"https:\/\/www.tts-freunde.de\/blog\/wp-json\/wp\/v2\/tags?post=7095"}],"curies":[{"name":"wp","href":"https:\/\/api.w.org\/{rel}","templated":true}]}}