{"id":7144,"date":"2024-07-08T19:41:44","date_gmt":"2024-07-08T17:41:44","guid":{"rendered":"https:\/\/www.tts-freunde.de\/blog\/?p=7144"},"modified":"2024-07-08T19:41:44","modified_gmt":"2024-07-08T17:41:44","slug":"audi-rs-6-avant-gt-zeigt-sich-an-westkueste-der-usa","status":"publish","type":"post","link":"https:\/\/www.tts-freunde.de\/blog\/2024\/07\/08\/audi-rs-6-avant-gt-zeigt-sich-an-westkueste-der-usa\/","title":{"rendered":"Audi RS 6 Avant GT zeigt sich an Westk\u00fcste der USA"},"content":{"rendered":"<div class=\"page-row column-width-100\">\n<div class=\"container -narrow\">\n<div class=\"page-item--intro\" id=\"item-9c7538d0-884a-4963-b890-d22c9af65ce5\">\n<div class=\"intro-text\">\n<p>Der limitierte Audi <span class=\"nowrap\">RS 6<\/span> Avant GT<sup consumption-data=\"Audi &lt;span class=&quot;nowrap&quot;&gt;RS 6&lt;\/span&gt; Avant GT: Kraftstoffverbrauch kombiniert in l\/100 km: 12,7\u201312,2; CO&lt;sub&gt;2&lt;\/sub&gt;-Emissionen kombiniert in g\/km: 289\u2013277 CO&lt;sub&gt;2&lt;\/sub&gt;-Klasse: G\" class=\"inline-consumption-data up-can-clean\" style=\"box-sizing: border-box; font-size: 0.583em; vertical-align: middle; position: relative; top: -0.4em;\">2<\/sup> bildet die h\u00f6chste Ausbaustufe seiner Baureihe. Mit seinen exklusiven Details im Exterieur und Interieur ist das Sondermodell eine Hommage an den legend\u00e4ren Rennwagen Audi 90 <span class=\"nowrap\">quattro<\/span> IMSA GTO von 1989. An der Westk\u00fcste der Vereinigten Staaten zeigt sich der <span class=\"nowrap\">RS 6<\/span> Avant GT<sup consumption-data=\"Audi &lt;span class=&quot;nowrap&quot;&gt;RS 6&lt;\/span&gt; Avant GT: Kraftstoffverbrauch kombiniert in l\/100 km: 12,7\u201312,2; CO&lt;sub&gt;2&lt;\/sub&gt;-Emissionen kombiniert in g\/km: 289\u2013277 CO&lt;sub&gt;2&lt;\/sub&gt;-Klasse: G\" class=\"inline-consumption-data up-can-clean\" style=\"box-sizing: border-box; font-size: 0.583em; vertical-align: middle; position: relative; top: -0.4em;\">2<\/sup> in Nardograu in beeindruckender Umgebung.<\/p>\n<\/div>\n<\/div>\n<\/div>\n<\/div>\n<div class=\"page-row-spacer\">\n<div id=\"attachment_7145\" style=\"width: 760px\" class=\"wp-caption aligncenter\"><a href=\"https:\/\/www.tts-freunde.de\/blog\/wp-content\/uploads\/2024\/07\/A243319_medium-scaled.jpg\"><img loading=\"lazy\" decoding=\"async\" aria-describedby=\"caption-attachment-7145\" data-attachment-id=\"7145\" data-permalink=\"https:\/\/www.tts-freunde.de\/blog\/2024\/07\/08\/audi-rs-6-avant-gt-zeigt-sich-an-westkueste-der-usa\/audi-rs-6-avant-gt-in-california\/\" data-orig-file=\"https:\/\/www.tts-freunde.de\/blog\/wp-content\/uploads\/2024\/07\/A243319_medium-scaled.jpg\" data-orig-size=\"2560,1920\" data-comments-opened=\"0\" data-image-meta=\"{&quot;aperture&quot;:&quot;4&quot;,&quot;credit&quot;:&quot;TSP&quot;,&quot;camera&quot;:&quot;GFX100 II&quot;,&quot;caption&quot;:&quot;Audi RS 6 Avant GT, Audi 90 quattro IMSA GTO, \\nStatic photo,\\nColour: Nardo Grey&quot;,&quot;created_timestamp&quot;:&quot;1718638045&quot;,&quot;copyright&quot;:&quot;AUDI AG&quot;,&quot;focal_length&quot;:&quot;50.8&quot;,&quot;iso&quot;:&quot;100&quot;,&quot;shutter_speed&quot;:&quot;0.004&quot;,&quot;title&quot;:&quot;Audi RS 6 Avant GT in California&quot;,&quot;orientation&quot;:&quot;0&quot;}\" data-image-title=\"Audi RS 6 Avant GT in California\" data-image-description=\"\" data-image-caption=\"&lt;p&gt;Audi RS 6 Avant GT, Audi 90 quattro IMSA GTO,&lt;br \/&gt;\nStatic photo,&lt;br \/&gt;\nColour: Nardo Grey&lt;\/p&gt;\n\" data-medium-file=\"https:\/\/www.tts-freunde.de\/blog\/wp-content\/uploads\/2024\/07\/A243319_medium-300x225.jpg\" data-large-file=\"https:\/\/www.tts-freunde.de\/blog\/wp-content\/uploads\/2024\/07\/A243319_medium-1024x768.jpg\" tabindex=\"0\" role=\"button\" src=\"https:\/\/www.tts-freunde.de\/blog\/wp-content\/uploads\/2024\/07\/A243319_medium-1024x768.jpg\" alt=\"\" width=\"750\" height=\"563\" class=\"size-large wp-image-7145\" srcset=\"https:\/\/www.tts-freunde.de\/blog\/wp-content\/uploads\/2024\/07\/A243319_medium-1024x768.jpg 1024w, https:\/\/www.tts-freunde.de\/blog\/wp-content\/uploads\/2024\/07\/A243319_medium-300x225.jpg 300w, https:\/\/www.tts-freunde.de\/blog\/wp-content\/uploads\/2024\/07\/A243319_medium-768x576.jpg 768w, https:\/\/www.tts-freunde.de\/blog\/wp-content\/uploads\/2024\/07\/A243319_medium-1536x1152.jpg 1536w, https:\/\/www.tts-freunde.de\/blog\/wp-content\/uploads\/2024\/07\/A243319_medium-2048x1536.jpg 2048w, https:\/\/www.tts-freunde.de\/blog\/wp-content\/uploads\/2024\/07\/A243319_medium-50x38.jpg 50w\" sizes=\"(max-width: 750px) 100vw, 750px\" \/><\/a><p id=\"caption-attachment-7145\" class=\"wp-caption-text\">Audi RS 6 Avant GT, Audi 90 quattro IMSA GTO,<br \/>Static photo,<br \/>Colour: Nardo Grey<\/p><\/div>\n<\/div>\n<div class=\"page-row column-width-100\">\n<div class=\"container -narrow\">\n<div class=\"page-item--text\" id=\"item-f31e80d3-d6d1-42fd-8a36-e85be0f7d644\">\n<div class=\"text-block\">\n<p>Mit Audi-typischer Performance dank <span class=\"nowrap\">quattro<\/span>-Allradantrieb und F\u00fcnf-Zylinder-Motor sowie aufsehenerregender Optik eroberte der Audi 90 <span class=\"nowrap\">quattro<\/span> IMSA GTO Ende der 1980er Jahre die Rennstrecken Nordamerikas. Heute dient das siegreiche Fahrzeug als Inspiration f\u00fcr das neue Topmodell einer anderen Ikone aus dem Audi-Portfolio: den Audi <span class=\"nowrap\">RS 6<\/span> Avant GT<sup consumption-data=\"Audi &lt;span class=&quot;nowrap&quot;&gt;RS 6&lt;\/span&gt; Avant GT: Kraftstoffverbrauch kombiniert in l\/100 km: 12,7\u201312,2; CO&lt;sub&gt;2&lt;\/sub&gt;-Emissionen kombiniert in g\/km: 289\u2013277 CO&lt;sub&gt;2&lt;\/sub&gt;-Klasse: G\" class=\"inline-consumption-data up-can-clean\" style=\"box-sizing: border-box; font-size: 0.583em; vertical-align: middle; position: relative; top: -0.4em;\">2<\/sup>. Neue Aufnahmen zeigen das auf 660 Einheiten limitierte Sondermodell vor den Kulissen von San Francisco, Los Angeles und der unverwechselbaren Natur des Umlands.<\/p>\n<p>Als zweitgr\u00f6\u00dfter Automarkt der Welt sind die USA ein wichtiger Wachstumsmarkt f\u00fcr Audi. Das Unternehmen will seine Marke in Nordamerika st\u00e4rken und sieht die Region als eines von drei Standbeinen weltweit. Als Teil dieser Strategie folgen bis 2026 zehn neue Markteinf\u00fchrungen. Mittlerweile in der vierten Generation, genie\u00dft der Audi <span class=\"nowrap\">RS 6<\/span> Avant<sup consumption-data=\"Audi &lt;span class=&quot;nowrap&quot;&gt;RS 6&lt;\/span&gt; Avant 4.0 TFSI &lt;span class=&quot;nowrap&quot;&gt;quattro&lt;\/span&gt;: Kraftstoffverbrauch (kombiniert): 12,7\u201312,1 l\/100 km; CO&lt;sub&gt;2&lt;\/sub&gt;-Emissionen (kombiniert): 289\u2013276 g\/km; CO&lt;sub&gt;2&lt;\/sub&gt;-Klasse: G\" class=\"inline-consumption-data up-can-clean\" style=\"box-sizing: border-box; font-size: 0.583em; vertical-align: middle; position: relative; top: -0.4em;\">3<\/sup>\u00a0in den USA Kultstatus.<\/p>\n<p>Die nachfolgende Bildergalerie bietet eine Auswahl an neuen Aufnahmen des Audi <span class=\"nowrap\">RS 6<\/span> Avant GT<sup consumption-data=\"Audi &lt;span class=&quot;nowrap&quot;&gt;RS 6&lt;\/span&gt; Avant GT: Kraftstoffverbrauch kombiniert in l\/100 km: 12,7\u201312,2; CO&lt;sub&gt;2&lt;\/sub&gt;-Emissionen kombiniert in g\/km: 289\u2013277 CO&lt;sub&gt;2&lt;\/sub&gt;-Klasse: G\" class=\"inline-consumption-data up-can-clean\" style=\"box-sizing: border-box; font-size: 0.583em; vertical-align: middle; position: relative; top: -0.4em;\">2<\/sup>, in den Farben Nardograu und Arkonawei\u00df zusammen mit dem Audi 90 <span class=\"nowrap\">quattro<\/span> IMSA GTO.<\/p>\n<\/div>\n<\/div>\n<\/div>\n<\/div>\n","protected":false},"excerpt":{"rendered":"<p>Der limitierte Audi RS 6 Avant GT2 bildet die h\u00f6chste Ausbaustufe seiner Baureihe. Mit seinen exklusiven Details im Exterieur und Interieur ist das Sondermodell eine Hommage an den legend\u00e4ren Rennwagen Audi 90 quattro IMSA GTO von 1989. An der Westk\u00fcste der Vereinigten Staaten zeigt sich der RS 6 Avant GT2 [&hellip;]<\/p>\n","protected":false},"author":1,"featured_media":7145,"comment_status":"closed","ping_status":"open","sticky":false,"template":"","format":"standard","meta":{"jetpack_post_was_ever_published":false,"_jetpack_newsletter_access":"","_jetpack_dont_email_post_to_subs":false,"_jetpack_newsletter_tier_id":0,"_jetpack_memberships_contains_paywalled_content":false,"_jetpack_memberships_contains_paid_content":false,"footnotes":"","jetpack_publicize_message":"","jetpack_publicize_feature_enabled":true,"jetpack_social_post_already_shared":true,"jetpack_social_options":{"image_generator_settings":{"template":"highway","enabled":false},"version":2}},"categories":[10],"tags":[],"class_list":["post-7144","post","type-post","status-publish","format-standard","has-post-thumbnail","hentry","category-a6-s6-rs6"],"wppr_data":{"cwp_meta_box_check":"No"},"jetpack_publicize_connections":[],"yoast_head":"<!-- This site is optimized with the Yoast SEO plugin v23.3 - https:\/\/yoast.com\/wordpress\/plugins\/seo\/ -->\n<title>Audi RS 6 Avant GT zeigt sich an Westk\u00fcste der USA - Audi Blog<\/title>\n<meta name=\"robots\" content=\"index, follow, max-snippet:-1, max-image-preview:large, max-video-preview:-1\" \/>\n<link rel=\"canonical\" href=\"https:\/\/www.audi-mediacenter.com\/de\/pressemitteilungen\/audi-rs-6-avant-gt-zeigt-sich-an-westkueste-der-usa-16088\" \/>\n<meta property=\"og:locale\" content=\"de_DE\" \/>\n<meta property=\"og:type\" content=\"article\" \/>\n<meta property=\"og:title\" content=\"Audi RS 6 Avant GT zeigt sich an Westk\u00fcste der USA - Audi Blog\" \/>\n<meta property=\"og:description\" content=\"Der limitierte Audi RS 6 Avant GT2 bildet die h\u00f6chste Ausbaustufe seiner Baureihe. Mit seinen exklusiven Details im Exterieur und Interieur ist das Sondermodell eine Hommage an den legend\u00e4ren Rennwagen Audi 90 quattro IMSA GTO von 1989. An der Westk\u00fcste der Vereinigten Staaten zeigt sich der RS 6 Avant GT2 [&hellip;]\" \/>\n<meta property=\"og:url\" content=\"https:\/\/www.audi-mediacenter.com\/de\/pressemitteilungen\/audi-rs-6-avant-gt-zeigt-sich-an-westkueste-der-usa-16088\" \/>\n<meta property=\"og:site_name\" content=\"Audi Blog\" \/>\n<meta property=\"article:published_time\" content=\"2024-07-08T17:41:44+00:00\" \/>\n<meta property=\"og:image\" content=\"https:\/\/www.tts-freunde.de\/blog\/wp-content\/uploads\/2024\/07\/A243319_medium-scaled.jpg\" \/>\n\t<meta property=\"og:image:width\" content=\"2560\" \/>\n\t<meta property=\"og:image:height\" content=\"1920\" \/>\n\t<meta property=\"og:image:type\" content=\"image\/jpeg\" \/>\n<meta name=\"author\" content=\"admin\" \/>\n<meta name=\"twitter:card\" content=\"summary_large_image\" \/>\n<meta name=\"twitter:label1\" content=\"Verfasst von\" \/>\n\t<meta name=\"twitter:data1\" content=\"admin\" \/>\n\t<meta name=\"twitter:label2\" content=\"Gesch\u00e4tzte Lesezeit\" \/>\n\t<meta name=\"twitter:data2\" content=\"3\u00a0Minuten\" \/>\n<script type=\"application\/ld+json\" class=\"yoast-schema-graph\">{\"@context\":\"https:\/\/schema.org\",\"@graph\":[{\"@type\":\"Article\",\"@id\":\"https:\/\/www.audi-mediacenter.com\/de\/pressemitteilungen\/audi-rs-6-avant-gt-zeigt-sich-an-westkueste-der-usa-16088#article\",\"isPartOf\":{\"@id\":\"https:\/\/www.tts-freunde.de\/blog\/2024\/07\/08\/audi-rs-6-avant-gt-zeigt-sich-an-westkueste-der-usa\/\"},\"author\":{\"name\":\"admin\",\"@id\":\"https:\/\/www.tts-freunde.de\/blog\/#\/schema\/person\/b67f6a54e98f013bd281dbe05514b701\"},\"headline\":\"Audi RS 6 Avant GT zeigt sich an Westk\u00fcste der USA\",\"datePublished\":\"2024-07-08T17:41:44+00:00\",\"dateModified\":\"2024-07-08T17:41:44+00:00\",\"mainEntityOfPage\":{\"@id\":\"https:\/\/www.tts-freunde.de\/blog\/2024\/07\/08\/audi-rs-6-avant-gt-zeigt-sich-an-westkueste-der-usa\/\"},\"wordCount\":240,\"publisher\":{\"@id\":\"https:\/\/www.tts-freunde.de\/blog\/#organization\"},\"image\":{\"@id\":\"https:\/\/www.audi-mediacenter.com\/de\/pressemitteilungen\/audi-rs-6-avant-gt-zeigt-sich-an-westkueste-der-usa-16088#primaryimage\"},\"thumbnailUrl\":\"https:\/\/www.tts-freunde.de\/blog\/wp-content\/uploads\/2024\/07\/A243319_medium-scaled.jpg\",\"articleSection\":[\"A6 - S6 - RS6\"],\"inLanguage\":\"de\"},{\"@type\":\"WebPage\",\"@id\":\"https:\/\/www.tts-freunde.de\/blog\/2024\/07\/08\/audi-rs-6-avant-gt-zeigt-sich-an-westkueste-der-usa\/\",\"url\":\"https:\/\/www.audi-mediacenter.com\/de\/pressemitteilungen\/audi-rs-6-avant-gt-zeigt-sich-an-westkueste-der-usa-16088\",\"name\":\"Audi RS 6 Avant GT zeigt sich an Westk\u00fcste der USA - Audi Blog\",\"isPartOf\":{\"@id\":\"https:\/\/www.tts-freunde.de\/blog\/#website\"},\"primaryImageOfPage\":{\"@id\":\"https:\/\/www.audi-mediacenter.com\/de\/pressemitteilungen\/audi-rs-6-avant-gt-zeigt-sich-an-westkueste-der-usa-16088#primaryimage\"},\"image\":{\"@id\":\"https:\/\/www.audi-mediacenter.com\/de\/pressemitteilungen\/audi-rs-6-avant-gt-zeigt-sich-an-westkueste-der-usa-16088#primaryimage\"},\"thumbnailUrl\":\"https:\/\/www.tts-freunde.de\/blog\/wp-content\/uploads\/2024\/07\/A243319_medium-scaled.jpg\",\"datePublished\":\"2024-07-08T17:41:44+00:00\",\"dateModified\":\"2024-07-08T17:41:44+00:00\",\"breadcrumb\":{\"@id\":\"https:\/\/www.audi-mediacenter.com\/de\/pressemitteilungen\/audi-rs-6-avant-gt-zeigt-sich-an-westkueste-der-usa-16088#breadcrumb\"},\"inLanguage\":\"de\",\"potentialAction\":[{\"@type\":\"ReadAction\",\"target\":[\"https:\/\/www.audi-mediacenter.com\/de\/pressemitteilungen\/audi-rs-6-avant-gt-zeigt-sich-an-westkueste-der-usa-16088\"]}]},{\"@type\":\"ImageObject\",\"inLanguage\":\"de\",\"@id\":\"https:\/\/www.audi-mediacenter.com\/de\/pressemitteilungen\/audi-rs-6-avant-gt-zeigt-sich-an-westkueste-der-usa-16088#primaryimage\",\"url\":\"https:\/\/www.tts-freunde.de\/blog\/wp-content\/uploads\/2024\/07\/A243319_medium-scaled.jpg\",\"contentUrl\":\"https:\/\/www.tts-freunde.de\/blog\/wp-content\/uploads\/2024\/07\/A243319_medium-scaled.jpg\",\"width\":2560,\"height\":1920,\"caption\":\"Audi RS 6 Avant GT, Audi 90 quattro IMSA GTO, Static photo, Colour: Nardo Grey\"},{\"@type\":\"BreadcrumbList\",\"@id\":\"https:\/\/www.audi-mediacenter.com\/de\/pressemitteilungen\/audi-rs-6-avant-gt-zeigt-sich-an-westkueste-der-usa-16088#breadcrumb\",\"itemListElement\":[{\"@type\":\"ListItem\",\"position\":1,\"name\":\"Home\",\"item\":\"https:\/\/www.tts-freunde.de\/blog\/\"},{\"@type\":\"ListItem\",\"position\":2,\"name\":\"Audi RS 6 Avant GT zeigt sich an Westk\u00fcste der USA\"}]},{\"@type\":\"WebSite\",\"@id\":\"https:\/\/www.tts-freunde.de\/blog\/#website\",\"url\":\"https:\/\/www.tts-freunde.de\/blog\/\",\"name\":\"Audi Blog\",\"description\":\"Deutscher Audi Blog - TTS-Freunde\",\"publisher\":{\"@id\":\"https:\/\/www.tts-freunde.de\/blog\/#organization\"},\"potentialAction\":[{\"@type\":\"SearchAction\",\"target\":{\"@type\":\"EntryPoint\",\"urlTemplate\":\"https:\/\/www.tts-freunde.de\/blog\/?s={search_term_string}\"},\"query-input\":\"required name=search_term_string\"}],\"inLanguage\":\"de\"},{\"@type\":\"Organization\",\"@id\":\"https:\/\/www.tts-freunde.de\/blog\/#organization\",\"name\":\"Audi Blog\",\"url\":\"https:\/\/www.tts-freunde.de\/blog\/\",\"logo\":{\"@type\":\"ImageObject\",\"inLanguage\":\"de\",\"@id\":\"https:\/\/www.tts-freunde.de\/blog\/#\/schema\/logo\/image\/\",\"url\":\"https:\/\/www.tts-freunde.de\/blog\/wp-content\/uploads\/2022\/12\/logo_2022.jpg\",\"contentUrl\":\"https:\/\/www.tts-freunde.de\/blog\/wp-content\/uploads\/2022\/12\/logo_2022.jpg\",\"width\":240,\"height\":41,\"caption\":\"Audi Blog\"},\"image\":{\"@id\":\"https:\/\/www.tts-freunde.de\/blog\/#\/schema\/logo\/image\/\"}},{\"@type\":\"Person\",\"@id\":\"https:\/\/www.tts-freunde.de\/blog\/#\/schema\/person\/b67f6a54e98f013bd281dbe05514b701\",\"name\":\"admin\",\"image\":{\"@type\":\"ImageObject\",\"inLanguage\":\"de\",\"@id\":\"https:\/\/www.tts-freunde.de\/blog\/#\/schema\/person\/image\/\",\"url\":\"https:\/\/secure.gravatar.com\/avatar\/08a4bd330e25056ddb430c28136b38a6?s=96&d=mm&r=g\",\"contentUrl\":\"https:\/\/secure.gravatar.com\/avatar\/08a4bd330e25056ddb430c28136b38a6?s=96&d=mm&r=g\",\"caption\":\"admin\"},\"sameAs\":[\"http:\/\/www.tts-freunde.de\"],\"url\":\"https:\/\/www.tts-freunde.de\/blog\/author\/admin\/\"}]}<\/script>\n<!-- \/ Yoast SEO plugin. -->","yoast_head_json":{"title":"Audi RS 6 Avant GT zeigt sich an Westk\u00fcste der USA - Audi Blog","robots":{"index":"index","follow":"follow","max-snippet":"max-snippet:-1","max-image-preview":"max-image-preview:large","max-video-preview":"max-video-preview:-1"},"canonical":"https:\/\/www.audi-mediacenter.com\/de\/pressemitteilungen\/audi-rs-6-avant-gt-zeigt-sich-an-westkueste-der-usa-16088","og_locale":"de_DE","og_type":"article","og_title":"Audi RS 6 Avant GT zeigt sich an Westk\u00fcste der USA - Audi Blog","og_description":"Der limitierte Audi RS 6 Avant GT2 bildet die h\u00f6chste Ausbaustufe seiner Baureihe. Mit seinen exklusiven Details im Exterieur und Interieur ist das Sondermodell eine Hommage an den legend\u00e4ren Rennwagen Audi 90 quattro IMSA GTO von 1989. An der Westk\u00fcste der Vereinigten Staaten zeigt sich der RS 6 Avant GT2 [&hellip;]","og_url":"https:\/\/www.audi-mediacenter.com\/de\/pressemitteilungen\/audi-rs-6-avant-gt-zeigt-sich-an-westkueste-der-usa-16088","og_site_name":"Audi Blog","article_published_time":"2024-07-08T17:41:44+00:00","og_image":[{"width":2560,"height":1920,"url":"https:\/\/www.tts-freunde.de\/blog\/wp-content\/uploads\/2024\/07\/A243319_medium-scaled.jpg","type":"image\/jpeg"}],"author":"admin","twitter_card":"summary_large_image","twitter_misc":{"Verfasst von":"admin","Gesch\u00e4tzte Lesezeit":"3\u00a0Minuten"},"schema":{"@context":"https:\/\/schema.org","@graph":[{"@type":"Article","@id":"https:\/\/www.audi-mediacenter.com\/de\/pressemitteilungen\/audi-rs-6-avant-gt-zeigt-sich-an-westkueste-der-usa-16088#article","isPartOf":{"@id":"https:\/\/www.tts-freunde.de\/blog\/2024\/07\/08\/audi-rs-6-avant-gt-zeigt-sich-an-westkueste-der-usa\/"},"author":{"name":"admin","@id":"https:\/\/www.tts-freunde.de\/blog\/#\/schema\/person\/b67f6a54e98f013bd281dbe05514b701"},"headline":"Audi RS 6 Avant GT zeigt sich an Westk\u00fcste der USA","datePublished":"2024-07-08T17:41:44+00:00","dateModified":"2024-07-08T17:41:44+00:00","mainEntityOfPage":{"@id":"https:\/\/www.tts-freunde.de\/blog\/2024\/07\/08\/audi-rs-6-avant-gt-zeigt-sich-an-westkueste-der-usa\/"},"wordCount":240,"publisher":{"@id":"https:\/\/www.tts-freunde.de\/blog\/#organization"},"image":{"@id":"https:\/\/www.audi-mediacenter.com\/de\/pressemitteilungen\/audi-rs-6-avant-gt-zeigt-sich-an-westkueste-der-usa-16088#primaryimage"},"thumbnailUrl":"https:\/\/www.tts-freunde.de\/blog\/wp-content\/uploads\/2024\/07\/A243319_medium-scaled.jpg","articleSection":["A6 - S6 - RS6"],"inLanguage":"de"},{"@type":"WebPage","@id":"https:\/\/www.tts-freunde.de\/blog\/2024\/07\/08\/audi-rs-6-avant-gt-zeigt-sich-an-westkueste-der-usa\/","url":"https:\/\/www.audi-mediacenter.com\/de\/pressemitteilungen\/audi-rs-6-avant-gt-zeigt-sich-an-westkueste-der-usa-16088","name":"Audi RS 6 Avant GT zeigt sich an Westk\u00fcste der USA - Audi Blog","isPartOf":{"@id":"https:\/\/www.tts-freunde.de\/blog\/#website"},"primaryImageOfPage":{"@id":"https:\/\/www.audi-mediacenter.com\/de\/pressemitteilungen\/audi-rs-6-avant-gt-zeigt-sich-an-westkueste-der-usa-16088#primaryimage"},"image":{"@id":"https:\/\/www.audi-mediacenter.com\/de\/pressemitteilungen\/audi-rs-6-avant-gt-zeigt-sich-an-westkueste-der-usa-16088#primaryimage"},"thumbnailUrl":"https:\/\/www.tts-freunde.de\/blog\/wp-content\/uploads\/2024\/07\/A243319_medium-scaled.jpg","datePublished":"2024-07-08T17:41:44+00:00","dateModified":"2024-07-08T17:41:44+00:00","breadcrumb":{"@id":"https:\/\/www.audi-mediacenter.com\/de\/pressemitteilungen\/audi-rs-6-avant-gt-zeigt-sich-an-westkueste-der-usa-16088#breadcrumb"},"inLanguage":"de","potentialAction":[{"@type":"ReadAction","target":["https:\/\/www.audi-mediacenter.com\/de\/pressemitteilungen\/audi-rs-6-avant-gt-zeigt-sich-an-westkueste-der-usa-16088"]}]},{"@type":"ImageObject","inLanguage":"de","@id":"https:\/\/www.audi-mediacenter.com\/de\/pressemitteilungen\/audi-rs-6-avant-gt-zeigt-sich-an-westkueste-der-usa-16088#primaryimage","url":"https:\/\/www.tts-freunde.de\/blog\/wp-content\/uploads\/2024\/07\/A243319_medium-scaled.jpg","contentUrl":"https:\/\/www.tts-freunde.de\/blog\/wp-content\/uploads\/2024\/07\/A243319_medium-scaled.jpg","width":2560,"height":1920,"caption":"Audi RS 6 Avant GT, Audi 90 quattro IMSA GTO, Static photo, Colour: Nardo Grey"},{"@type":"BreadcrumbList","@id":"https:\/\/www.audi-mediacenter.com\/de\/pressemitteilungen\/audi-rs-6-avant-gt-zeigt-sich-an-westkueste-der-usa-16088#breadcrumb","itemListElement":[{"@type":"ListItem","position":1,"name":"Home","item":"https:\/\/www.tts-freunde.de\/blog\/"},{"@type":"ListItem","position":2,"name":"Audi RS 6 Avant GT zeigt sich an Westk\u00fcste der USA"}]},{"@type":"WebSite","@id":"https:\/\/www.tts-freunde.de\/blog\/#website","url":"https:\/\/www.tts-freunde.de\/blog\/","name":"Audi Blog","description":"Deutscher Audi Blog - TTS-Freunde","publisher":{"@id":"https:\/\/www.tts-freunde.de\/blog\/#organization"},"potentialAction":[{"@type":"SearchAction","target":{"@type":"EntryPoint","urlTemplate":"https:\/\/www.tts-freunde.de\/blog\/?s={search_term_string}"},"query-input":"required name=search_term_string"}],"inLanguage":"de"},{"@type":"Organization","@id":"https:\/\/www.tts-freunde.de\/blog\/#organization","name":"Audi Blog","url":"https:\/\/www.tts-freunde.de\/blog\/","logo":{"@type":"ImageObject","inLanguage":"de","@id":"https:\/\/www.tts-freunde.de\/blog\/#\/schema\/logo\/image\/","url":"https:\/\/www.tts-freunde.de\/blog\/wp-content\/uploads\/2022\/12\/logo_2022.jpg","contentUrl":"https:\/\/www.tts-freunde.de\/blog\/wp-content\/uploads\/2022\/12\/logo_2022.jpg","width":240,"height":41,"caption":"Audi Blog"},"image":{"@id":"https:\/\/www.tts-freunde.de\/blog\/#\/schema\/logo\/image\/"}},{"@type":"Person","@id":"https:\/\/www.tts-freunde.de\/blog\/#\/schema\/person\/b67f6a54e98f013bd281dbe05514b701","name":"admin","image":{"@type":"ImageObject","inLanguage":"de","@id":"https:\/\/www.tts-freunde.de\/blog\/#\/schema\/person\/image\/","url":"https:\/\/secure.gravatar.com\/avatar\/08a4bd330e25056ddb430c28136b38a6?s=96&d=mm&r=g","contentUrl":"https:\/\/secure.gravatar.com\/avatar\/08a4bd330e25056ddb430c28136b38a6?s=96&d=mm&r=g","caption":"admin"},"sameAs":["http:\/\/www.tts-freunde.de"],"url":"https:\/\/www.tts-freunde.de\/blog\/author\/admin\/"}]}},"jetpack_sharing_enabled":true,"jetpack_featured_media_url":"https:\/\/www.tts-freunde.de\/blog\/wp-content\/uploads\/2024\/07\/A243319_medium-scaled.jpg","jetpack_shortlink":"https:\/\/wp.me\/p67hWW-1Re","jetpack_likes_enabled":false,"jetpack-related-posts":[],"_links":{"self":[{"href":"https:\/\/www.tts-freunde.de\/blog\/wp-json\/wp\/v2\/posts\/7144"}],"collection":[{"href":"https:\/\/www.tts-freunde.de\/blog\/wp-json\/wp\/v2\/posts"}],"about":[{"href":"https:\/\/www.tts-freunde.de\/blog\/wp-json\/wp\/v2\/types\/post"}],"author":[{"embeddable":true,"href":"https:\/\/www.tts-freunde.de\/blog\/wp-json\/wp\/v2\/users\/1"}],"replies":[{"embeddable":true,"href":"https:\/\/www.tts-freunde.de\/blog\/wp-json\/wp\/v2\/comments?post=7144"}],"version-history":[{"count":1,"href":"https:\/\/www.tts-freunde.de\/blog\/wp-json\/wp\/v2\/posts\/7144\/revisions"}],"predecessor-version":[{"id":7146,"href":"https:\/\/www.tts-freunde.de\/blog\/wp-json\/wp\/v2\/posts\/7144\/revisions\/7146"}],"wp:featuredmedia":[{"embeddable":true,"href":"https:\/\/www.tts-freunde.de\/blog\/wp-json\/wp\/v2\/media\/7145"}],"wp:attachment":[{"href":"https:\/\/www.tts-freunde.de\/blog\/wp-json\/wp\/v2\/media?parent=7144"}],"wp:term":[{"taxonomy":"category","embeddable":true,"href":"https:\/\/www.tts-freunde.de\/blog\/wp-json\/wp\/v2\/categories?post=7144"},{"taxonomy":"post_tag","embeddable":true,"href":"https:\/\/www.tts-freunde.de\/blog\/wp-json\/wp\/v2\/tags?post=7144"}],"curies":[{"name":"wp","href":"https:\/\/api.w.org\/{rel}","templated":true}]}}