{"id":7310,"date":"2024-10-24T14:54:46","date_gmt":"2024-10-24T12:54:46","guid":{"rendered":"https:\/\/www.tts-freunde.de\/blog\/?p=7310"},"modified":"2024-10-24T14:54:46","modified_gmt":"2024-10-24T12:54:46","slug":"engineers-of-optimism-audi-umweltstiftung-blickt-auf-15-jahre-engagement-zurueck","status":"publish","type":"post","link":"https:\/\/www.tts-freunde.de\/blog\/2024\/10\/24\/engineers-of-optimism-audi-umweltstiftung-blickt-auf-15-jahre-engagement-zurueck\/","title":{"rendered":"Engineers of Optimism: Audi Umweltstiftung blickt auf 15 Jahre Engagement zur\u00fcck"},"content":{"rendered":"<ul>\n<li>Highlights und Forschungsergebnisse aus den F\u00f6rderprojekten der Stiftung beim Talk-Abend \u201eLet\u2019s talk Greenovation\u201c<\/li>\n<li>Harald Lesch, Astrophysik-Professor, und Zeitexperte Jonas Geissler diskutieren mit Projektpartnern der Umweltstiftung \u00fcber unseren Umgang mit nat\u00fcrlichen Ressourcen und die Dauer, die zur Regeneration der Erde n\u00f6tig ist<\/li>\n<li>R\u00fcdiger Recknagel, Gesch\u00e4ftsf\u00fchrer der Audi Umweltstiftung: \u201eUmweltschutz ist ein Wettlauf gegen die Zeit\u201c<\/li>\n<\/ul>\n<div id=\"attachment_7311\" style=\"width: 605px\" class=\"wp-caption aligncenter\"><img loading=\"lazy\" decoding=\"async\" aria-describedby=\"caption-attachment-7311\" data-attachment-id=\"7311\" data-permalink=\"https:\/\/www.tts-freunde.de\/blog\/2024\/10\/24\/engineers-of-optimism-audi-umweltstiftung-blickt-auf-15-jahre-engagement-zurueck\/engineers-of-optimism-audi-environmental-foundation-looks-back\/\" data-orig-file=\"https:\/\/www.tts-freunde.de\/blog\/wp-content\/uploads\/2024\/10\/A244466_small.jpg\" data-orig-size=\"595,397\" data-comments-opened=\"0\" data-image-meta=\"{&quot;aperture&quot;:&quot;0&quot;,&quot;credit&quot;:&quot;&quot;,&quot;camera&quot;:&quot;&quot;,&quot;caption&quot;:&quot;For 15 years, the Audi Environmental Foundation has been making an active contribution to environmental protection&quot;,&quot;created_timestamp&quot;:&quot;0&quot;,&quot;copyright&quot;:&quot;AUDI AG&quot;,&quot;focal_length&quot;:&quot;0&quot;,&quot;iso&quot;:&quot;0&quot;,&quot;shutter_speed&quot;:&quot;0&quot;,&quot;title&quot;:&quot;Engineers of optimism: Audi Environmental Foundation looks back&quot;,&quot;orientation&quot;:&quot;0&quot;}\" data-image-title=\"Engineers of optimism: Audi Environmental Foundation looks back\" data-image-description=\"\" data-image-caption=\"&lt;p&gt;For 15 years, the Audi Environmental Foundation has been making an active contribution to environmental protection&lt;\/p&gt;\n\" data-medium-file=\"https:\/\/www.tts-freunde.de\/blog\/wp-content\/uploads\/2024\/10\/A244466_small-300x200.jpg\" data-large-file=\"https:\/\/www.tts-freunde.de\/blog\/wp-content\/uploads\/2024\/10\/A244466_small.jpg\" tabindex=\"0\" role=\"button\" src=\"https:\/\/www.tts-freunde.de\/blog\/wp-content\/uploads\/2024\/10\/A244466_small.jpg\" alt=\"\" width=\"595\" height=\"397\" class=\"size-full wp-image-7311\" srcset=\"https:\/\/www.tts-freunde.de\/blog\/wp-content\/uploads\/2024\/10\/A244466_small.jpg 595w, https:\/\/www.tts-freunde.de\/blog\/wp-content\/uploads\/2024\/10\/A244466_small-300x200.jpg 300w, https:\/\/www.tts-freunde.de\/blog\/wp-content\/uploads\/2024\/10\/A244466_small-50x33.jpg 50w, https:\/\/www.tts-freunde.de\/blog\/wp-content\/uploads\/2024\/10\/A244466_small-360x240.jpg 360w\" sizes=\"(max-width: 595px) 100vw, 595px\" \/><p id=\"caption-attachment-7311\" class=\"wp-caption-text\">For 15 years, the Audi Environmental Foundation has been making an active contribution to environmental protection<\/p><\/div>\n<div class=\"page-row column-width-100\">\n<div class=\"container -narrow\">\n<div class=\"page-item--intro\" id=\"item-e6cbad60-524c-4078-8b7f-9cc4028c376b\">\n<div class=\"intro-text\">\n<p>Unter \u201eGreenovation\u201c versteht die Audi Umweltstiftung innovative Technologien, die entweder direkt zum Umweltschutz beitragen oder eine bisherige Methode aus Forschung und Wirtschaft umweltvertr\u00e4glicher als bisher gestalten. Seit 2009 initiiert die Stiftung wissenschaftliche und technische Projekte f\u00fcr eine lebenswerte Umwelt, setzt Ma\u00dfnahmen zur Umweltbildung um und motiviert Menschen jeden Alters, sich f\u00fcr den Schutz unserer Lebensgrundlagen einzusetzen. Bei einem Talk-Abend mit dem renommierten Astrophysiker Harald Lesch und dem Zeitforscher Jonas Geissler lie\u00df die Stiftung zusammen mit rund 300 G\u00e4sten im Ingolst\u00e4dter Kulturzentrum neun die ersten 15 Jahre ihres Wirkens Revue passieren. Zu den G\u00e4sten z\u00e4hlten auch Gerd Walker, Vorsitzender des Kuratoriums sowie Mitglied des Vorstands der AUDI AG, Produktion und Logistik, sowie der ehemalige Skirennl\u00e4ufer Felix Neureuther, ebenfalls Mitglied im Stiftungskuratorium.<\/p>\n<\/div>\n<\/div>\n<\/div>\n<\/div>\n<div class=\"page-row-spacer\"><\/div>\n<div class=\"page-row column-width-100\">\n<div class=\"container -narrow\">\n<div class=\"page-item--text\" id=\"item-f7ef9f1c-beb5-478d-ad22-306392ce7481\">\n<div class=\"text-block\">\n<p>\u201eDie Folgen des menschengemachten Klimawandels sind bekannt. Was wir tun k\u00f6nnen, um den Klimawandel zu verlangsamen, eigentlich auch: Ein grundlegendes Umdenken \u00fcber die Art und Weise, wie wir Wirtschaft verstehen, ist n\u00f6tig. Jede und jeder Einzelne kann einen Beitrag dazu leisten. Dazu wollen wir ermutigen sowie Innovationen und Themenfelder aufzeigen, um unsere Lebensgrundlagen zu erhalten und einen positiven Beitrag f\u00fcr eine lebenswerte Zukunft zu leisten\u201c, sagt R\u00fcdiger Recknagel, Gesch\u00e4ftsf\u00fchrer der Stiftung. \u201eUmweltschutz ist ein Wettlauf gegen die Zeit.\u201c<\/p>\n<p>Mit dem <a href=\"https:\/\/www.audi-umweltstiftung.de\/umweltstiftung\/de\/home-of-greenovation\/projects\/planting-trees-against-climate-change.html\" target=\"_blank\" rel=\"noopener nofollow\">Eichenwald-Projekt<\/a> nahm die Audi Stiftung f\u00fcr Umwelt 2009 ihre T\u00e4tigkeit auf. Das auf hundert Jahre angelegte Forschungsprojekt unter der Leitung der TU M\u00fcnchen untersucht, wie Eichen gepflanzt werden m\u00fcssen, um eine m\u00f6glichst gro\u00dfe CO<sub>2<\/sub>-Speicherkapazit\u00e4t zu erzielen. Die Stiftung f\u00f6rderte daf\u00fcr das Pflanzen von insgesamt sechs Eichenw\u00e4ldern in der N\u00e4he der Standorte aus dem Audi Produktionsnetzwerk. Die als besonders speicherf\u00e4hig geltenden Eichen wurden in konzentrischen Kreisen zu je unterschiedlich gro\u00dfen Abst\u00e4nden gepflanzt und werden seither getrackt.<\/p>\n<p>W\u00e4hrend die Anfangsjahre gepr\u00e4gt waren von kleineren regionalen Projekten rund um Biodiversit\u00e4t und Artenschutz, hat die Audi Umweltstiftung ihr Engagement inzwischen weit \u00fcber die Grenzen Bayerns und Deutschlands ausgeweitet.<\/p>\n<p>So unterh\u00e4lt sie mittlerweile Kooperationen mit Partnern wie Hochschulen und gemeinn\u00fctzigen Organisationen auf der ganzen Welt, die sich mit Problemstellungen im Umweltschutz befassen und daf\u00fcr an technikbasierten L\u00f6sungen forschen. F\u00fcr das Zusammenbringen von innovativer Technik und Umweltschutz hat die Audi Umweltstiftung den Begriff \u201eGreenovation\u201c gepr\u00e4gt, also \u201egr\u00fcne Innovation\u201c.<\/p>\n<p>Dazu z\u00e4hlt beispielsweise der sogenannte <a href=\"https:\/\/www.audi-mediacenter.com\/de\/pressemitteilungen\/mikroplastikfilter-besteht-dauertest-positive-zwischenbilanz-des-projekts-urbanfilter-14571?node=30709\">URBANFILTER<\/a>. In diesem Projekt entwickelt die Stiftung in Zusammenarbeit mit der Technischen Universit\u00e4t Berlin neuartige, smarte Filtermodule f\u00fcr den Stra\u00dfenablauf. Sie sollen verhindern, dass umweltsch\u00e4dliche Partikel wie Reifenabrieb, Zigarettenfilter, Stra\u00dfenkehricht oder auch Deckel von Coffee-to-go-Bechern \u00fcber die Kanalisation in die Gew\u00e4sser gesp\u00fclt werden. Labortests zeigten, dass die Filter sehr effektiv arbeiten, selbst bei Starkregen.<\/p>\n<p>Prodip Chatterjee, Co-Gr\u00fcnder des Green Start-ups Nunam, stellte die Erfolge seiner Forschungsprojekte rund um Second-Life-Batterien vor. Die Zusammenarbeit begann 2019 mit <a href=\"https:\/\/www.audi-mediacenter.com\/de\/pressemitteilungen\/solar-nano-grids-mit-audi-e-tron-batteriemodulenaudi-umweltstiftung-und-startup-nunam-starten-zweite-projektphase-13796?node=30710\">ausrangierten Laptop-Akkus<\/a>, aus denen kleine Powerbanks gebaut wurden. Mit der Verwendung ausrangierter Prototypen-Module aus Audi Elektromodellen wurden gr\u00f6\u00dfere\u00a0Second-Life-Speicherl\u00f6sungen m\u00f6glich, so dass Ende 2023 eine Second-Life-Ladestation und zwei <a href=\"https:\/\/www.audi-mediacenter.com\/de\/pressemitteilungen\/second-life-anwendung-audi-e-tron-batteriemodule-elektrifizieren-rikschas-in-indien-14745?node=30810\">elektrische Rikschas<\/a> an Frauen in Indien \u00fcbergeben wurden, die damit ihre Waren zu M\u00e4rkten in der Umgebung transportieren. Nunam erm\u00f6glicht damit nicht nur Frauen die Teilhabe am lokalen Handel, sondern sammelt auch wertvolle Erkenntnisse \u00fcber die Alterung und Dauerhaltbarkeit der Ladekapazit\u00e4t von gebrauchten HV-Batterien aus Audi Erprobungsfahrzeugen. Die Daten werden als Open Source unter <a href=\"https:\/\/circularbattery.org\/\" target=\"_blank\" rel=\"noopener nofollow\">circularbattery.org<\/a> bereitgestellt.<\/p>\n<p>Die Zusammenarbeit mit Prodip Chatterjee begann im Rahmen des One Young World (OYW) Summits 2019, als der Wahlberliner sich um ein von der Umweltstiftung gef\u00f6rdertes Stipendium zur Teilnahme an dem Forum rund um dr\u00e4ngende Fragen der Zukunft bewarb.<\/p>\n<p>Eine weitere Zusammenarbeit, die in einem OYW-Stipendium ihren Anfang nahm, ist die F\u00f6rderung von <a href=\"https:\/\/www.audi-mediacenter.com\/de\/pressemitteilungen\/audi-und-litro-de-luz-licht-fuer-lower-xingu-indigenenreservat-16182\">Litro de Luz Brasil<\/a> zusammen mit Audi do Brasil: Der lokale Ableger der weltweit t\u00e4tigen Organisation Litro de Luz versorgt abgelegene D\u00f6rfer und Gemeinden, beispielsweise im Amazonas, ohne permanenten Stromzugang mit transportablen Leuchten. Diese werden aus kleinen Solarmodulen in Plastikflaschen zusammengesetzt. Die Lampen erm\u00f6glichen den Bewohnerinnen und Bewohnern Teilhabe an gesellschaftlichem Leben und Bildung, da durch die Lampen m\u00f6glich wird, nachts sicher nach Hause zu gehen, zu lesen und zu lernen. Litro de Luz Brasil qualifiziert die ans\u00e4ssige Dorfbev\u00f6lkerung, damit sie die Lampen selbst herstellen und instand setzen k\u00f6nnen. In der j\u00fcngsten Projektphase im Sommer 2024 wurden 20 D\u00f6rfer mit Leuchten versorgt.<\/p>\n<p>Ebenfalls in S\u00fcdamerika unterst\u00fctzt die Audi Stiftung f\u00fcr Umwelt ein <a href=\"https:\/\/www.audi-umweltstiftung.de\/umweltstiftung\/de\/home-of-greenovation\/projects\/solar-power-for-biodiversity-monitoring.html\" target=\"_blank\" rel=\"noopener nofollow\">Biodiversit\u00e4tsmonitoring-Projekt<\/a>, kurz eDNA-Projekt genannt (eDNA = Environmental DNA), das die Umweltstiftung Wilderness International sowie Wissenschaftlerinnen und Wissenschaftler des Environmental Robotics Lab der ETH Z\u00fcrich umsetzen. Mithilfe von Drohnen ist dabei eine ganz neue Art der eDNA-Entnahme m\u00f6glich. Eine schnelle, minimalinvasive und pr\u00e4zise Methode, um noch unerforschte Regionen zug\u00e4nglich zu machen und Forschungsl\u00fccken zu schlie\u00dfen. Es lassen sich einerseits Informationen \u00fcber die Artenvielfalt in gesch\u00fctzten Gebieten schnell und relativ kosteng\u00fcnstig bestimmen, andererseits k\u00f6nnen neue Technologien erprobt und mit den Ergebnissen der traditionellen Vorgehensweisen verglichen werden.<\/p>\n<p>Die Stiftung vergibt au\u00dferdem seit 2017 j\u00e4hrlich den \u201eSustainable Resource Management\u201c-Award an Studierende der Technischen Universit\u00e4t M\u00fcnchen sowie seit 2022 den THI-Nachhaltigkeitspreis an Studierende der Technischen Hochschule Ingolstadt.<\/p>\n<p>Zu den F\u00f6rderprojekten der Stiftung z\u00e4hlen zudem mehrere Projekte zum Erhalt der Biodiversit\u00e4t, darunter der <a href=\"https:\/\/www.audi-mediacenter.com\/de\/pressemitteilungen\/moorschutz-mittels-klimazertifikaten-von-audi-stiftung-fuer-umwelt-und-leader-gefoerderte-studie-zeigt-chancen-fuer-das-donaumoos-auf-15303?node=32251\">Schutz von Mooren<\/a> sowie ein Projekt zur <a href=\"https:\/\/www.audi-mediacenter.com\/de\/pressemitteilungen\/audi-stiftung-fuer-umwelt-unterstuetzt-kuestensanierung-in-den-usa-15288?node=32207\">K\u00fcsten-Renaturierung mit Audi of America<\/a>. Von Fr\u00fchjahr bis Sp\u00e4therbst organisiert die Stiftung einmal im Monat eine Plogging-Aktion, die Joggen mit M\u00fcllsammeln verbindet. Unter dem Motto \u201eMACH MIT!\u201c haben Mitarbeitende der AUDI AG die M\u00f6glichkeit, sich mit einem gemeinn\u00fctzigen Partner f\u00fcr die F\u00f6rderung eines Umweltschutzprojekts zu bewerben. Die Stiftung \u00fcbernimmt bis zu 75 Prozent der Projektkosten bis zu einem Maximalbetrag von insgesamt 2.009 Euro, angelehnt an das Gr\u00fcndungsjahr der Stiftung. Bisher wurden 46 Projekte umgesetzt, darunter mehrere Wildbienenw\u00e4nde, Blumenwiesen, Hochbeete und Pflanzaktionen.<\/p>\n<p>Die Audi Stiftung f\u00fcr Umwelt ist dar\u00fcber hinaus Herausgeberin von drei Sachb\u00fcchern: \u201eAbenteuer Leben, Natur und Technik\u201c, \u201eDie Erforschung der Bienenwelt\u201c sowie \u201eGreenovation\u201c. Das Mitmach-Buch kann kostenfrei bei der Stiftung angefordert werden per Mail an <a href=\"mailto:info@audi-stiftung-fuer-umwelt.de\">info@audi-stiftung-fuer-umwelt.de<\/a> unter Angabe der Versandadresse sowie der pers\u00f6nlichen Motivation f\u00fcr das Buch.<\/p>\n<\/div>\n<\/div>\n<\/div>\n<\/div>\n","protected":false},"excerpt":{"rendered":"<p>Highlights und Forschungsergebnisse aus den F\u00f6rderprojekten der Stiftung beim Talk-Abend \u201eLet\u2019s talk Greenovation\u201c Harald Lesch, Astrophysik-Professor, und Zeitexperte Jonas Geissler diskutieren mit Projektpartnern der Umweltstiftung \u00fcber unseren Umgang mit nat\u00fcrlichen Ressourcen und die Dauer, die zur Regeneration der Erde n\u00f6tig ist R\u00fcdiger Recknagel, Gesch\u00e4ftsf\u00fchrer der Audi Umweltstiftung: \u201eUmweltschutz ist ein [&hellip;]<\/p>\n","protected":false},"author":1,"featured_media":7311,"comment_status":"closed","ping_status":"open","sticky":false,"template":"","format":"standard","meta":{"jetpack_post_was_ever_published":false,"_jetpack_newsletter_access":"","_jetpack_dont_email_post_to_subs":false,"_jetpack_newsletter_tier_id":0,"_jetpack_memberships_contains_paywalled_content":false,"_jetpack_memberships_contains_paid_content":false,"footnotes":"","jetpack_publicize_message":"","jetpack_publicize_feature_enabled":true,"jetpack_social_post_already_shared":true,"jetpack_social_options":{"image_generator_settings":{"template":"highway","enabled":false},"version":2}},"categories":[16],"tags":[],"class_list":["post-7310","post","type-post","status-publish","format-standard","has-post-thumbnail","hentry","category-audi-ag"],"wppr_data":{"cwp_meta_box_check":"No"},"jetpack_publicize_connections":[],"yoast_head":"<!-- This site is optimized with the Yoast SEO plugin v23.3 - https:\/\/yoast.com\/wordpress\/plugins\/seo\/ -->\n<title>Engineers of Optimism: Audi Umweltstiftung blickt auf 15 Jahre Engagement zur\u00fcck - Audi Blog<\/title>\n<meta name=\"robots\" content=\"index, follow, max-snippet:-1, max-image-preview:large, max-video-preview:-1\" \/>\n<link rel=\"canonical\" href=\"https:\/\/www.audi-mediacenter.com\/de\/pressemitteilungen\/engineers-of-optimism-audi-umweltstiftung-blickt-auf-15-jahre-engagement-zurueck-16314\" \/>\n<meta property=\"og:locale\" content=\"de_DE\" \/>\n<meta property=\"og:type\" content=\"article\" \/>\n<meta property=\"og:title\" content=\"Engineers of Optimism: Audi Umweltstiftung blickt auf 15 Jahre Engagement zur\u00fcck - Audi Blog\" \/>\n<meta property=\"og:description\" content=\"Highlights und Forschungsergebnisse aus den F\u00f6rderprojekten der Stiftung beim Talk-Abend \u201eLet\u2019s talk Greenovation\u201c Harald Lesch, Astrophysik-Professor, und Zeitexperte Jonas Geissler diskutieren mit Projektpartnern der Umweltstiftung \u00fcber unseren Umgang mit nat\u00fcrlichen Ressourcen und die Dauer, die zur Regeneration der Erde n\u00f6tig ist R\u00fcdiger Recknagel, Gesch\u00e4ftsf\u00fchrer der Audi Umweltstiftung: \u201eUmweltschutz ist ein [&hellip;]\" \/>\n<meta property=\"og:url\" content=\"https:\/\/www.audi-mediacenter.com\/de\/pressemitteilungen\/engineers-of-optimism-audi-umweltstiftung-blickt-auf-15-jahre-engagement-zurueck-16314\" \/>\n<meta property=\"og:site_name\" content=\"Audi Blog\" \/>\n<meta property=\"article:published_time\" content=\"2024-10-24T12:54:46+00:00\" \/>\n<meta property=\"og:image\" content=\"https:\/\/www.tts-freunde.de\/blog\/wp-content\/uploads\/2024\/10\/A244466_small.jpg\" \/>\n\t<meta property=\"og:image:width\" content=\"595\" \/>\n\t<meta property=\"og:image:height\" content=\"397\" \/>\n\t<meta property=\"og:image:type\" content=\"image\/jpeg\" \/>\n<meta name=\"author\" content=\"admin\" \/>\n<meta name=\"twitter:card\" content=\"summary_large_image\" \/>\n<meta name=\"twitter:label1\" content=\"Verfasst von\" \/>\n\t<meta name=\"twitter:data1\" content=\"admin\" \/>\n\t<meta name=\"twitter:label2\" content=\"Gesch\u00e4tzte Lesezeit\" \/>\n\t<meta name=\"twitter:data2\" content=\"7\u00a0Minuten\" \/>\n<script type=\"application\/ld+json\" class=\"yoast-schema-graph\">{\"@context\":\"https:\/\/schema.org\",\"@graph\":[{\"@type\":\"Article\",\"@id\":\"https:\/\/www.audi-mediacenter.com\/de\/pressemitteilungen\/engineers-of-optimism-audi-umweltstiftung-blickt-auf-15-jahre-engagement-zurueck-16314#article\",\"isPartOf\":{\"@id\":\"https:\/\/www.tts-freunde.de\/blog\/2024\/10\/24\/engineers-of-optimism-audi-umweltstiftung-blickt-auf-15-jahre-engagement-zurueck\/\"},\"author\":{\"name\":\"admin\",\"@id\":\"https:\/\/www.tts-freunde.de\/blog\/#\/schema\/person\/b67f6a54e98f013bd281dbe05514b701\"},\"headline\":\"Engineers of Optimism: Audi Umweltstiftung blickt auf 15 Jahre Engagement zur\u00fcck\",\"datePublished\":\"2024-10-24T12:54:46+00:00\",\"dateModified\":\"2024-10-24T12:54:46+00:00\",\"mainEntityOfPage\":{\"@id\":\"https:\/\/www.tts-freunde.de\/blog\/2024\/10\/24\/engineers-of-optimism-audi-umweltstiftung-blickt-auf-15-jahre-engagement-zurueck\/\"},\"wordCount\":1127,\"publisher\":{\"@id\":\"https:\/\/www.tts-freunde.de\/blog\/#organization\"},\"image\":{\"@id\":\"https:\/\/www.audi-mediacenter.com\/de\/pressemitteilungen\/engineers-of-optimism-audi-umweltstiftung-blickt-auf-15-jahre-engagement-zurueck-16314#primaryimage\"},\"thumbnailUrl\":\"https:\/\/www.tts-freunde.de\/blog\/wp-content\/uploads\/2024\/10\/A244466_small.jpg\",\"articleSection\":[\"Audi AG\"],\"inLanguage\":\"de\"},{\"@type\":\"WebPage\",\"@id\":\"https:\/\/www.tts-freunde.de\/blog\/2024\/10\/24\/engineers-of-optimism-audi-umweltstiftung-blickt-auf-15-jahre-engagement-zurueck\/\",\"url\":\"https:\/\/www.audi-mediacenter.com\/de\/pressemitteilungen\/engineers-of-optimism-audi-umweltstiftung-blickt-auf-15-jahre-engagement-zurueck-16314\",\"name\":\"Engineers of Optimism: Audi Umweltstiftung blickt auf 15 Jahre Engagement zur\u00fcck - Audi Blog\",\"isPartOf\":{\"@id\":\"https:\/\/www.tts-freunde.de\/blog\/#website\"},\"primaryImageOfPage\":{\"@id\":\"https:\/\/www.audi-mediacenter.com\/de\/pressemitteilungen\/engineers-of-optimism-audi-umweltstiftung-blickt-auf-15-jahre-engagement-zurueck-16314#primaryimage\"},\"image\":{\"@id\":\"https:\/\/www.audi-mediacenter.com\/de\/pressemitteilungen\/engineers-of-optimism-audi-umweltstiftung-blickt-auf-15-jahre-engagement-zurueck-16314#primaryimage\"},\"thumbnailUrl\":\"https:\/\/www.tts-freunde.de\/blog\/wp-content\/uploads\/2024\/10\/A244466_small.jpg\",\"datePublished\":\"2024-10-24T12:54:46+00:00\",\"dateModified\":\"2024-10-24T12:54:46+00:00\",\"breadcrumb\":{\"@id\":\"https:\/\/www.audi-mediacenter.com\/de\/pressemitteilungen\/engineers-of-optimism-audi-umweltstiftung-blickt-auf-15-jahre-engagement-zurueck-16314#breadcrumb\"},\"inLanguage\":\"de\",\"potentialAction\":[{\"@type\":\"ReadAction\",\"target\":[\"https:\/\/www.audi-mediacenter.com\/de\/pressemitteilungen\/engineers-of-optimism-audi-umweltstiftung-blickt-auf-15-jahre-engagement-zurueck-16314\"]}]},{\"@type\":\"ImageObject\",\"inLanguage\":\"de\",\"@id\":\"https:\/\/www.audi-mediacenter.com\/de\/pressemitteilungen\/engineers-of-optimism-audi-umweltstiftung-blickt-auf-15-jahre-engagement-zurueck-16314#primaryimage\",\"url\":\"https:\/\/www.tts-freunde.de\/blog\/wp-content\/uploads\/2024\/10\/A244466_small.jpg\",\"contentUrl\":\"https:\/\/www.tts-freunde.de\/blog\/wp-content\/uploads\/2024\/10\/A244466_small.jpg\",\"width\":595,\"height\":397,\"caption\":\"For 15 years, the Audi Environmental Foundation has been making an active contribution to environmental protection\"},{\"@type\":\"BreadcrumbList\",\"@id\":\"https:\/\/www.audi-mediacenter.com\/de\/pressemitteilungen\/engineers-of-optimism-audi-umweltstiftung-blickt-auf-15-jahre-engagement-zurueck-16314#breadcrumb\",\"itemListElement\":[{\"@type\":\"ListItem\",\"position\":1,\"name\":\"Home\",\"item\":\"https:\/\/www.tts-freunde.de\/blog\/\"},{\"@type\":\"ListItem\",\"position\":2,\"name\":\"Engineers of Optimism: Audi Umweltstiftung blickt auf 15 Jahre Engagement zur\u00fcck\"}]},{\"@type\":\"WebSite\",\"@id\":\"https:\/\/www.tts-freunde.de\/blog\/#website\",\"url\":\"https:\/\/www.tts-freunde.de\/blog\/\",\"name\":\"Audi Blog\",\"description\":\"Deutscher Audi Blog - TTS-Freunde\",\"publisher\":{\"@id\":\"https:\/\/www.tts-freunde.de\/blog\/#organization\"},\"potentialAction\":[{\"@type\":\"SearchAction\",\"target\":{\"@type\":\"EntryPoint\",\"urlTemplate\":\"https:\/\/www.tts-freunde.de\/blog\/?s={search_term_string}\"},\"query-input\":\"required name=search_term_string\"}],\"inLanguage\":\"de\"},{\"@type\":\"Organization\",\"@id\":\"https:\/\/www.tts-freunde.de\/blog\/#organization\",\"name\":\"Audi Blog\",\"url\":\"https:\/\/www.tts-freunde.de\/blog\/\",\"logo\":{\"@type\":\"ImageObject\",\"inLanguage\":\"de\",\"@id\":\"https:\/\/www.tts-freunde.de\/blog\/#\/schema\/logo\/image\/\",\"url\":\"https:\/\/www.tts-freunde.de\/blog\/wp-content\/uploads\/2022\/12\/logo_2022.jpg\",\"contentUrl\":\"https:\/\/www.tts-freunde.de\/blog\/wp-content\/uploads\/2022\/12\/logo_2022.jpg\",\"width\":240,\"height\":41,\"caption\":\"Audi Blog\"},\"image\":{\"@id\":\"https:\/\/www.tts-freunde.de\/blog\/#\/schema\/logo\/image\/\"}},{\"@type\":\"Person\",\"@id\":\"https:\/\/www.tts-freunde.de\/blog\/#\/schema\/person\/b67f6a54e98f013bd281dbe05514b701\",\"name\":\"admin\",\"image\":{\"@type\":\"ImageObject\",\"inLanguage\":\"de\",\"@id\":\"https:\/\/www.tts-freunde.de\/blog\/#\/schema\/person\/image\/\",\"url\":\"https:\/\/secure.gravatar.com\/avatar\/08a4bd330e25056ddb430c28136b38a6?s=96&d=mm&r=g\",\"contentUrl\":\"https:\/\/secure.gravatar.com\/avatar\/08a4bd330e25056ddb430c28136b38a6?s=96&d=mm&r=g\",\"caption\":\"admin\"},\"sameAs\":[\"http:\/\/www.tts-freunde.de\"],\"url\":\"https:\/\/www.tts-freunde.de\/blog\/author\/admin\/\"}]}<\/script>\n<!-- \/ Yoast SEO plugin. -->","yoast_head_json":{"title":"Engineers of Optimism: Audi Umweltstiftung blickt auf 15 Jahre Engagement zur\u00fcck - Audi Blog","robots":{"index":"index","follow":"follow","max-snippet":"max-snippet:-1","max-image-preview":"max-image-preview:large","max-video-preview":"max-video-preview:-1"},"canonical":"https:\/\/www.audi-mediacenter.com\/de\/pressemitteilungen\/engineers-of-optimism-audi-umweltstiftung-blickt-auf-15-jahre-engagement-zurueck-16314","og_locale":"de_DE","og_type":"article","og_title":"Engineers of Optimism: Audi Umweltstiftung blickt auf 15 Jahre Engagement zur\u00fcck - Audi Blog","og_description":"Highlights und Forschungsergebnisse aus den F\u00f6rderprojekten der Stiftung beim Talk-Abend \u201eLet\u2019s talk Greenovation\u201c Harald Lesch, Astrophysik-Professor, und Zeitexperte Jonas Geissler diskutieren mit Projektpartnern der Umweltstiftung \u00fcber unseren Umgang mit nat\u00fcrlichen Ressourcen und die Dauer, die zur Regeneration der Erde n\u00f6tig ist R\u00fcdiger Recknagel, Gesch\u00e4ftsf\u00fchrer der Audi Umweltstiftung: \u201eUmweltschutz ist ein [&hellip;]","og_url":"https:\/\/www.audi-mediacenter.com\/de\/pressemitteilungen\/engineers-of-optimism-audi-umweltstiftung-blickt-auf-15-jahre-engagement-zurueck-16314","og_site_name":"Audi Blog","article_published_time":"2024-10-24T12:54:46+00:00","og_image":[{"width":595,"height":397,"url":"https:\/\/www.tts-freunde.de\/blog\/wp-content\/uploads\/2024\/10\/A244466_small.jpg","type":"image\/jpeg"}],"author":"admin","twitter_card":"summary_large_image","twitter_misc":{"Verfasst von":"admin","Gesch\u00e4tzte Lesezeit":"7\u00a0Minuten"},"schema":{"@context":"https:\/\/schema.org","@graph":[{"@type":"Article","@id":"https:\/\/www.audi-mediacenter.com\/de\/pressemitteilungen\/engineers-of-optimism-audi-umweltstiftung-blickt-auf-15-jahre-engagement-zurueck-16314#article","isPartOf":{"@id":"https:\/\/www.tts-freunde.de\/blog\/2024\/10\/24\/engineers-of-optimism-audi-umweltstiftung-blickt-auf-15-jahre-engagement-zurueck\/"},"author":{"name":"admin","@id":"https:\/\/www.tts-freunde.de\/blog\/#\/schema\/person\/b67f6a54e98f013bd281dbe05514b701"},"headline":"Engineers of Optimism: Audi Umweltstiftung blickt auf 15 Jahre Engagement zur\u00fcck","datePublished":"2024-10-24T12:54:46+00:00","dateModified":"2024-10-24T12:54:46+00:00","mainEntityOfPage":{"@id":"https:\/\/www.tts-freunde.de\/blog\/2024\/10\/24\/engineers-of-optimism-audi-umweltstiftung-blickt-auf-15-jahre-engagement-zurueck\/"},"wordCount":1127,"publisher":{"@id":"https:\/\/www.tts-freunde.de\/blog\/#organization"},"image":{"@id":"https:\/\/www.audi-mediacenter.com\/de\/pressemitteilungen\/engineers-of-optimism-audi-umweltstiftung-blickt-auf-15-jahre-engagement-zurueck-16314#primaryimage"},"thumbnailUrl":"https:\/\/www.tts-freunde.de\/blog\/wp-content\/uploads\/2024\/10\/A244466_small.jpg","articleSection":["Audi AG"],"inLanguage":"de"},{"@type":"WebPage","@id":"https:\/\/www.tts-freunde.de\/blog\/2024\/10\/24\/engineers-of-optimism-audi-umweltstiftung-blickt-auf-15-jahre-engagement-zurueck\/","url":"https:\/\/www.audi-mediacenter.com\/de\/pressemitteilungen\/engineers-of-optimism-audi-umweltstiftung-blickt-auf-15-jahre-engagement-zurueck-16314","name":"Engineers of Optimism: Audi Umweltstiftung blickt auf 15 Jahre Engagement zur\u00fcck - Audi Blog","isPartOf":{"@id":"https:\/\/www.tts-freunde.de\/blog\/#website"},"primaryImageOfPage":{"@id":"https:\/\/www.audi-mediacenter.com\/de\/pressemitteilungen\/engineers-of-optimism-audi-umweltstiftung-blickt-auf-15-jahre-engagement-zurueck-16314#primaryimage"},"image":{"@id":"https:\/\/www.audi-mediacenter.com\/de\/pressemitteilungen\/engineers-of-optimism-audi-umweltstiftung-blickt-auf-15-jahre-engagement-zurueck-16314#primaryimage"},"thumbnailUrl":"https:\/\/www.tts-freunde.de\/blog\/wp-content\/uploads\/2024\/10\/A244466_small.jpg","datePublished":"2024-10-24T12:54:46+00:00","dateModified":"2024-10-24T12:54:46+00:00","breadcrumb":{"@id":"https:\/\/www.audi-mediacenter.com\/de\/pressemitteilungen\/engineers-of-optimism-audi-umweltstiftung-blickt-auf-15-jahre-engagement-zurueck-16314#breadcrumb"},"inLanguage":"de","potentialAction":[{"@type":"ReadAction","target":["https:\/\/www.audi-mediacenter.com\/de\/pressemitteilungen\/engineers-of-optimism-audi-umweltstiftung-blickt-auf-15-jahre-engagement-zurueck-16314"]}]},{"@type":"ImageObject","inLanguage":"de","@id":"https:\/\/www.audi-mediacenter.com\/de\/pressemitteilungen\/engineers-of-optimism-audi-umweltstiftung-blickt-auf-15-jahre-engagement-zurueck-16314#primaryimage","url":"https:\/\/www.tts-freunde.de\/blog\/wp-content\/uploads\/2024\/10\/A244466_small.jpg","contentUrl":"https:\/\/www.tts-freunde.de\/blog\/wp-content\/uploads\/2024\/10\/A244466_small.jpg","width":595,"height":397,"caption":"For 15 years, the Audi Environmental Foundation has been making an active contribution to environmental protection"},{"@type":"BreadcrumbList","@id":"https:\/\/www.audi-mediacenter.com\/de\/pressemitteilungen\/engineers-of-optimism-audi-umweltstiftung-blickt-auf-15-jahre-engagement-zurueck-16314#breadcrumb","itemListElement":[{"@type":"ListItem","position":1,"name":"Home","item":"https:\/\/www.tts-freunde.de\/blog\/"},{"@type":"ListItem","position":2,"name":"Engineers of Optimism: Audi Umweltstiftung blickt auf 15 Jahre Engagement zur\u00fcck"}]},{"@type":"WebSite","@id":"https:\/\/www.tts-freunde.de\/blog\/#website","url":"https:\/\/www.tts-freunde.de\/blog\/","name":"Audi Blog","description":"Deutscher Audi Blog - TTS-Freunde","publisher":{"@id":"https:\/\/www.tts-freunde.de\/blog\/#organization"},"potentialAction":[{"@type":"SearchAction","target":{"@type":"EntryPoint","urlTemplate":"https:\/\/www.tts-freunde.de\/blog\/?s={search_term_string}"},"query-input":"required name=search_term_string"}],"inLanguage":"de"},{"@type":"Organization","@id":"https:\/\/www.tts-freunde.de\/blog\/#organization","name":"Audi Blog","url":"https:\/\/www.tts-freunde.de\/blog\/","logo":{"@type":"ImageObject","inLanguage":"de","@id":"https:\/\/www.tts-freunde.de\/blog\/#\/schema\/logo\/image\/","url":"https:\/\/www.tts-freunde.de\/blog\/wp-content\/uploads\/2022\/12\/logo_2022.jpg","contentUrl":"https:\/\/www.tts-freunde.de\/blog\/wp-content\/uploads\/2022\/12\/logo_2022.jpg","width":240,"height":41,"caption":"Audi Blog"},"image":{"@id":"https:\/\/www.tts-freunde.de\/blog\/#\/schema\/logo\/image\/"}},{"@type":"Person","@id":"https:\/\/www.tts-freunde.de\/blog\/#\/schema\/person\/b67f6a54e98f013bd281dbe05514b701","name":"admin","image":{"@type":"ImageObject","inLanguage":"de","@id":"https:\/\/www.tts-freunde.de\/blog\/#\/schema\/person\/image\/","url":"https:\/\/secure.gravatar.com\/avatar\/08a4bd330e25056ddb430c28136b38a6?s=96&d=mm&r=g","contentUrl":"https:\/\/secure.gravatar.com\/avatar\/08a4bd330e25056ddb430c28136b38a6?s=96&d=mm&r=g","caption":"admin"},"sameAs":["http:\/\/www.tts-freunde.de"],"url":"https:\/\/www.tts-freunde.de\/blog\/author\/admin\/"}]}},"jetpack_sharing_enabled":true,"jetpack_featured_media_url":"https:\/\/www.tts-freunde.de\/blog\/wp-content\/uploads\/2024\/10\/A244466_small.jpg","jetpack_shortlink":"https:\/\/wp.me\/p67hWW-1TU","jetpack_likes_enabled":false,"jetpack-related-posts":[],"_links":{"self":[{"href":"https:\/\/www.tts-freunde.de\/blog\/wp-json\/wp\/v2\/posts\/7310"}],"collection":[{"href":"https:\/\/www.tts-freunde.de\/blog\/wp-json\/wp\/v2\/posts"}],"about":[{"href":"https:\/\/www.tts-freunde.de\/blog\/wp-json\/wp\/v2\/types\/post"}],"author":[{"embeddable":true,"href":"https:\/\/www.tts-freunde.de\/blog\/wp-json\/wp\/v2\/users\/1"}],"replies":[{"embeddable":true,"href":"https:\/\/www.tts-freunde.de\/blog\/wp-json\/wp\/v2\/comments?post=7310"}],"version-history":[{"count":1,"href":"https:\/\/www.tts-freunde.de\/blog\/wp-json\/wp\/v2\/posts\/7310\/revisions"}],"predecessor-version":[{"id":7312,"href":"https:\/\/www.tts-freunde.de\/blog\/wp-json\/wp\/v2\/posts\/7310\/revisions\/7312"}],"wp:featuredmedia":[{"embeddable":true,"href":"https:\/\/www.tts-freunde.de\/blog\/wp-json\/wp\/v2\/media\/7311"}],"wp:attachment":[{"href":"https:\/\/www.tts-freunde.de\/blog\/wp-json\/wp\/v2\/media?parent=7310"}],"wp:term":[{"taxonomy":"category","embeddable":true,"href":"https:\/\/www.tts-freunde.de\/blog\/wp-json\/wp\/v2\/categories?post=7310"},{"taxonomy":"post_tag","embeddable":true,"href":"https:\/\/www.tts-freunde.de\/blog\/wp-json\/wp\/v2\/tags?post=7310"}],"curies":[{"name":"wp","href":"https:\/\/api.w.org\/{rel}","templated":true}]}}