{"id":7406,"date":"2025-01-10T09:00:38","date_gmt":"2025-01-10T08:00:38","guid":{"rendered":"https:\/\/www.tts-freunde.de\/blog\/?p=7406"},"modified":"2025-01-09T22:10:26","modified_gmt":"2025-01-09T21:10:26","slug":"elektromobilitaet-und-ladeinfrastruktur-in-deutschland-eine-bestandsaufnahme","status":"publish","type":"post","link":"https:\/\/www.tts-freunde.de\/blog\/2025\/01\/10\/elektromobilitaet-und-ladeinfrastruktur-in-deutschland-eine-bestandsaufnahme\/","title":{"rendered":"Elektromobilit\u00e4t und Ladeinfrastruktur in Deutschland: Eine Bestandsaufnahme"},"content":{"rendered":"<p data-pm-slice=\"1 1 []\"><span>Die Elektromobilit\u00e4t nimmt in Deutschland zunehmend an Fahrt auf. Mit der steigenden Zahl an zugelassenen Elektrofahrzeugen (EVs) und Plug-in-Hybriden wird jedoch auch der Ruf nach einer fl\u00e4chendeckenden Ladeinfrastruktur immer lauter. Dieser Artikel gibt einen umfassenden \u00dcberblick \u00fcber den aktuellen Stand, Herausforderungen und Zukunftsperspektiven der Elektromobilit\u00e4t und Ladeinfrastruktur in Deutschland.<\/span><\/p>\n<div id=\"attachment_7408\" style=\"width: 1034px\" class=\"wp-caption aligncenter\"><img loading=\"lazy\" decoding=\"async\" aria-describedby=\"caption-attachment-7408\" data-attachment-id=\"7408\" data-permalink=\"https:\/\/www.tts-freunde.de\/blog\/2025\/01\/10\/elektromobilitaet-und-ladeinfrastruktur-in-deutschland-eine-bestandsaufnahme\/elektromobilitaet-und-ladeinfrastruktur-in-deutschland\/\" data-orig-file=\"https:\/\/www.tts-freunde.de\/blog\/wp-content\/uploads\/2025\/01\/Elektromobilitaet-und-Ladeinfrastruktur-in-Deutschland.jpg\" data-orig-size=\"1024,576\" data-comments-opened=\"0\" data-image-meta=\"{&quot;aperture&quot;:&quot;0&quot;,&quot;credit&quot;:&quot;&quot;,&quot;camera&quot;:&quot;&quot;,&quot;caption&quot;:&quot;&quot;,&quot;created_timestamp&quot;:&quot;0&quot;,&quot;copyright&quot;:&quot;&quot;,&quot;focal_length&quot;:&quot;0&quot;,&quot;iso&quot;:&quot;0&quot;,&quot;shutter_speed&quot;:&quot;0&quot;,&quot;title&quot;:&quot;&quot;,&quot;orientation&quot;:&quot;0&quot;}\" data-image-title=\"Elektromobilit\u00e4t und Ladeinfrastruktur in Deutschland\" data-image-description=\"&lt;p&gt;Elektromobilit\u00e4t und Ladeinfrastruktur in Deutschland&lt;\/p&gt;\n\" data-image-caption=\"&lt;p&gt;Elektromobilit\u00e4t und Ladeinfrastruktur in Deutschland&lt;\/p&gt;\n\" data-medium-file=\"https:\/\/www.tts-freunde.de\/blog\/wp-content\/uploads\/2025\/01\/Elektromobilitaet-und-Ladeinfrastruktur-in-Deutschland-300x169.jpg\" data-large-file=\"https:\/\/www.tts-freunde.de\/blog\/wp-content\/uploads\/2025\/01\/Elektromobilitaet-und-Ladeinfrastruktur-in-Deutschland.jpg\" tabindex=\"0\" role=\"button\" src=\"https:\/\/www.tts-freunde.de\/blog\/wp-content\/uploads\/2025\/01\/Elektromobilitaet-und-Ladeinfrastruktur-in-Deutschland.jpg\" alt=\"Elektromobilit\u00e4t und Ladeinfrastruktur in Deutschland\" width=\"1024\" height=\"576\" class=\"size-full wp-image-7408\" srcset=\"https:\/\/www.tts-freunde.de\/blog\/wp-content\/uploads\/2025\/01\/Elektromobilitaet-und-Ladeinfrastruktur-in-Deutschland.jpg 1024w, https:\/\/www.tts-freunde.de\/blog\/wp-content\/uploads\/2025\/01\/Elektromobilitaet-und-Ladeinfrastruktur-in-Deutschland-300x169.jpg 300w, https:\/\/www.tts-freunde.de\/blog\/wp-content\/uploads\/2025\/01\/Elektromobilitaet-und-Ladeinfrastruktur-in-Deutschland-768x432.jpg 768w, https:\/\/www.tts-freunde.de\/blog\/wp-content\/uploads\/2025\/01\/Elektromobilitaet-und-Ladeinfrastruktur-in-Deutschland-50x28.jpg 50w\" sizes=\"(max-width: 1024px) 100vw, 1024px\" \/><p id=\"caption-attachment-7408\" class=\"wp-caption-text\">Elektromobilit\u00e4t und Ladeinfrastruktur in Deutschland<\/p><\/div>\n<h4><span>1. Aktueller Stand der Elektromobilit\u00e4t<\/span><\/h4>\n<p><span>Im Jahr 2024 verzeichnete Deutschland mehr als 1,5 Millionen zugelassene Elektrofahrzeuge, Tendenz steigend. Die Bundesregierung hat sich ambitionierte Ziele gesetzt, darunter mindestens 15 Millionen vollelektrische Fahrzeuge bis 2030. Automobilhersteller wie Volkswagen, <a href=\"https:\/\/www.audi.de\" target=\"_blank\" rel=\"noopener\">Audi<\/a>, \u00a0BMW und Mercedes-Benz treiben die Entwicklung voran, w\u00e4hrend Tesla mit seinen Modellen weiterhin f\u00fchrend bleibt.<\/span><\/p>\n<p><span>Wesentliche Treiber der Elektromobilit\u00e4t sind:<\/span><\/p>\n<ul data-spread=\"false\">\n<li><span><strong>Steigende Umweltbewusstheit:<\/strong><\/span><span> Verbraucher sind zunehmend sensibilisiert f\u00fcr Klimaschutz.<\/span><\/li>\n<li><span><strong>Staatliche F\u00f6rderungen:<\/strong><\/span><span> Subventionen wie der Umweltbonus und steuerliche Vorteile f\u00fcr E-Fahrzeuge.<\/span><\/li>\n<li><span><strong>Technologische Fortschritte:<\/strong><\/span><span> Verbesserte Batteriereichweiten und sinkende Produktionskosten.<\/span><\/li>\n<\/ul>\n<h4><span>2. Ladeinfrastruktur: Der Dreh- und Angelpunkt<\/span><\/h4>\n<p><span>Eine gut ausgebaute Ladeinfrastruktur ist entscheidend, um die Elektromobilit\u00e4t massentauglich zu machen. Aktuell gibt es in Deutschland etwa 90.000 \u00f6ffentliche Ladepunkte (Stand: Ende 2024). Diese teilen sich in folgende Kategorien auf:<\/span><\/p>\n<ul data-spread=\"false\">\n<li><span><strong>Normalladepunkte:<\/strong><\/span><span> Mit einer Leistung von bis zu 22 kW, ideal f\u00fcr das Laden \u00fcber mehrere Stunden.<\/span><\/li>\n<li><span><strong>Schnellladepunkte:<\/strong><\/span><span> Mit 50 kW oder mehr, geeignet f\u00fcr das schnelle Nachladen auf Langstrecken.<\/span><\/li>\n<\/ul>\n<h4><span>3. Herausforderungen der Ladeinfrastruktur<\/span><\/h4>\n<p><span>Obwohl Fortschritte erkennbar sind, gibt es weiterhin Herausforderungen:<\/span><\/p>\n<ul data-spread=\"false\">\n<li><span><strong>Ungleichm\u00e4\u00dfige Verteilung:<\/strong><\/span><span> In urbanen Zentren ist die Ladeinfrastruktur oft gut ausgebaut, w\u00e4hrend l\u00e4ndliche Regionen hinterherhinken.<\/span><\/li>\n<li><span><strong>Standardisierung:<\/strong><\/span><span> Unterschiedliche Steckertypen und Bezahlsysteme erschweren die Nutzerfreundlichkeit.<\/span><\/li>\n<li><span><strong>Netzkapazit\u00e4t:<\/strong><\/span><span> Der steigende Energiebedarf stellt das Stromnetz vor Herausforderungen.<\/span><\/li>\n<li><span><strong>Kosten:<\/strong><\/span><span> Hohe Investitionskosten schrecken private Betreiber und Kommunen ab.<\/span><\/li>\n<\/ul>\n<h4><span>4. L\u00f6sungsans\u00e4tze und Perspektiven<\/span><\/h4>\n<p><span>Die deutsche Regierung hat verschiedene Ma\u00dfnahmen ergriffen, um diese Probleme anzugehen:<\/span><\/p>\n<ul data-spread=\"false\">\n<li><span><strong>Ma\u00dfnahmenpaket Ladeinfrastruktur II:<\/strong><\/span><span> Ziel ist der Aufbau von einer Million Ladepunkten bis 2030.<\/span><\/li>\n<li><span><strong>Private Ladepunkte:<\/strong><\/span><span> Die F\u00f6rderung privater Wallboxen soll das Laden zu Hause erleichtern.<\/span><\/li>\n<li><span><strong>Intelligente L\u00f6sungen:<\/strong><\/span><span> Der Einsatz von Smart-Grid-Technologien zur besseren Integration von Ladepunkten in das Stromnetz.<\/span><\/li>\n<li><span><strong>Kooperationen mit der Industrie:<\/strong><\/span><span> Unternehmen wie Ionity und EnBW investieren massiv in Schnellladestationen.<\/span><\/li>\n<\/ul>\n<h4><span>5. Zukunft der Elektromobilit\u00e4t und Ladeinfrastruktur in Deutschland<\/span><\/h4>\n<p><span>Die Elektromobilit\u00e4t ist unaufhaltsam auf dem Vormarsch. Mit weiteren Innovationen bei der Batterietechnologie und einem kontinuierlichen Ausbau der Ladeinfrastruktur d\u00fcrfte Deutschland in den kommenden Jahren eine Vorreiterrolle in Europa \u00fcbernehmen. Zus\u00e4tzlich k\u00f6nnte die Integration erneuerbarer Energien, wie Wind- und Solarenergie, in das Stromnetz die Elektromobilit\u00e4t noch nachhaltiger machen.<\/span><\/p>\n<h4><span>Fazit<\/span><\/h4>\n<p><span>Die Elektromobilit\u00e4t ist ein Schl\u00fcsselbereich der Mobilit\u00e4tswende in Deutschland. Der Ausbau der Ladeinfrastruktur bleibt jedoch eine zentrale Herausforderung, die es zu bew\u00e4ltigen gilt. Mit einer Kombination aus staatlicher F\u00f6rderung, technologischen Innovationen und Engagement der Industrie kann Deutschland seine ambitionierten Ziele erreichen und eine gr\u00fcnere Zukunft gestalten.<\/span><\/p>\n<p data-pm-slice=\"1 1 []\"><span>Wer mehr \u00fcber die spannendsten Modelle der Elektromobilit\u00e4t erfahren m\u00f6chte, kann sich hier \u00fcber den neuen <\/span><span><strong>RS e-tron GT Performance<\/strong><\/span><span> informieren: <\/span><a href=\"https:\/\/www.tts-freunde.de\/blog\/2024\/09\/20\/das-leistungsstaerkste-serienfahrzeug-von-audi-der-neue-rs-e-tron-gt-performance\/\" disabled=\"disabled\"><span>Das leistungsst\u00e4rkste Serienfahrzeug von Audi<\/span><\/a><span>.<\/span><\/p>\n","protected":false},"excerpt":{"rendered":"<p>Die Elektromobilit\u00e4t nimmt in Deutschland zunehmend an Fahrt auf. Mit der steigenden Zahl an zugelassenen Elektrofahrzeugen (EVs) und Plug-in-Hybriden wird jedoch auch der Ruf nach einer fl\u00e4chendeckenden Ladeinfrastruktur immer lauter. Dieser Artikel gibt einen umfassenden \u00dcberblick \u00fcber den aktuellen Stand, Herausforderungen und Zukunftsperspektiven der Elektromobilit\u00e4t und Ladeinfrastruktur in Deutschland. 1. [&hellip;]<\/p>\n","protected":false},"author":1,"featured_media":7408,"comment_status":"closed","ping_status":"open","sticky":false,"template":"","format":"standard","meta":{"jetpack_post_was_ever_published":false,"_jetpack_newsletter_access":"","_jetpack_dont_email_post_to_subs":false,"_jetpack_newsletter_tier_id":0,"_jetpack_memberships_contains_paywalled_content":false,"_jetpack_memberships_contains_paid_content":false,"footnotes":"","jetpack_publicize_message":"","jetpack_publicize_feature_enabled":true,"jetpack_social_post_already_shared":true,"jetpack_social_options":{"image_generator_settings":{"template":"highway","enabled":false},"version":2}},"categories":[1],"tags":[229],"class_list":["post-7406","post","type-post","status-publish","format-standard","has-post-thumbnail","hentry","category-allgemein","tag-elektromobilitaet"],"wppr_data":{"cwp_meta_box_check":"No"},"jetpack_publicize_connections":[],"yoast_head":"<!-- This site is optimized with the Yoast SEO plugin v23.3 - https:\/\/yoast.com\/wordpress\/plugins\/seo\/ -->\n<title>Elektromobilit\u00e4t und Ladeinfrastruktur in Deutschland<\/title>\n<meta name=\"description\" content=\"Elektromobilit\u00e4t und Ladeinfrastruktur in Deutschland: Stand, Herausforderungen und L\u00f6sungen. Alles zur Ladeinfrastruktur und neuen Modellen.\" \/>\n<meta name=\"robots\" content=\"index, follow, max-snippet:-1, max-image-preview:large, max-video-preview:-1\" \/>\n<link rel=\"canonical\" href=\"https:\/\/www.tts-freunde.de\/blog\/2025\/01\/10\/elektromobilitaet-und-ladeinfrastruktur-in-deutschland-eine-bestandsaufnahme\/\" \/>\n<meta property=\"og:locale\" content=\"de_DE\" \/>\n<meta property=\"og:type\" content=\"article\" \/>\n<meta property=\"og:title\" content=\"Elektromobilit\u00e4t und Ladeinfrastruktur in Deutschland\" \/>\n<meta property=\"og:description\" content=\"Elektromobilit\u00e4t und Ladeinfrastruktur in Deutschland: Stand, Herausforderungen und L\u00f6sungen. Alles zur Ladeinfrastruktur und neuen Modellen.\" \/>\n<meta property=\"og:url\" content=\"https:\/\/www.tts-freunde.de\/blog\/2025\/01\/10\/elektromobilitaet-und-ladeinfrastruktur-in-deutschland-eine-bestandsaufnahme\/\" \/>\n<meta property=\"og:site_name\" content=\"Audi Blog\" \/>\n<meta property=\"article:published_time\" content=\"2025-01-10T08:00:38+00:00\" \/>\n<meta property=\"article:modified_time\" content=\"2025-01-09T21:10:26+00:00\" \/>\n<meta property=\"og:image\" content=\"https:\/\/www.tts-freunde.de\/blog\/wp-content\/uploads\/2025\/01\/Elektromobilitaet-und-Ladeinfrastruktur-in-Deutschland.jpg\" \/>\n\t<meta property=\"og:image:width\" content=\"1024\" \/>\n\t<meta property=\"og:image:height\" content=\"576\" \/>\n\t<meta property=\"og:image:type\" content=\"image\/jpeg\" \/>\n<meta name=\"author\" content=\"admin\" \/>\n<meta name=\"twitter:card\" content=\"summary_large_image\" \/>\n<meta name=\"twitter:label1\" content=\"Verfasst von\" \/>\n\t<meta name=\"twitter:data1\" content=\"admin\" \/>\n\t<meta name=\"twitter:label2\" content=\"Gesch\u00e4tzte Lesezeit\" \/>\n\t<meta name=\"twitter:data2\" content=\"3\u00a0Minuten\" \/>\n<script type=\"application\/ld+json\" class=\"yoast-schema-graph\">{\"@context\":\"https:\/\/schema.org\",\"@graph\":[{\"@type\":\"Article\",\"@id\":\"https:\/\/www.tts-freunde.de\/blog\/2025\/01\/10\/elektromobilitaet-und-ladeinfrastruktur-in-deutschland-eine-bestandsaufnahme\/#article\",\"isPartOf\":{\"@id\":\"https:\/\/www.tts-freunde.de\/blog\/2025\/01\/10\/elektromobilitaet-und-ladeinfrastruktur-in-deutschland-eine-bestandsaufnahme\/\"},\"author\":{\"name\":\"admin\",\"@id\":\"https:\/\/www.tts-freunde.de\/blog\/#\/schema\/person\/b67f6a54e98f013bd281dbe05514b701\"},\"headline\":\"Elektromobilit\u00e4t und Ladeinfrastruktur in Deutschland: Eine Bestandsaufnahme\",\"datePublished\":\"2025-01-10T08:00:38+00:00\",\"dateModified\":\"2025-01-09T21:10:26+00:00\",\"mainEntityOfPage\":{\"@id\":\"https:\/\/www.tts-freunde.de\/blog\/2025\/01\/10\/elektromobilitaet-und-ladeinfrastruktur-in-deutschland-eine-bestandsaufnahme\/\"},\"wordCount\":492,\"publisher\":{\"@id\":\"https:\/\/www.tts-freunde.de\/blog\/#organization\"},\"image\":{\"@id\":\"https:\/\/www.tts-freunde.de\/blog\/2025\/01\/10\/elektromobilitaet-und-ladeinfrastruktur-in-deutschland-eine-bestandsaufnahme\/#primaryimage\"},\"thumbnailUrl\":\"https:\/\/www.tts-freunde.de\/blog\/wp-content\/uploads\/2025\/01\/Elektromobilitaet-und-Ladeinfrastruktur-in-Deutschland.jpg\",\"keywords\":[\"Elektromobilit\u00e4t\"],\"inLanguage\":\"de\"},{\"@type\":\"WebPage\",\"@id\":\"https:\/\/www.tts-freunde.de\/blog\/2025\/01\/10\/elektromobilitaet-und-ladeinfrastruktur-in-deutschland-eine-bestandsaufnahme\/\",\"url\":\"https:\/\/www.tts-freunde.de\/blog\/2025\/01\/10\/elektromobilitaet-und-ladeinfrastruktur-in-deutschland-eine-bestandsaufnahme\/\",\"name\":\"Elektromobilit\u00e4t und Ladeinfrastruktur in Deutschland\",\"isPartOf\":{\"@id\":\"https:\/\/www.tts-freunde.de\/blog\/#website\"},\"primaryImageOfPage\":{\"@id\":\"https:\/\/www.tts-freunde.de\/blog\/2025\/01\/10\/elektromobilitaet-und-ladeinfrastruktur-in-deutschland-eine-bestandsaufnahme\/#primaryimage\"},\"image\":{\"@id\":\"https:\/\/www.tts-freunde.de\/blog\/2025\/01\/10\/elektromobilitaet-und-ladeinfrastruktur-in-deutschland-eine-bestandsaufnahme\/#primaryimage\"},\"thumbnailUrl\":\"https:\/\/www.tts-freunde.de\/blog\/wp-content\/uploads\/2025\/01\/Elektromobilitaet-und-Ladeinfrastruktur-in-Deutschland.jpg\",\"datePublished\":\"2025-01-10T08:00:38+00:00\",\"dateModified\":\"2025-01-09T21:10:26+00:00\",\"description\":\"Elektromobilit\u00e4t und Ladeinfrastruktur in Deutschland: Stand, Herausforderungen und L\u00f6sungen. Alles zur Ladeinfrastruktur und neuen Modellen.\",\"breadcrumb\":{\"@id\":\"https:\/\/www.tts-freunde.de\/blog\/2025\/01\/10\/elektromobilitaet-und-ladeinfrastruktur-in-deutschland-eine-bestandsaufnahme\/#breadcrumb\"},\"inLanguage\":\"de\",\"potentialAction\":[{\"@type\":\"ReadAction\",\"target\":[\"https:\/\/www.tts-freunde.de\/blog\/2025\/01\/10\/elektromobilitaet-und-ladeinfrastruktur-in-deutschland-eine-bestandsaufnahme\/\"]}]},{\"@type\":\"ImageObject\",\"inLanguage\":\"de\",\"@id\":\"https:\/\/www.tts-freunde.de\/blog\/2025\/01\/10\/elektromobilitaet-und-ladeinfrastruktur-in-deutschland-eine-bestandsaufnahme\/#primaryimage\",\"url\":\"https:\/\/www.tts-freunde.de\/blog\/wp-content\/uploads\/2025\/01\/Elektromobilitaet-und-Ladeinfrastruktur-in-Deutschland.jpg\",\"contentUrl\":\"https:\/\/www.tts-freunde.de\/blog\/wp-content\/uploads\/2025\/01\/Elektromobilitaet-und-Ladeinfrastruktur-in-Deutschland.jpg\",\"width\":1024,\"height\":576,\"caption\":\"Elektromobilit\u00e4t und Ladeinfrastruktur in Deutschland\"},{\"@type\":\"BreadcrumbList\",\"@id\":\"https:\/\/www.tts-freunde.de\/blog\/2025\/01\/10\/elektromobilitaet-und-ladeinfrastruktur-in-deutschland-eine-bestandsaufnahme\/#breadcrumb\",\"itemListElement\":[{\"@type\":\"ListItem\",\"position\":1,\"name\":\"Home\",\"item\":\"https:\/\/www.tts-freunde.de\/blog\/\"},{\"@type\":\"ListItem\",\"position\":2,\"name\":\"Elektromobilit\u00e4t und Ladeinfrastruktur in Deutschland: Eine Bestandsaufnahme\"}]},{\"@type\":\"WebSite\",\"@id\":\"https:\/\/www.tts-freunde.de\/blog\/#website\",\"url\":\"https:\/\/www.tts-freunde.de\/blog\/\",\"name\":\"Audi Blog\",\"description\":\"Deutscher Audi Blog - TTS-Freunde\",\"publisher\":{\"@id\":\"https:\/\/www.tts-freunde.de\/blog\/#organization\"},\"potentialAction\":[{\"@type\":\"SearchAction\",\"target\":{\"@type\":\"EntryPoint\",\"urlTemplate\":\"https:\/\/www.tts-freunde.de\/blog\/?s={search_term_string}\"},\"query-input\":\"required name=search_term_string\"}],\"inLanguage\":\"de\"},{\"@type\":\"Organization\",\"@id\":\"https:\/\/www.tts-freunde.de\/blog\/#organization\",\"name\":\"Audi Blog\",\"url\":\"https:\/\/www.tts-freunde.de\/blog\/\",\"logo\":{\"@type\":\"ImageObject\",\"inLanguage\":\"de\",\"@id\":\"https:\/\/www.tts-freunde.de\/blog\/#\/schema\/logo\/image\/\",\"url\":\"https:\/\/www.tts-freunde.de\/blog\/wp-content\/uploads\/2022\/12\/logo_2022.jpg\",\"contentUrl\":\"https:\/\/www.tts-freunde.de\/blog\/wp-content\/uploads\/2022\/12\/logo_2022.jpg\",\"width\":240,\"height\":41,\"caption\":\"Audi Blog\"},\"image\":{\"@id\":\"https:\/\/www.tts-freunde.de\/blog\/#\/schema\/logo\/image\/\"}},{\"@type\":\"Person\",\"@id\":\"https:\/\/www.tts-freunde.de\/blog\/#\/schema\/person\/b67f6a54e98f013bd281dbe05514b701\",\"name\":\"admin\",\"image\":{\"@type\":\"ImageObject\",\"inLanguage\":\"de\",\"@id\":\"https:\/\/www.tts-freunde.de\/blog\/#\/schema\/person\/image\/\",\"url\":\"https:\/\/secure.gravatar.com\/avatar\/08a4bd330e25056ddb430c28136b38a6?s=96&d=mm&r=g\",\"contentUrl\":\"https:\/\/secure.gravatar.com\/avatar\/08a4bd330e25056ddb430c28136b38a6?s=96&d=mm&r=g\",\"caption\":\"admin\"},\"sameAs\":[\"http:\/\/www.tts-freunde.de\"],\"url\":\"https:\/\/www.tts-freunde.de\/blog\/author\/admin\/\"}]}<\/script>\n<!-- \/ Yoast SEO plugin. -->","yoast_head_json":{"title":"Elektromobilit\u00e4t und Ladeinfrastruktur in Deutschland","description":"Elektromobilit\u00e4t und Ladeinfrastruktur in Deutschland: Stand, Herausforderungen und L\u00f6sungen. Alles zur Ladeinfrastruktur und neuen Modellen.","robots":{"index":"index","follow":"follow","max-snippet":"max-snippet:-1","max-image-preview":"max-image-preview:large","max-video-preview":"max-video-preview:-1"},"canonical":"https:\/\/www.tts-freunde.de\/blog\/2025\/01\/10\/elektromobilitaet-und-ladeinfrastruktur-in-deutschland-eine-bestandsaufnahme\/","og_locale":"de_DE","og_type":"article","og_title":"Elektromobilit\u00e4t und Ladeinfrastruktur in Deutschland","og_description":"Elektromobilit\u00e4t und Ladeinfrastruktur in Deutschland: Stand, Herausforderungen und L\u00f6sungen. Alles zur Ladeinfrastruktur und neuen Modellen.","og_url":"https:\/\/www.tts-freunde.de\/blog\/2025\/01\/10\/elektromobilitaet-und-ladeinfrastruktur-in-deutschland-eine-bestandsaufnahme\/","og_site_name":"Audi Blog","article_published_time":"2025-01-10T08:00:38+00:00","article_modified_time":"2025-01-09T21:10:26+00:00","og_image":[{"width":1024,"height":576,"url":"https:\/\/www.tts-freunde.de\/blog\/wp-content\/uploads\/2025\/01\/Elektromobilitaet-und-Ladeinfrastruktur-in-Deutschland.jpg","type":"image\/jpeg"}],"author":"admin","twitter_card":"summary_large_image","twitter_misc":{"Verfasst von":"admin","Gesch\u00e4tzte Lesezeit":"3\u00a0Minuten"},"schema":{"@context":"https:\/\/schema.org","@graph":[{"@type":"Article","@id":"https:\/\/www.tts-freunde.de\/blog\/2025\/01\/10\/elektromobilitaet-und-ladeinfrastruktur-in-deutschland-eine-bestandsaufnahme\/#article","isPartOf":{"@id":"https:\/\/www.tts-freunde.de\/blog\/2025\/01\/10\/elektromobilitaet-und-ladeinfrastruktur-in-deutschland-eine-bestandsaufnahme\/"},"author":{"name":"admin","@id":"https:\/\/www.tts-freunde.de\/blog\/#\/schema\/person\/b67f6a54e98f013bd281dbe05514b701"},"headline":"Elektromobilit\u00e4t und Ladeinfrastruktur in Deutschland: Eine Bestandsaufnahme","datePublished":"2025-01-10T08:00:38+00:00","dateModified":"2025-01-09T21:10:26+00:00","mainEntityOfPage":{"@id":"https:\/\/www.tts-freunde.de\/blog\/2025\/01\/10\/elektromobilitaet-und-ladeinfrastruktur-in-deutschland-eine-bestandsaufnahme\/"},"wordCount":492,"publisher":{"@id":"https:\/\/www.tts-freunde.de\/blog\/#organization"},"image":{"@id":"https:\/\/www.tts-freunde.de\/blog\/2025\/01\/10\/elektromobilitaet-und-ladeinfrastruktur-in-deutschland-eine-bestandsaufnahme\/#primaryimage"},"thumbnailUrl":"https:\/\/www.tts-freunde.de\/blog\/wp-content\/uploads\/2025\/01\/Elektromobilitaet-und-Ladeinfrastruktur-in-Deutschland.jpg","keywords":["Elektromobilit\u00e4t"],"inLanguage":"de"},{"@type":"WebPage","@id":"https:\/\/www.tts-freunde.de\/blog\/2025\/01\/10\/elektromobilitaet-und-ladeinfrastruktur-in-deutschland-eine-bestandsaufnahme\/","url":"https:\/\/www.tts-freunde.de\/blog\/2025\/01\/10\/elektromobilitaet-und-ladeinfrastruktur-in-deutschland-eine-bestandsaufnahme\/","name":"Elektromobilit\u00e4t und Ladeinfrastruktur in Deutschland","isPartOf":{"@id":"https:\/\/www.tts-freunde.de\/blog\/#website"},"primaryImageOfPage":{"@id":"https:\/\/www.tts-freunde.de\/blog\/2025\/01\/10\/elektromobilitaet-und-ladeinfrastruktur-in-deutschland-eine-bestandsaufnahme\/#primaryimage"},"image":{"@id":"https:\/\/www.tts-freunde.de\/blog\/2025\/01\/10\/elektromobilitaet-und-ladeinfrastruktur-in-deutschland-eine-bestandsaufnahme\/#primaryimage"},"thumbnailUrl":"https:\/\/www.tts-freunde.de\/blog\/wp-content\/uploads\/2025\/01\/Elektromobilitaet-und-Ladeinfrastruktur-in-Deutschland.jpg","datePublished":"2025-01-10T08:00:38+00:00","dateModified":"2025-01-09T21:10:26+00:00","description":"Elektromobilit\u00e4t und Ladeinfrastruktur in Deutschland: Stand, Herausforderungen und L\u00f6sungen. Alles zur Ladeinfrastruktur und neuen Modellen.","breadcrumb":{"@id":"https:\/\/www.tts-freunde.de\/blog\/2025\/01\/10\/elektromobilitaet-und-ladeinfrastruktur-in-deutschland-eine-bestandsaufnahme\/#breadcrumb"},"inLanguage":"de","potentialAction":[{"@type":"ReadAction","target":["https:\/\/www.tts-freunde.de\/blog\/2025\/01\/10\/elektromobilitaet-und-ladeinfrastruktur-in-deutschland-eine-bestandsaufnahme\/"]}]},{"@type":"ImageObject","inLanguage":"de","@id":"https:\/\/www.tts-freunde.de\/blog\/2025\/01\/10\/elektromobilitaet-und-ladeinfrastruktur-in-deutschland-eine-bestandsaufnahme\/#primaryimage","url":"https:\/\/www.tts-freunde.de\/blog\/wp-content\/uploads\/2025\/01\/Elektromobilitaet-und-Ladeinfrastruktur-in-Deutschland.jpg","contentUrl":"https:\/\/www.tts-freunde.de\/blog\/wp-content\/uploads\/2025\/01\/Elektromobilitaet-und-Ladeinfrastruktur-in-Deutschland.jpg","width":1024,"height":576,"caption":"Elektromobilit\u00e4t und Ladeinfrastruktur in Deutschland"},{"@type":"BreadcrumbList","@id":"https:\/\/www.tts-freunde.de\/blog\/2025\/01\/10\/elektromobilitaet-und-ladeinfrastruktur-in-deutschland-eine-bestandsaufnahme\/#breadcrumb","itemListElement":[{"@type":"ListItem","position":1,"name":"Home","item":"https:\/\/www.tts-freunde.de\/blog\/"},{"@type":"ListItem","position":2,"name":"Elektromobilit\u00e4t und Ladeinfrastruktur in Deutschland: Eine Bestandsaufnahme"}]},{"@type":"WebSite","@id":"https:\/\/www.tts-freunde.de\/blog\/#website","url":"https:\/\/www.tts-freunde.de\/blog\/","name":"Audi Blog","description":"Deutscher Audi Blog - TTS-Freunde","publisher":{"@id":"https:\/\/www.tts-freunde.de\/blog\/#organization"},"potentialAction":[{"@type":"SearchAction","target":{"@type":"EntryPoint","urlTemplate":"https:\/\/www.tts-freunde.de\/blog\/?s={search_term_string}"},"query-input":"required name=search_term_string"}],"inLanguage":"de"},{"@type":"Organization","@id":"https:\/\/www.tts-freunde.de\/blog\/#organization","name":"Audi Blog","url":"https:\/\/www.tts-freunde.de\/blog\/","logo":{"@type":"ImageObject","inLanguage":"de","@id":"https:\/\/www.tts-freunde.de\/blog\/#\/schema\/logo\/image\/","url":"https:\/\/www.tts-freunde.de\/blog\/wp-content\/uploads\/2022\/12\/logo_2022.jpg","contentUrl":"https:\/\/www.tts-freunde.de\/blog\/wp-content\/uploads\/2022\/12\/logo_2022.jpg","width":240,"height":41,"caption":"Audi Blog"},"image":{"@id":"https:\/\/www.tts-freunde.de\/blog\/#\/schema\/logo\/image\/"}},{"@type":"Person","@id":"https:\/\/www.tts-freunde.de\/blog\/#\/schema\/person\/b67f6a54e98f013bd281dbe05514b701","name":"admin","image":{"@type":"ImageObject","inLanguage":"de","@id":"https:\/\/www.tts-freunde.de\/blog\/#\/schema\/person\/image\/","url":"https:\/\/secure.gravatar.com\/avatar\/08a4bd330e25056ddb430c28136b38a6?s=96&d=mm&r=g","contentUrl":"https:\/\/secure.gravatar.com\/avatar\/08a4bd330e25056ddb430c28136b38a6?s=96&d=mm&r=g","caption":"admin"},"sameAs":["http:\/\/www.tts-freunde.de"],"url":"https:\/\/www.tts-freunde.de\/blog\/author\/admin\/"}]}},"jetpack_sharing_enabled":true,"jetpack_featured_media_url":"https:\/\/www.tts-freunde.de\/blog\/wp-content\/uploads\/2025\/01\/Elektromobilitaet-und-Ladeinfrastruktur-in-Deutschland.jpg","jetpack_shortlink":"https:\/\/wp.me\/p67hWW-1Vs","jetpack_likes_enabled":false,"jetpack-related-posts":[],"_links":{"self":[{"href":"https:\/\/www.tts-freunde.de\/blog\/wp-json\/wp\/v2\/posts\/7406"}],"collection":[{"href":"https:\/\/www.tts-freunde.de\/blog\/wp-json\/wp\/v2\/posts"}],"about":[{"href":"https:\/\/www.tts-freunde.de\/blog\/wp-json\/wp\/v2\/types\/post"}],"author":[{"embeddable":true,"href":"https:\/\/www.tts-freunde.de\/blog\/wp-json\/wp\/v2\/users\/1"}],"replies":[{"embeddable":true,"href":"https:\/\/www.tts-freunde.de\/blog\/wp-json\/wp\/v2\/comments?post=7406"}],"version-history":[{"count":2,"href":"https:\/\/www.tts-freunde.de\/blog\/wp-json\/wp\/v2\/posts\/7406\/revisions"}],"predecessor-version":[{"id":7409,"href":"https:\/\/www.tts-freunde.de\/blog\/wp-json\/wp\/v2\/posts\/7406\/revisions\/7409"}],"wp:featuredmedia":[{"embeddable":true,"href":"https:\/\/www.tts-freunde.de\/blog\/wp-json\/wp\/v2\/media\/7408"}],"wp:attachment":[{"href":"https:\/\/www.tts-freunde.de\/blog\/wp-json\/wp\/v2\/media?parent=7406"}],"wp:term":[{"taxonomy":"category","embeddable":true,"href":"https:\/\/www.tts-freunde.de\/blog\/wp-json\/wp\/v2\/categories?post=7406"},{"taxonomy":"post_tag","embeddable":true,"href":"https:\/\/www.tts-freunde.de\/blog\/wp-json\/wp\/v2\/tags?post=7406"}],"curies":[{"name":"wp","href":"https:\/\/api.w.org\/{rel}","templated":true}]}}