{"id":7416,"date":"2025-01-13T11:18:09","date_gmt":"2025-01-13T10:18:09","guid":{"rendered":"https:\/\/www.tts-freunde.de\/blog\/?p=7416"},"modified":"2025-01-13T11:18:09","modified_gmt":"2025-01-13T10:18:09","slug":"17-millionen-auslieferungen-2024-audi-setzt-modelloffensive-konsequent-fort","status":"publish","type":"post","link":"https:\/\/www.tts-freunde.de\/blog\/2025\/01\/13\/17-millionen-auslieferungen-2024-audi-setzt-modelloffensive-konsequent-fort\/","title":{"rendered":"1,7 Millionen Auslieferungen 2024: Audi setzt Modelloffensive konsequent fort"},"content":{"rendered":"<ul>\n<li>Weltweit \u00fcber 164.000 vollelektrische Fahrzeuge \u00fcbergeben<\/li>\n<li>Herausfordernde wirtschaftliche Rahmenbedingungen, ein intensives Marktumfeld und eingeschr\u00e4nkte Teileverf\u00fcgbarkeit beeinflussen die Auslieferungszahlen<\/li>\n<li>CEO Gernot D\u00f6llner: \u201e2024 Teil einer \u00dcbergangsphase hin zu unserem neuen Produktportfolio\u201c<\/li>\n<\/ul>\n<div class=\"page-row column-width-100\">\n<div class=\"container -narrow\">\n<div class=\"page-item--intro\" id=\"item-c89c8c68-70e5-42e1-b47b-9ba28fe41425\">\n<div class=\"intro-text\">\n<p>Audi lieferte im Jahr 2024 weltweit rund 1,7 Millionen Fahrzeuge aus \u2013 davon mehr als 164.000 vollelektrische Modelle. Gr\u00fcnde f\u00fcr diesen R\u00fcckgang von knapp 12 Prozent (8 Prozent bei vollelektrischen Modellen) im Vergleich zum Vorjahr waren unter anderem die herausfordernden wirtschaftlichen Rahmenbedingungen, ein intensives Wettbewerbsumfeld sowie eine eingeschr\u00e4nkte Teileverf\u00fcgbarkeit. Zudem wirkt sich das neue Produktportfolio erst sukzessive auf die weltweiten Verkaufszahlen aus.<\/p>\n<\/div>\n<\/div>\n<\/div>\n<\/div>\n<div class=\"page-row-spacer\">\n<div id=\"attachment_7417\" style=\"width: 760px\" class=\"wp-caption alignleft\"><img loading=\"lazy\" decoding=\"async\" aria-describedby=\"caption-attachment-7417\" data-attachment-id=\"7417\" data-permalink=\"https:\/\/www.tts-freunde.de\/blog\/2025\/01\/13\/17-millionen-auslieferungen-2024-audi-setzt-modelloffensive-konsequent-fort\/audi-s5-avant\/\" data-orig-file=\"https:\/\/www.tts-freunde.de\/blog\/wp-content\/uploads\/2025\/01\/A244812_medium-scaled.jpg\" data-orig-size=\"2560,1708\" data-comments-opened=\"0\" data-image-meta=\"{&quot;aperture&quot;:&quot;8&quot;,&quot;credit&quot;:&quot;&quot;,&quot;camera&quot;:&quot;Canon EOS R5m2&quot;,&quot;caption&quot;:&quot;Audi S5 Avant in the snow&quot;,&quot;created_timestamp&quot;:&quot;1733214544&quot;,&quot;copyright&quot;:&quot;AUDI AG&quot;,&quot;focal_length&quot;:&quot;24&quot;,&quot;iso&quot;:&quot;100&quot;,&quot;shutter_speed&quot;:&quot;0.0666666666667&quot;,&quot;title&quot;:&quot;Audi S5 Avant&quot;,&quot;orientation&quot;:&quot;1&quot;}\" data-image-title=\"Audi S5 Avant\" data-image-description=\"\" data-image-caption=\"&lt;p&gt;Audi S5 Avant in the snow&lt;\/p&gt;\n\" data-medium-file=\"https:\/\/www.tts-freunde.de\/blog\/wp-content\/uploads\/2025\/01\/A244812_medium-300x200.jpg\" data-large-file=\"https:\/\/www.tts-freunde.de\/blog\/wp-content\/uploads\/2025\/01\/A244812_medium-1024x683.jpg\" tabindex=\"0\" role=\"button\" src=\"https:\/\/www.tts-freunde.de\/blog\/wp-content\/uploads\/2025\/01\/A244812_medium-1024x683.jpg\" alt=\"\" width=\"750\" height=\"500\" class=\"size-large wp-image-7417\" srcset=\"https:\/\/www.tts-freunde.de\/blog\/wp-content\/uploads\/2025\/01\/A244812_medium-1024x683.jpg 1024w, https:\/\/www.tts-freunde.de\/blog\/wp-content\/uploads\/2025\/01\/A244812_medium-300x200.jpg 300w, https:\/\/www.tts-freunde.de\/blog\/wp-content\/uploads\/2025\/01\/A244812_medium-768x512.jpg 768w, https:\/\/www.tts-freunde.de\/blog\/wp-content\/uploads\/2025\/01\/A244812_medium-1536x1025.jpg 1536w, https:\/\/www.tts-freunde.de\/blog\/wp-content\/uploads\/2025\/01\/A244812_medium-2048x1366.jpg 2048w, https:\/\/www.tts-freunde.de\/blog\/wp-content\/uploads\/2025\/01\/A244812_medium-50x33.jpg 50w, https:\/\/www.tts-freunde.de\/blog\/wp-content\/uploads\/2025\/01\/A244812_medium-360x240.jpg 360w\" sizes=\"(max-width: 750px) 100vw, 750px\" \/><p id=\"caption-attachment-7417\" class=\"wp-caption-text\">Audi S5 Avant in the snow<\/p><\/div>\n<\/div>\n<div class=\"page-row column-width-100\">\n<div class=\"container -narrow\">\n<div class=\"page-item--text\" id=\"item-f5b2778a-a347-4fa1-9ad3-34c8dce0f46a\">\n<div class=\"text-block\">\n<p>\u201eWir haben ein klares Zielbild, wie wir Vorsprung durch Technik neu definieren. Unsere laufende Modelloffensive zeigt, wohin die Reise f\u00fcr Audi geht. Das Jahr 2024 war dabei Teil einer \u00dcbergangsphase hin zu unserem neuen Produktportfolio\u201c, sagt Audi CEO Gernot D\u00f6llner. \u201eZudem pr\u00e4gten weltwirtschaftliche Unsicherheiten sowie ein versch\u00e4rfter Wettbewerb das vergangene Jahr. Trotz dieser Herausforderungen sind wir \u00fcberzeugt, dass wir unsere langfristigen Ziele erreichen werden. Mit einer klaren Produkt- und Technologie-Roadmap verj\u00fcngt Audi konsequent das Produktportfolio mit \u00fcber 20 neuen Modellen in den Jahren 2024 und 2025.\u201c Im vergangenen Jahr hat Audi bereits mehr als die H\u00e4lfte davon vorgestellt, darunter die neuen batterieelektrischen Fahrzeuge Audi Q6 <span class=\"nowrap\">e-tron<\/span> und Audi A6 <span class=\"nowrap\">e-tron<\/span> sowie Verbrenner wie den Audi A5 und Audi Q5. \u201e2025 setzen wir unsere Modellinitiative fort und erneuern zentrale Modellfamilien wie den Audi A7 und den Audi Q3. Dar\u00fcber hinaus k\u00f6nnen sich Kundinnen und Kunden auf zahlreiche neue Plug-in-Hybride freuen.\u201c<\/p>\n<p>Nach dem Rekordjahr 2023 beeinflussten geopolitische und industrielle Rahmenbedingungen die Auslieferungszahlen 2024. Ein von Stagnation und strukturellen Problemen gepr\u00e4gtes gesamtwirtschaftliches Umfeld sowie eine angespannte politische Lage stellten die gesamte Automobilbranche vor gro\u00dfe Herausforderungen und pr\u00e4gten das Konsumverhalten im internationalen Rahmen.<\/p>\n<p>\u201eDas Jahr 2024 wurde schon zu Beginn als ein \u00dcbergangsjahr eingestuft. Wir haben starke Modelle im Anlauf, die allerdings erst sukzessive in den M\u00e4rkten volumenwirksam werden. Zeitgleich sind einige Modelle ausgelaufen. Herausfordernde wirtschaftliche Rahmenbedingungen und eine fehlende Planbarkeit der F\u00f6rderstrukturen sorgen aktuell branchenweit f\u00fcr eine gewisse Kaufzur\u00fcckhaltung, vor allem bei vollelektrischen Fahrzeugen\u201c, sagt Marco Schubert, Vorstand f\u00fcr Vertrieb und Marketing.<\/p>\n<p>\u201eMit unserem Dreiklang aus E-Autos, Plug-in-Hybriden und Verbrennern sind wir flexibel und robust f\u00fcr die n\u00e4chsten Jahre aufgestellt und halten f\u00fcr unsere Kundinnen und Kunden ein vielf\u00e4ltiges Angebot an Premiumfahrzeugen bereit. Mit unserer klaren Strategie sowie dem starken Einsatz unserer Handelspartner und internationalen Teams stellen wir uns zukunftssicher auf.\u201c<\/p>\n<h2><span>Vertriebsergebnisse in Europa, Nordamerika und China<\/span><\/h2>\n<p>Im Jahr 2024 \u00fcbergab Audi global mehr als 164.000 vollelektrische Modelle an Kundinnen und Kunden (\u20138\u00a0Prozent). Stark nachgefragt war der Audi Q4 <span class=\"nowrap\">e-tron<\/span> mit weltweit knapp 108.000 ausgelieferten Einheiten. Seit der Markteinf\u00fchrung im dritten Quartal verzeichnete der neue Audi Q6 <span class=\"nowrap\">e-tron<\/span> knapp 15.000 Auslieferungen.<\/p>\n<p>Neben den vollelektrischen Modellen waren vor allem der Audi Q5 (298.000 Einheiten), der\u00a0Audi A6 (244.000 Einheiten) sowie der Audi Q3 (215.000 Einheiten) besonders beliebt.<\/p>\n<p><strong>Audi Sport<\/strong> lieferte 2024 weltweit mehr als 41.000 High-Performance-Fahrzeuge aus und verzeichnete damit einen R\u00fcckgang von rund 14\u00a0Prozent. In den USA erreichten die\u00a0Audi Sport-Modelle mit \u00fcber 9.000 Auslieferungen das beste Ergebnis aller Zeiten (+4\u00a0Prozent).<\/p>\n<p>Die Auslieferungszahlen in <strong>Europa <\/strong>(ohne Deutschland) lagen mit rund 466.000 Fahrzeugen fast 6\u00a0Prozent unter dem Vorjahreswert. Die Zahl der ausgelieferten elektrischen Fahrzeuge lag bei knapp 81.000 Einheiten (+6\u00a0Prozent). Am h\u00e4ufigsten wurden in Europa der Audi A3 (84.000 Einheiten), der Audi Q3 (79.000 Einheiten) und der Audi Q4 <span class=\"nowrap\">e-tron<\/span> (57.000 Einheiten) verkauft.<\/p>\n<p>In <strong>Deutschland<\/strong> lieferte Audi \u00fcber 198.000 Fahrzeuge (\u201321\u00a0Prozent) aus \u2013 davon rund 22.000 vollelektrische Fahrzeuge (\u201333\u00a0Prozent).<\/p>\n<p>In <strong>Gro\u00dfbritannien<\/strong> lag die Zahl der Auslieferungen bei rund 123.000 Fahrzeugen (\u201311\u00a0Prozent), in <strong>Frankreich <\/strong>bei 48.000 Einheiten (\u20133\u00a0Prozent). Bei den elektrisch angetriebenen Modellen verzeichnete Audi in Frankreich eine Steigerung von 24\u00a0Prozent gegen\u00fcber 2023. Auch in <strong>Italien<\/strong>zeigt Audi ein solides Ergebnis und lieferte mehr als 67.000 Einheiten (+1 Prozent), darunter rund 3.000 elektrische Fahrzeuge (+7 Prozent), aus. In <strong>Spanien<\/strong> (inkl. Kanaren) \u00fcbergab Audi \u00fcber 39.000 Autos (\u20134\u00a0Prozent) an Kundinnen und Kunden.<\/p>\n<p>Fast 241.000 Einheiten (\u201313\u00a0Prozent) verkaufte Audi 2024 in <strong>Nordamerika<\/strong> \u2013 davon knapp 29.000 vollelektrische Fahrzeuge (\u20136\u00a0Prozent).<\/p>\n<p>Im wettbewerbsintensiven Markt <strong>China <\/strong>\u00fcbergab Audi mehr als 649.000 Autos an Kundinnen und Kunden. Das entspricht einem R\u00fcckgang von rund 11\u00a0Prozent gegen\u00fcber dem Vorjahr.<\/p>\n<p>In den <strong>\u00dcbersee- und Wachstumsm\u00e4rkten <\/strong>lieferte Audi im Jahr 2024 \u00fcber 116.000 Fahrzeuge aus (\u201318\u00a0Prozent).<\/p>\n<div class=\"table-responsive\">\n<table>\n<tbody>\n<tr>\n<td><strong>Auslieferungen Marke Audi<\/strong><\/td>\n<td colspan=\"3\"><strong>Kumuliert<\/strong><\/td>\n<\/tr>\n<tr>\n<td><\/td>\n<td><strong>2024<\/strong><\/td>\n<td>2023<\/td>\n<td><strong><em>Abw. vs. 2023<\/em><\/strong><\/td>\n<\/tr>\n<tr>\n<td><strong>Welt <\/strong><\/td>\n<td><strong>1.671.218 <\/strong><\/td>\n<td>1.895.240<\/td>\n<td><strong><em>\u201311,8 % <\/em><\/strong><\/td>\n<\/tr>\n<tr>\n<td><strong>Deutschland <\/strong><\/td>\n<td><strong>198.342<\/strong><\/td>\n<td>252.060<\/td>\n<td><strong><em>\u201321,3 %<\/em><\/strong><\/td>\n<\/tr>\n<tr>\n<td><strong>Nordamerika <\/strong><\/td>\n<td><strong>240.771<\/strong><\/td>\n<td>276.735<\/td>\n<td><strong><em>\u201313,0 % <\/em><\/strong><\/td>\n<\/tr>\n<tr>\n<td><strong>China <\/strong><\/td>\n<td><strong>649.434<\/strong><\/td>\n<td>728.575<\/td>\n<td><strong><em>\u201310,9 % <\/em><\/strong><\/td>\n<\/tr>\n<tr>\n<td><strong>Europa (ohne Deutschland) <\/strong><\/td>\n<td><strong>466.209<\/strong><\/td>\n<td>495.559<\/td>\n<td><strong><em>\u20135,9 % <\/em><\/strong><\/td>\n<\/tr>\n<tr>\n<td><strong>\u00dcbersee und Wachstumsm\u00e4rkte <\/strong><\/td>\n<td><strong>116.462<\/strong><\/td>\n<td>142.311<\/td>\n<td><strong><em>\u201318,2 % <\/em><\/strong><\/td>\n<\/tr>\n<\/tbody>\n<\/table>\n<\/div>\n<\/div>\n<\/div>\n<\/div>\n<\/div>\n","protected":false},"excerpt":{"rendered":"<p>Weltweit \u00fcber 164.000 vollelektrische Fahrzeuge \u00fcbergeben Herausfordernde wirtschaftliche Rahmenbedingungen, ein intensives Marktumfeld und eingeschr\u00e4nkte Teileverf\u00fcgbarkeit beeinflussen die Auslieferungszahlen CEO Gernot D\u00f6llner: \u201e2024 Teil einer \u00dcbergangsphase hin zu unserem neuen Produktportfolio\u201c Audi lieferte im Jahr 2024 weltweit rund 1,7 Millionen Fahrzeuge aus \u2013 davon mehr als 164.000 vollelektrische Modelle. Gr\u00fcnde f\u00fcr [&hellip;]<\/p>\n","protected":false},"author":1,"featured_media":7417,"comment_status":"closed","ping_status":"open","sticky":false,"template":"","format":"standard","meta":{"jetpack_post_was_ever_published":false,"_jetpack_newsletter_access":"","_jetpack_dont_email_post_to_subs":false,"_jetpack_newsletter_tier_id":0,"_jetpack_memberships_contains_paywalled_content":false,"_jetpack_memberships_contains_paid_content":false,"footnotes":"","jetpack_publicize_message":"","jetpack_publicize_feature_enabled":true,"jetpack_social_post_already_shared":true,"jetpack_social_options":{"image_generator_settings":{"template":"highway","enabled":false},"version":2}},"categories":[16],"tags":[],"class_list":["post-7416","post","type-post","status-publish","format-standard","has-post-thumbnail","hentry","category-audi-ag"],"wppr_data":{"cwp_meta_box_check":"No"},"jetpack_publicize_connections":[],"yoast_head":"<!-- This site is optimized with the Yoast SEO plugin v23.3 - https:\/\/yoast.com\/wordpress\/plugins\/seo\/ -->\n<title>1,7 Millionen Auslieferungen 2024: Audi setzt Modelloffensive konsequent fort - Audi Blog<\/title>\n<meta name=\"robots\" content=\"index, follow, max-snippet:-1, max-image-preview:large, max-video-preview:-1\" \/>\n<link rel=\"canonical\" href=\"https:\/\/www.audi-mediacenter.com\/de\/pressemitteilungen\/17-millionen-auslieferungen-2024-audi-setzt-modelloffensive-konsequent-fort-16469\" \/>\n<meta property=\"og:locale\" content=\"de_DE\" \/>\n<meta property=\"og:type\" content=\"article\" \/>\n<meta property=\"og:title\" content=\"1,7 Millionen Auslieferungen 2024: Audi setzt Modelloffensive konsequent fort - Audi Blog\" \/>\n<meta property=\"og:description\" content=\"Weltweit \u00fcber 164.000 vollelektrische Fahrzeuge \u00fcbergeben Herausfordernde wirtschaftliche Rahmenbedingungen, ein intensives Marktumfeld und eingeschr\u00e4nkte Teileverf\u00fcgbarkeit beeinflussen die Auslieferungszahlen CEO Gernot D\u00f6llner: \u201e2024 Teil einer \u00dcbergangsphase hin zu unserem neuen Produktportfolio\u201c Audi lieferte im Jahr 2024 weltweit rund 1,7 Millionen Fahrzeuge aus \u2013 davon mehr als 164.000 vollelektrische Modelle. Gr\u00fcnde f\u00fcr [&hellip;]\" \/>\n<meta property=\"og:url\" content=\"https:\/\/www.audi-mediacenter.com\/de\/pressemitteilungen\/17-millionen-auslieferungen-2024-audi-setzt-modelloffensive-konsequent-fort-16469\" \/>\n<meta property=\"og:site_name\" content=\"Audi Blog\" \/>\n<meta property=\"article:published_time\" content=\"2025-01-13T10:18:09+00:00\" \/>\n<meta property=\"og:image\" content=\"https:\/\/www.tts-freunde.de\/blog\/wp-content\/uploads\/2025\/01\/A244812_medium-scaled.jpg\" \/>\n\t<meta property=\"og:image:width\" content=\"2560\" \/>\n\t<meta property=\"og:image:height\" content=\"1708\" \/>\n\t<meta property=\"og:image:type\" content=\"image\/jpeg\" \/>\n<meta name=\"author\" content=\"admin\" \/>\n<meta name=\"twitter:card\" content=\"summary_large_image\" \/>\n<meta name=\"twitter:label1\" content=\"Verfasst von\" \/>\n\t<meta name=\"twitter:data1\" content=\"admin\" \/>\n\t<meta name=\"twitter:label2\" content=\"Gesch\u00e4tzte Lesezeit\" \/>\n\t<meta name=\"twitter:data2\" content=\"5\u00a0Minuten\" \/>\n<script type=\"application\/ld+json\" class=\"yoast-schema-graph\">{\"@context\":\"https:\/\/schema.org\",\"@graph\":[{\"@type\":\"Article\",\"@id\":\"https:\/\/www.audi-mediacenter.com\/de\/pressemitteilungen\/17-millionen-auslieferungen-2024-audi-setzt-modelloffensive-konsequent-fort-16469#article\",\"isPartOf\":{\"@id\":\"https:\/\/www.tts-freunde.de\/blog\/2025\/01\/13\/17-millionen-auslieferungen-2024-audi-setzt-modelloffensive-konsequent-fort\/\"},\"author\":{\"name\":\"admin\",\"@id\":\"https:\/\/www.tts-freunde.de\/blog\/#\/schema\/person\/b67f6a54e98f013bd281dbe05514b701\"},\"headline\":\"1,7 Millionen Auslieferungen 2024: Audi setzt Modelloffensive konsequent fort\",\"datePublished\":\"2025-01-13T10:18:09+00:00\",\"dateModified\":\"2025-01-13T10:18:09+00:00\",\"mainEntityOfPage\":{\"@id\":\"https:\/\/www.tts-freunde.de\/blog\/2025\/01\/13\/17-millionen-auslieferungen-2024-audi-setzt-modelloffensive-konsequent-fort\/\"},\"wordCount\":716,\"publisher\":{\"@id\":\"https:\/\/www.tts-freunde.de\/blog\/#organization\"},\"image\":{\"@id\":\"https:\/\/www.audi-mediacenter.com\/de\/pressemitteilungen\/17-millionen-auslieferungen-2024-audi-setzt-modelloffensive-konsequent-fort-16469#primaryimage\"},\"thumbnailUrl\":\"https:\/\/www.tts-freunde.de\/blog\/wp-content\/uploads\/2025\/01\/A244812_medium-scaled.jpg\",\"articleSection\":[\"Audi AG\"],\"inLanguage\":\"de\"},{\"@type\":\"WebPage\",\"@id\":\"https:\/\/www.tts-freunde.de\/blog\/2025\/01\/13\/17-millionen-auslieferungen-2024-audi-setzt-modelloffensive-konsequent-fort\/\",\"url\":\"https:\/\/www.audi-mediacenter.com\/de\/pressemitteilungen\/17-millionen-auslieferungen-2024-audi-setzt-modelloffensive-konsequent-fort-16469\",\"name\":\"1,7 Millionen Auslieferungen 2024: Audi setzt Modelloffensive konsequent fort - Audi Blog\",\"isPartOf\":{\"@id\":\"https:\/\/www.tts-freunde.de\/blog\/#website\"},\"primaryImageOfPage\":{\"@id\":\"https:\/\/www.audi-mediacenter.com\/de\/pressemitteilungen\/17-millionen-auslieferungen-2024-audi-setzt-modelloffensive-konsequent-fort-16469#primaryimage\"},\"image\":{\"@id\":\"https:\/\/www.audi-mediacenter.com\/de\/pressemitteilungen\/17-millionen-auslieferungen-2024-audi-setzt-modelloffensive-konsequent-fort-16469#primaryimage\"},\"thumbnailUrl\":\"https:\/\/www.tts-freunde.de\/blog\/wp-content\/uploads\/2025\/01\/A244812_medium-scaled.jpg\",\"datePublished\":\"2025-01-13T10:18:09+00:00\",\"dateModified\":\"2025-01-13T10:18:09+00:00\",\"breadcrumb\":{\"@id\":\"https:\/\/www.audi-mediacenter.com\/de\/pressemitteilungen\/17-millionen-auslieferungen-2024-audi-setzt-modelloffensive-konsequent-fort-16469#breadcrumb\"},\"inLanguage\":\"de\",\"potentialAction\":[{\"@type\":\"ReadAction\",\"target\":[\"https:\/\/www.audi-mediacenter.com\/de\/pressemitteilungen\/17-millionen-auslieferungen-2024-audi-setzt-modelloffensive-konsequent-fort-16469\"]}]},{\"@type\":\"ImageObject\",\"inLanguage\":\"de\",\"@id\":\"https:\/\/www.audi-mediacenter.com\/de\/pressemitteilungen\/17-millionen-auslieferungen-2024-audi-setzt-modelloffensive-konsequent-fort-16469#primaryimage\",\"url\":\"https:\/\/www.tts-freunde.de\/blog\/wp-content\/uploads\/2025\/01\/A244812_medium-scaled.jpg\",\"contentUrl\":\"https:\/\/www.tts-freunde.de\/blog\/wp-content\/uploads\/2025\/01\/A244812_medium-scaled.jpg\",\"width\":2560,\"height\":1708,\"caption\":\"Audi S5 Avant in the snow\"},{\"@type\":\"BreadcrumbList\",\"@id\":\"https:\/\/www.audi-mediacenter.com\/de\/pressemitteilungen\/17-millionen-auslieferungen-2024-audi-setzt-modelloffensive-konsequent-fort-16469#breadcrumb\",\"itemListElement\":[{\"@type\":\"ListItem\",\"position\":1,\"name\":\"Home\",\"item\":\"https:\/\/www.tts-freunde.de\/blog\/\"},{\"@type\":\"ListItem\",\"position\":2,\"name\":\"1,7 Millionen Auslieferungen 2024: Audi setzt Modelloffensive konsequent fort\"}]},{\"@type\":\"WebSite\",\"@id\":\"https:\/\/www.tts-freunde.de\/blog\/#website\",\"url\":\"https:\/\/www.tts-freunde.de\/blog\/\",\"name\":\"Audi Blog\",\"description\":\"Deutscher Audi Blog - TTS-Freunde\",\"publisher\":{\"@id\":\"https:\/\/www.tts-freunde.de\/blog\/#organization\"},\"potentialAction\":[{\"@type\":\"SearchAction\",\"target\":{\"@type\":\"EntryPoint\",\"urlTemplate\":\"https:\/\/www.tts-freunde.de\/blog\/?s={search_term_string}\"},\"query-input\":\"required name=search_term_string\"}],\"inLanguage\":\"de\"},{\"@type\":\"Organization\",\"@id\":\"https:\/\/www.tts-freunde.de\/blog\/#organization\",\"name\":\"Audi Blog\",\"url\":\"https:\/\/www.tts-freunde.de\/blog\/\",\"logo\":{\"@type\":\"ImageObject\",\"inLanguage\":\"de\",\"@id\":\"https:\/\/www.tts-freunde.de\/blog\/#\/schema\/logo\/image\/\",\"url\":\"https:\/\/www.tts-freunde.de\/blog\/wp-content\/uploads\/2022\/12\/logo_2022.jpg\",\"contentUrl\":\"https:\/\/www.tts-freunde.de\/blog\/wp-content\/uploads\/2022\/12\/logo_2022.jpg\",\"width\":240,\"height\":41,\"caption\":\"Audi Blog\"},\"image\":{\"@id\":\"https:\/\/www.tts-freunde.de\/blog\/#\/schema\/logo\/image\/\"}},{\"@type\":\"Person\",\"@id\":\"https:\/\/www.tts-freunde.de\/blog\/#\/schema\/person\/b67f6a54e98f013bd281dbe05514b701\",\"name\":\"admin\",\"image\":{\"@type\":\"ImageObject\",\"inLanguage\":\"de\",\"@id\":\"https:\/\/www.tts-freunde.de\/blog\/#\/schema\/person\/image\/\",\"url\":\"https:\/\/secure.gravatar.com\/avatar\/08a4bd330e25056ddb430c28136b38a6?s=96&d=mm&r=g\",\"contentUrl\":\"https:\/\/secure.gravatar.com\/avatar\/08a4bd330e25056ddb430c28136b38a6?s=96&d=mm&r=g\",\"caption\":\"admin\"},\"sameAs\":[\"http:\/\/www.tts-freunde.de\"],\"url\":\"https:\/\/www.tts-freunde.de\/blog\/author\/admin\/\"}]}<\/script>\n<!-- \/ Yoast SEO plugin. -->","yoast_head_json":{"title":"1,7 Millionen Auslieferungen 2024: Audi setzt Modelloffensive konsequent fort - Audi Blog","robots":{"index":"index","follow":"follow","max-snippet":"max-snippet:-1","max-image-preview":"max-image-preview:large","max-video-preview":"max-video-preview:-1"},"canonical":"https:\/\/www.audi-mediacenter.com\/de\/pressemitteilungen\/17-millionen-auslieferungen-2024-audi-setzt-modelloffensive-konsequent-fort-16469","og_locale":"de_DE","og_type":"article","og_title":"1,7 Millionen Auslieferungen 2024: Audi setzt Modelloffensive konsequent fort - Audi Blog","og_description":"Weltweit \u00fcber 164.000 vollelektrische Fahrzeuge \u00fcbergeben Herausfordernde wirtschaftliche Rahmenbedingungen, ein intensives Marktumfeld und eingeschr\u00e4nkte Teileverf\u00fcgbarkeit beeinflussen die Auslieferungszahlen CEO Gernot D\u00f6llner: \u201e2024 Teil einer \u00dcbergangsphase hin zu unserem neuen Produktportfolio\u201c Audi lieferte im Jahr 2024 weltweit rund 1,7 Millionen Fahrzeuge aus \u2013 davon mehr als 164.000 vollelektrische Modelle. Gr\u00fcnde f\u00fcr [&hellip;]","og_url":"https:\/\/www.audi-mediacenter.com\/de\/pressemitteilungen\/17-millionen-auslieferungen-2024-audi-setzt-modelloffensive-konsequent-fort-16469","og_site_name":"Audi Blog","article_published_time":"2025-01-13T10:18:09+00:00","og_image":[{"width":2560,"height":1708,"url":"https:\/\/www.tts-freunde.de\/blog\/wp-content\/uploads\/2025\/01\/A244812_medium-scaled.jpg","type":"image\/jpeg"}],"author":"admin","twitter_card":"summary_large_image","twitter_misc":{"Verfasst von":"admin","Gesch\u00e4tzte Lesezeit":"5\u00a0Minuten"},"schema":{"@context":"https:\/\/schema.org","@graph":[{"@type":"Article","@id":"https:\/\/www.audi-mediacenter.com\/de\/pressemitteilungen\/17-millionen-auslieferungen-2024-audi-setzt-modelloffensive-konsequent-fort-16469#article","isPartOf":{"@id":"https:\/\/www.tts-freunde.de\/blog\/2025\/01\/13\/17-millionen-auslieferungen-2024-audi-setzt-modelloffensive-konsequent-fort\/"},"author":{"name":"admin","@id":"https:\/\/www.tts-freunde.de\/blog\/#\/schema\/person\/b67f6a54e98f013bd281dbe05514b701"},"headline":"1,7 Millionen Auslieferungen 2024: Audi setzt Modelloffensive konsequent fort","datePublished":"2025-01-13T10:18:09+00:00","dateModified":"2025-01-13T10:18:09+00:00","mainEntityOfPage":{"@id":"https:\/\/www.tts-freunde.de\/blog\/2025\/01\/13\/17-millionen-auslieferungen-2024-audi-setzt-modelloffensive-konsequent-fort\/"},"wordCount":716,"publisher":{"@id":"https:\/\/www.tts-freunde.de\/blog\/#organization"},"image":{"@id":"https:\/\/www.audi-mediacenter.com\/de\/pressemitteilungen\/17-millionen-auslieferungen-2024-audi-setzt-modelloffensive-konsequent-fort-16469#primaryimage"},"thumbnailUrl":"https:\/\/www.tts-freunde.de\/blog\/wp-content\/uploads\/2025\/01\/A244812_medium-scaled.jpg","articleSection":["Audi AG"],"inLanguage":"de"},{"@type":"WebPage","@id":"https:\/\/www.tts-freunde.de\/blog\/2025\/01\/13\/17-millionen-auslieferungen-2024-audi-setzt-modelloffensive-konsequent-fort\/","url":"https:\/\/www.audi-mediacenter.com\/de\/pressemitteilungen\/17-millionen-auslieferungen-2024-audi-setzt-modelloffensive-konsequent-fort-16469","name":"1,7 Millionen Auslieferungen 2024: Audi setzt Modelloffensive konsequent fort - Audi Blog","isPartOf":{"@id":"https:\/\/www.tts-freunde.de\/blog\/#website"},"primaryImageOfPage":{"@id":"https:\/\/www.audi-mediacenter.com\/de\/pressemitteilungen\/17-millionen-auslieferungen-2024-audi-setzt-modelloffensive-konsequent-fort-16469#primaryimage"},"image":{"@id":"https:\/\/www.audi-mediacenter.com\/de\/pressemitteilungen\/17-millionen-auslieferungen-2024-audi-setzt-modelloffensive-konsequent-fort-16469#primaryimage"},"thumbnailUrl":"https:\/\/www.tts-freunde.de\/blog\/wp-content\/uploads\/2025\/01\/A244812_medium-scaled.jpg","datePublished":"2025-01-13T10:18:09+00:00","dateModified":"2025-01-13T10:18:09+00:00","breadcrumb":{"@id":"https:\/\/www.audi-mediacenter.com\/de\/pressemitteilungen\/17-millionen-auslieferungen-2024-audi-setzt-modelloffensive-konsequent-fort-16469#breadcrumb"},"inLanguage":"de","potentialAction":[{"@type":"ReadAction","target":["https:\/\/www.audi-mediacenter.com\/de\/pressemitteilungen\/17-millionen-auslieferungen-2024-audi-setzt-modelloffensive-konsequent-fort-16469"]}]},{"@type":"ImageObject","inLanguage":"de","@id":"https:\/\/www.audi-mediacenter.com\/de\/pressemitteilungen\/17-millionen-auslieferungen-2024-audi-setzt-modelloffensive-konsequent-fort-16469#primaryimage","url":"https:\/\/www.tts-freunde.de\/blog\/wp-content\/uploads\/2025\/01\/A244812_medium-scaled.jpg","contentUrl":"https:\/\/www.tts-freunde.de\/blog\/wp-content\/uploads\/2025\/01\/A244812_medium-scaled.jpg","width":2560,"height":1708,"caption":"Audi S5 Avant in the snow"},{"@type":"BreadcrumbList","@id":"https:\/\/www.audi-mediacenter.com\/de\/pressemitteilungen\/17-millionen-auslieferungen-2024-audi-setzt-modelloffensive-konsequent-fort-16469#breadcrumb","itemListElement":[{"@type":"ListItem","position":1,"name":"Home","item":"https:\/\/www.tts-freunde.de\/blog\/"},{"@type":"ListItem","position":2,"name":"1,7 Millionen Auslieferungen 2024: Audi setzt Modelloffensive konsequent fort"}]},{"@type":"WebSite","@id":"https:\/\/www.tts-freunde.de\/blog\/#website","url":"https:\/\/www.tts-freunde.de\/blog\/","name":"Audi Blog","description":"Deutscher Audi Blog - TTS-Freunde","publisher":{"@id":"https:\/\/www.tts-freunde.de\/blog\/#organization"},"potentialAction":[{"@type":"SearchAction","target":{"@type":"EntryPoint","urlTemplate":"https:\/\/www.tts-freunde.de\/blog\/?s={search_term_string}"},"query-input":"required name=search_term_string"}],"inLanguage":"de"},{"@type":"Organization","@id":"https:\/\/www.tts-freunde.de\/blog\/#organization","name":"Audi Blog","url":"https:\/\/www.tts-freunde.de\/blog\/","logo":{"@type":"ImageObject","inLanguage":"de","@id":"https:\/\/www.tts-freunde.de\/blog\/#\/schema\/logo\/image\/","url":"https:\/\/www.tts-freunde.de\/blog\/wp-content\/uploads\/2022\/12\/logo_2022.jpg","contentUrl":"https:\/\/www.tts-freunde.de\/blog\/wp-content\/uploads\/2022\/12\/logo_2022.jpg","width":240,"height":41,"caption":"Audi Blog"},"image":{"@id":"https:\/\/www.tts-freunde.de\/blog\/#\/schema\/logo\/image\/"}},{"@type":"Person","@id":"https:\/\/www.tts-freunde.de\/blog\/#\/schema\/person\/b67f6a54e98f013bd281dbe05514b701","name":"admin","image":{"@type":"ImageObject","inLanguage":"de","@id":"https:\/\/www.tts-freunde.de\/blog\/#\/schema\/person\/image\/","url":"https:\/\/secure.gravatar.com\/avatar\/08a4bd330e25056ddb430c28136b38a6?s=96&d=mm&r=g","contentUrl":"https:\/\/secure.gravatar.com\/avatar\/08a4bd330e25056ddb430c28136b38a6?s=96&d=mm&r=g","caption":"admin"},"sameAs":["http:\/\/www.tts-freunde.de"],"url":"https:\/\/www.tts-freunde.de\/blog\/author\/admin\/"}]}},"jetpack_sharing_enabled":true,"jetpack_featured_media_url":"https:\/\/www.tts-freunde.de\/blog\/wp-content\/uploads\/2025\/01\/A244812_medium-scaled.jpg","jetpack_shortlink":"https:\/\/wp.me\/p67hWW-1VC","jetpack_likes_enabled":false,"jetpack-related-posts":[],"_links":{"self":[{"href":"https:\/\/www.tts-freunde.de\/blog\/wp-json\/wp\/v2\/posts\/7416"}],"collection":[{"href":"https:\/\/www.tts-freunde.de\/blog\/wp-json\/wp\/v2\/posts"}],"about":[{"href":"https:\/\/www.tts-freunde.de\/blog\/wp-json\/wp\/v2\/types\/post"}],"author":[{"embeddable":true,"href":"https:\/\/www.tts-freunde.de\/blog\/wp-json\/wp\/v2\/users\/1"}],"replies":[{"embeddable":true,"href":"https:\/\/www.tts-freunde.de\/blog\/wp-json\/wp\/v2\/comments?post=7416"}],"version-history":[{"count":1,"href":"https:\/\/www.tts-freunde.de\/blog\/wp-json\/wp\/v2\/posts\/7416\/revisions"}],"predecessor-version":[{"id":7418,"href":"https:\/\/www.tts-freunde.de\/blog\/wp-json\/wp\/v2\/posts\/7416\/revisions\/7418"}],"wp:featuredmedia":[{"embeddable":true,"href":"https:\/\/www.tts-freunde.de\/blog\/wp-json\/wp\/v2\/media\/7417"}],"wp:attachment":[{"href":"https:\/\/www.tts-freunde.de\/blog\/wp-json\/wp\/v2\/media?parent=7416"}],"wp:term":[{"taxonomy":"category","embeddable":true,"href":"https:\/\/www.tts-freunde.de\/blog\/wp-json\/wp\/v2\/categories?post=7416"},{"taxonomy":"post_tag","embeddable":true,"href":"https:\/\/www.tts-freunde.de\/blog\/wp-json\/wp\/v2\/tags?post=7416"}],"curies":[{"name":"wp","href":"https:\/\/api.w.org\/{rel}","templated":true}]}}