{"id":7457,"date":"2025-02-20T19:57:13","date_gmt":"2025-02-20T18:57:13","guid":{"rendered":"https:\/\/www.tts-freunde.de\/blog\/?p=7457"},"modified":"2025-02-20T19:57:13","modified_gmt":"2025-02-20T18:57:13","slug":"audi-tradition-zeigt-geschichte-von-audi-100-und-a6","status":"publish","type":"post","link":"https:\/\/www.tts-freunde.de\/blog\/2025\/02\/20\/audi-tradition-zeigt-geschichte-von-audi-100-und-a6\/","title":{"rendered":"Audi Tradition zeigt Geschichte von Audi 100 und A6"},"content":{"rendered":"<ul>\n<li>Ausstellung zum Erfolgsmodell im Audi Forum Neckarsulm bis 30. April<\/li>\n<li>Audi 100 erm\u00f6glicht 1968 Aufstieg der Marke in die gehobene Mittelklasse<\/li>\n<\/ul>\n<div class=\"page-row column-width-100\">\n<div class=\"container -narrow\">\n<div class=\"page-item--intro\" id=\"item-c6ccff13-6d59-4d49-b9a4-37e9c3e67898\">\n<div class=\"intro-text\">\n<p>Audi Tradition pr\u00e4sentiert mit einer neuen Ausstellung im Audi Forum Neckarsulm ein besonderes Kapitel in der Geschichte von Audi: den Aufstieg der vier Ringe in die gehobene Mittelklasse mit dem Audi 100. Bis 30. April erwarten die G\u00e4ste im zweiten Obergeschoss des Audi Forum insgesamt 17 Exponate aus acht Modellgenerationen der C-Baureihe, an deren Anfang der Audi 100 von 1968 steht.<\/p>\n<\/div>\n<\/div>\n<\/div>\n<\/div>\n<div class=\"page-row-spacer\">\n<div id=\"attachment_7458\" style=\"width: 760px\" class=\"wp-caption alignleft\"><img loading=\"lazy\" decoding=\"async\" aria-describedby=\"caption-attachment-7458\" data-attachment-id=\"7458\" data-permalink=\"https:\/\/www.tts-freunde.de\/blog\/2025\/02\/20\/audi-tradition-zeigt-geschichte-von-audi-100-und-a6\/audi-tradition-showcases-audi-100-and-a6-history\/\" data-orig-file=\"https:\/\/www.tts-freunde.de\/blog\/wp-content\/uploads\/2025\/02\/A250095_medium-scaled.jpg\" data-orig-size=\"2560,1920\" data-comments-opened=\"0\" data-image-meta=\"{&quot;aperture&quot;:&quot;1.8&quot;,&quot;credit&quot;:&quot;&quot;,&quot;camera&quot;:&quot;iPhone SE (2nd generation)&quot;,&quot;caption&quot;:&quot;A look at the Audi Tradition C model series exhibition at the Audi Forum Neckarsulm: the Audi RS6 Avant GT.&quot;,&quot;created_timestamp&quot;:&quot;1739263139&quot;,&quot;copyright&quot;:&quot;AUDI AG&quot;,&quot;focal_length&quot;:&quot;3.99&quot;,&quot;iso&quot;:&quot;100&quot;,&quot;shutter_speed&quot;:&quot;0.02&quot;,&quot;title&quot;:&quot;Audi Tradition showcases Audi 100 and A6 history&quot;,&quot;orientation&quot;:&quot;1&quot;}\" data-image-title=\"Audi Tradition showcases Audi 100 and A6 history\" data-image-description=\"\" data-image-caption=\"&lt;p&gt;A look at the Audi Tradition C model series exhibition at the Audi Forum Neckarsulm: the Audi RS6 Avant GT.&lt;\/p&gt;\n\" data-medium-file=\"https:\/\/www.tts-freunde.de\/blog\/wp-content\/uploads\/2025\/02\/A250095_medium-300x225.jpg\" data-large-file=\"https:\/\/www.tts-freunde.de\/blog\/wp-content\/uploads\/2025\/02\/A250095_medium-1024x768.jpg\" tabindex=\"0\" role=\"button\" src=\"https:\/\/www.tts-freunde.de\/blog\/wp-content\/uploads\/2025\/02\/A250095_medium-1024x768.jpg\" alt=\"\" width=\"750\" height=\"563\" class=\"size-large wp-image-7458\" srcset=\"https:\/\/www.tts-freunde.de\/blog\/wp-content\/uploads\/2025\/02\/A250095_medium-1024x768.jpg 1024w, https:\/\/www.tts-freunde.de\/blog\/wp-content\/uploads\/2025\/02\/A250095_medium-300x225.jpg 300w, https:\/\/www.tts-freunde.de\/blog\/wp-content\/uploads\/2025\/02\/A250095_medium-768x576.jpg 768w, https:\/\/www.tts-freunde.de\/blog\/wp-content\/uploads\/2025\/02\/A250095_medium-1536x1152.jpg 1536w, https:\/\/www.tts-freunde.de\/blog\/wp-content\/uploads\/2025\/02\/A250095_medium-2048x1536.jpg 2048w, https:\/\/www.tts-freunde.de\/blog\/wp-content\/uploads\/2025\/02\/A250095_medium-50x38.jpg 50w\" sizes=\"(max-width: 750px) 100vw, 750px\" \/><p id=\"caption-attachment-7458\" class=\"wp-caption-text\">A look at the Audi Tradition C model series exhibition at the Audi Forum Neckarsulm: the Audi RS6 Avant GT.<\/p><\/div>\n<\/div>\n<div class=\"page-row column-width-100\">\n<div class=\"container -narrow\">\n<div class=\"page-item--text\" id=\"item-ad823163-47b9-4f48-9389-75593532c791\">\n<div class=\"text-block\">\n<p>F\u00fcnfmal gewinnt der <strong>Audi 100<\/strong> \u00fcber seine vier Modellgenerationen hinweg das \u201eGoldene Lenkrad\u201c, zweimal den Titel \u201eAuto des Jahres\u201c und einmal zeichnen ihn Automobiljournalisten als \u201eWorld Car of the Year\u201c aus. Insgesamt 3,2 Millionen verkaufte Audi 100 unterstreichen den Erfolg der Baureihe. Der Premiere des ersten Audi 100 im Jahr 1968 geht eine spannende Geschichte voraus, schlie\u00dflich beginnt seine Entwicklung im Geheimen. Mitte der 1960er Jahre hatte die Volkswagenwerk AG die Auto Union GmbH \u00fcbernommen und den Ingolst\u00e4dtern neue Entwicklungen untersagt. Die Vorgabe, nur die bestehenden Modelle zu betreuen, ignoriert der damalige technische Direktor der Auto Union, Ludwig Kraus. Er will die Marke Audi, die erst 1965 durch den ersten Audi nach dem Zweiten Weltkrieg wieder eingef\u00fchrt worden war, um ein Mittelklassemodell erg\u00e4nzen. In einer Zeit, als im Ingolst\u00e4dter Werk VW K\u00e4fer vom Band fahren, sieht Kraus darin die einzige \u00dcberlebenschance f\u00fcr eine eigenst\u00e4ndige Auto Union. Sein Mut wird belohnt und er bekommt f\u00fcr seine Audi 100 Studie gr\u00fcnes Licht aus Wolfsburg. 1968 startet die Produktion und binnen k\u00fcrzester Zeit sind die Kapazit\u00e4tsgrenzen in Ingolstadt erreicht. Deshalb wird der Audi 100 ab dem Jahr 1970 im Werk Neckarsulm gefertigt. Schon von der ersten Serie verkauft das Unternehmen 800.000 Autos. Drei weitere Generationen folgen und belegen mit zahlreichen Innovationen \u2013 etwa mit der vollverzinkten Karosserie, einer optimierten Aerodynamik und hocheffizienten Motoren \u2013 den Audi Anspruch \u201eVorsprung durch Technik\u201c.<\/p>\n<p>Seit 1994 schreibt der <strong>Audi A6<\/strong> die Erfolgsgeschichte des Audi 100 fort. In der Ausstellung sind neun Varianten des Audi 100 und acht des Audi A6 zu sehen. Ein Audi <span class=\"nowrap\">RS 6<\/span> Avant GT<sup consumption-data=\"Audi &lt;span class=&quot;nowrap&quot;&gt;RS 6&lt;\/span&gt; Avant GT: Kraftstoffverbrauch kombiniert in l\/100 km: 12,7-12,2; CO&lt;sub&gt;2&lt;\/sub&gt;-Emissionen kombiniert in g\/km: 289-277\" class=\"inline-consumption-data up-can-clean\" style=\"box-sizing: border-box; font-size: 0.583em; vertical-align: middle; position: relative; top: -0.4em;\">1<\/sup>\u00a0aus dem Jahr 2024 macht den Abschluss. Kurator Stefan Felber zufolge zeichnet jedes der 17 Exponate ein besonderes Merkmal aus. So lernt das Publikum neben dem \u201eErsten\u201c, der die Ahnenreihe begr\u00fcndet hat, unter anderem einen Weltenbummler, ein Raumwunder, einen Langen, einen Schr\u00e4gen, einen Vernetzten und einen Maximalen kennen \u2013 letzterer ist jener <a href=\"https:\/\/www.audi-mediacenter.com\/de\/pressemitteilungen\/wenn-ein-modell-sein-maximum-erreichtder-neue-audi-rs-6-avant-gt-15853?node=33752\" target=\"_blank\" rel=\"noopener nofollow\">Audi <span class=\"nowrap\">RS 6<\/span> Avant GT<\/a>, der die inzwischen fast 60-j\u00e4hrige Geschichte der Baureihe in der Ausstellung beschlie\u00dft. Aber bekannterma\u00dfen geht es ja bald weiter mit der dann neunten Generation des Erfolgsmodells \u2013 am 4. M\u00e4rz um 14 Uhr feiert der neue Audi A6 Avant seine Weltpremiere\u2026<\/p>\n<p><strong>Audi Forum Neckarsulm<br \/>\n<\/strong>\u00d6ffnungszeiten: montags bis freitags, 8 bis 16 Uhr, Eintritt frei; F\u00fchrungen durch die Ausstellung werden angeboten. Samstags, sonntags und an Feiertagen ist das Audi Forum Neckarsulm geschlossen. Weitere Infos unter <a href=\"https:\/\/www.audi.de\/audi-forum-neckarsulm\/de\/\">G\u00e4steservice | Audi Forum Neckarsulm<\/a>.<\/p>\n<\/div>\n<\/div>\n<\/div>\n<\/div>\n","protected":false},"excerpt":{"rendered":"<p>Ausstellung zum Erfolgsmodell im Audi Forum Neckarsulm bis 30. April Audi 100 erm\u00f6glicht 1968 Aufstieg der Marke in die gehobene Mittelklasse Audi Tradition pr\u00e4sentiert mit einer neuen Ausstellung im Audi Forum Neckarsulm ein besonderes Kapitel in der Geschichte von Audi: den Aufstieg der vier Ringe in die gehobene Mittelklasse mit [&hellip;]<\/p>\n","protected":false},"author":1,"featured_media":7458,"comment_status":"closed","ping_status":"open","sticky":false,"template":"","format":"standard","meta":{"jetpack_post_was_ever_published":false,"_jetpack_newsletter_access":"","_jetpack_dont_email_post_to_subs":false,"_jetpack_newsletter_tier_id":0,"_jetpack_memberships_contains_paywalled_content":false,"_jetpack_memberships_contains_paid_content":false,"footnotes":"","jetpack_publicize_message":"","jetpack_publicize_feature_enabled":true,"jetpack_social_post_already_shared":true,"jetpack_social_options":{"image_generator_settings":{"template":"highway","enabled":false},"version":2}},"categories":[10],"tags":[],"class_list":["post-7457","post","type-post","status-publish","format-standard","has-post-thumbnail","hentry","category-a6-s6-rs6"],"wppr_data":{"cwp_meta_box_check":"No"},"jetpack_publicize_connections":[],"yoast_head":"<!-- This site is optimized with the Yoast SEO plugin v23.3 - https:\/\/yoast.com\/wordpress\/plugins\/seo\/ -->\n<title>Audi Tradition zeigt Geschichte von Audi 100 und A6 - Audi Blog<\/title>\n<meta name=\"robots\" content=\"index, follow, max-snippet:-1, max-image-preview:large, max-video-preview:-1\" \/>\n<link rel=\"canonical\" href=\"https:\/\/www.audi-mediacenter.com\/de\/pressemitteilungen\/audi-tradition-zeigt-geschichte-von-audi-100-und-a6-16486\" \/>\n<meta property=\"og:locale\" content=\"de_DE\" \/>\n<meta property=\"og:type\" content=\"article\" \/>\n<meta property=\"og:title\" content=\"Audi Tradition zeigt Geschichte von Audi 100 und A6 - Audi Blog\" \/>\n<meta property=\"og:description\" content=\"Ausstellung zum Erfolgsmodell im Audi Forum Neckarsulm bis 30. April Audi 100 erm\u00f6glicht 1968 Aufstieg der Marke in die gehobene Mittelklasse Audi Tradition pr\u00e4sentiert mit einer neuen Ausstellung im Audi Forum Neckarsulm ein besonderes Kapitel in der Geschichte von Audi: den Aufstieg der vier Ringe in die gehobene Mittelklasse mit [&hellip;]\" \/>\n<meta property=\"og:url\" content=\"https:\/\/www.audi-mediacenter.com\/de\/pressemitteilungen\/audi-tradition-zeigt-geschichte-von-audi-100-und-a6-16486\" \/>\n<meta property=\"og:site_name\" content=\"Audi Blog\" \/>\n<meta property=\"article:published_time\" content=\"2025-02-20T18:57:13+00:00\" \/>\n<meta property=\"og:image\" content=\"https:\/\/www.tts-freunde.de\/blog\/wp-content\/uploads\/2025\/02\/A250095_medium-scaled.jpg\" \/>\n\t<meta property=\"og:image:width\" content=\"2560\" \/>\n\t<meta property=\"og:image:height\" content=\"1920\" \/>\n\t<meta property=\"og:image:type\" content=\"image\/jpeg\" \/>\n<meta name=\"author\" content=\"admin\" \/>\n<meta name=\"twitter:card\" content=\"summary_large_image\" \/>\n<meta name=\"twitter:label1\" content=\"Verfasst von\" \/>\n\t<meta name=\"twitter:data1\" content=\"admin\" \/>\n\t<meta name=\"twitter:label2\" content=\"Gesch\u00e4tzte Lesezeit\" \/>\n\t<meta name=\"twitter:data2\" content=\"4\u00a0Minuten\" \/>\n<script type=\"application\/ld+json\" class=\"yoast-schema-graph\">{\"@context\":\"https:\/\/schema.org\",\"@graph\":[{\"@type\":\"Article\",\"@id\":\"https:\/\/www.audi-mediacenter.com\/de\/pressemitteilungen\/audi-tradition-zeigt-geschichte-von-audi-100-und-a6-16486#article\",\"isPartOf\":{\"@id\":\"https:\/\/www.tts-freunde.de\/blog\/2025\/02\/20\/audi-tradition-zeigt-geschichte-von-audi-100-und-a6\/\"},\"author\":{\"name\":\"admin\",\"@id\":\"https:\/\/www.tts-freunde.de\/blog\/#\/schema\/person\/b67f6a54e98f013bd281dbe05514b701\"},\"headline\":\"Audi Tradition zeigt Geschichte von Audi 100 und A6\",\"datePublished\":\"2025-02-20T18:57:13+00:00\",\"dateModified\":\"2025-02-20T18:57:13+00:00\",\"mainEntityOfPage\":{\"@id\":\"https:\/\/www.tts-freunde.de\/blog\/2025\/02\/20\/audi-tradition-zeigt-geschichte-von-audi-100-und-a6\/\"},\"wordCount\":503,\"publisher\":{\"@id\":\"https:\/\/www.tts-freunde.de\/blog\/#organization\"},\"image\":{\"@id\":\"https:\/\/www.audi-mediacenter.com\/de\/pressemitteilungen\/audi-tradition-zeigt-geschichte-von-audi-100-und-a6-16486#primaryimage\"},\"thumbnailUrl\":\"https:\/\/www.tts-freunde.de\/blog\/wp-content\/uploads\/2025\/02\/A250095_medium-scaled.jpg\",\"articleSection\":[\"A6 - S6 - RS6\"],\"inLanguage\":\"de\"},{\"@type\":\"WebPage\",\"@id\":\"https:\/\/www.tts-freunde.de\/blog\/2025\/02\/20\/audi-tradition-zeigt-geschichte-von-audi-100-und-a6\/\",\"url\":\"https:\/\/www.audi-mediacenter.com\/de\/pressemitteilungen\/audi-tradition-zeigt-geschichte-von-audi-100-und-a6-16486\",\"name\":\"Audi Tradition zeigt Geschichte von Audi 100 und A6 - Audi Blog\",\"isPartOf\":{\"@id\":\"https:\/\/www.tts-freunde.de\/blog\/#website\"},\"primaryImageOfPage\":{\"@id\":\"https:\/\/www.audi-mediacenter.com\/de\/pressemitteilungen\/audi-tradition-zeigt-geschichte-von-audi-100-und-a6-16486#primaryimage\"},\"image\":{\"@id\":\"https:\/\/www.audi-mediacenter.com\/de\/pressemitteilungen\/audi-tradition-zeigt-geschichte-von-audi-100-und-a6-16486#primaryimage\"},\"thumbnailUrl\":\"https:\/\/www.tts-freunde.de\/blog\/wp-content\/uploads\/2025\/02\/A250095_medium-scaled.jpg\",\"datePublished\":\"2025-02-20T18:57:13+00:00\",\"dateModified\":\"2025-02-20T18:57:13+00:00\",\"breadcrumb\":{\"@id\":\"https:\/\/www.audi-mediacenter.com\/de\/pressemitteilungen\/audi-tradition-zeigt-geschichte-von-audi-100-und-a6-16486#breadcrumb\"},\"inLanguage\":\"de\",\"potentialAction\":[{\"@type\":\"ReadAction\",\"target\":[\"https:\/\/www.audi-mediacenter.com\/de\/pressemitteilungen\/audi-tradition-zeigt-geschichte-von-audi-100-und-a6-16486\"]}]},{\"@type\":\"ImageObject\",\"inLanguage\":\"de\",\"@id\":\"https:\/\/www.audi-mediacenter.com\/de\/pressemitteilungen\/audi-tradition-zeigt-geschichte-von-audi-100-und-a6-16486#primaryimage\",\"url\":\"https:\/\/www.tts-freunde.de\/blog\/wp-content\/uploads\/2025\/02\/A250095_medium-scaled.jpg\",\"contentUrl\":\"https:\/\/www.tts-freunde.de\/blog\/wp-content\/uploads\/2025\/02\/A250095_medium-scaled.jpg\",\"width\":2560,\"height\":1920,\"caption\":\"A look at the Audi Tradition C model series exhibition at the Audi Forum Neckarsulm: the Audi RS6 Avant GT.\"},{\"@type\":\"BreadcrumbList\",\"@id\":\"https:\/\/www.audi-mediacenter.com\/de\/pressemitteilungen\/audi-tradition-zeigt-geschichte-von-audi-100-und-a6-16486#breadcrumb\",\"itemListElement\":[{\"@type\":\"ListItem\",\"position\":1,\"name\":\"Home\",\"item\":\"https:\/\/www.tts-freunde.de\/blog\/\"},{\"@type\":\"ListItem\",\"position\":2,\"name\":\"Audi Tradition zeigt Geschichte von Audi 100 und A6\"}]},{\"@type\":\"WebSite\",\"@id\":\"https:\/\/www.tts-freunde.de\/blog\/#website\",\"url\":\"https:\/\/www.tts-freunde.de\/blog\/\",\"name\":\"Audi Blog\",\"description\":\"Deutscher Audi Blog - TTS-Freunde\",\"publisher\":{\"@id\":\"https:\/\/www.tts-freunde.de\/blog\/#organization\"},\"potentialAction\":[{\"@type\":\"SearchAction\",\"target\":{\"@type\":\"EntryPoint\",\"urlTemplate\":\"https:\/\/www.tts-freunde.de\/blog\/?s={search_term_string}\"},\"query-input\":\"required name=search_term_string\"}],\"inLanguage\":\"de\"},{\"@type\":\"Organization\",\"@id\":\"https:\/\/www.tts-freunde.de\/blog\/#organization\",\"name\":\"Audi Blog\",\"url\":\"https:\/\/www.tts-freunde.de\/blog\/\",\"logo\":{\"@type\":\"ImageObject\",\"inLanguage\":\"de\",\"@id\":\"https:\/\/www.tts-freunde.de\/blog\/#\/schema\/logo\/image\/\",\"url\":\"https:\/\/www.tts-freunde.de\/blog\/wp-content\/uploads\/2022\/12\/logo_2022.jpg\",\"contentUrl\":\"https:\/\/www.tts-freunde.de\/blog\/wp-content\/uploads\/2022\/12\/logo_2022.jpg\",\"width\":240,\"height\":41,\"caption\":\"Audi Blog\"},\"image\":{\"@id\":\"https:\/\/www.tts-freunde.de\/blog\/#\/schema\/logo\/image\/\"}},{\"@type\":\"Person\",\"@id\":\"https:\/\/www.tts-freunde.de\/blog\/#\/schema\/person\/b67f6a54e98f013bd281dbe05514b701\",\"name\":\"admin\",\"image\":{\"@type\":\"ImageObject\",\"inLanguage\":\"de\",\"@id\":\"https:\/\/www.tts-freunde.de\/blog\/#\/schema\/person\/image\/\",\"url\":\"https:\/\/secure.gravatar.com\/avatar\/08a4bd330e25056ddb430c28136b38a6?s=96&d=mm&r=g\",\"contentUrl\":\"https:\/\/secure.gravatar.com\/avatar\/08a4bd330e25056ddb430c28136b38a6?s=96&d=mm&r=g\",\"caption\":\"admin\"},\"sameAs\":[\"http:\/\/www.tts-freunde.de\"],\"url\":\"https:\/\/www.tts-freunde.de\/blog\/author\/admin\/\"}]}<\/script>\n<!-- \/ Yoast SEO plugin. -->","yoast_head_json":{"title":"Audi Tradition zeigt Geschichte von Audi 100 und A6 - Audi Blog","robots":{"index":"index","follow":"follow","max-snippet":"max-snippet:-1","max-image-preview":"max-image-preview:large","max-video-preview":"max-video-preview:-1"},"canonical":"https:\/\/www.audi-mediacenter.com\/de\/pressemitteilungen\/audi-tradition-zeigt-geschichte-von-audi-100-und-a6-16486","og_locale":"de_DE","og_type":"article","og_title":"Audi Tradition zeigt Geschichte von Audi 100 und A6 - Audi Blog","og_description":"Ausstellung zum Erfolgsmodell im Audi Forum Neckarsulm bis 30. April Audi 100 erm\u00f6glicht 1968 Aufstieg der Marke in die gehobene Mittelklasse Audi Tradition pr\u00e4sentiert mit einer neuen Ausstellung im Audi Forum Neckarsulm ein besonderes Kapitel in der Geschichte von Audi: den Aufstieg der vier Ringe in die gehobene Mittelklasse mit [&hellip;]","og_url":"https:\/\/www.audi-mediacenter.com\/de\/pressemitteilungen\/audi-tradition-zeigt-geschichte-von-audi-100-und-a6-16486","og_site_name":"Audi Blog","article_published_time":"2025-02-20T18:57:13+00:00","og_image":[{"width":2560,"height":1920,"url":"https:\/\/www.tts-freunde.de\/blog\/wp-content\/uploads\/2025\/02\/A250095_medium-scaled.jpg","type":"image\/jpeg"}],"author":"admin","twitter_card":"summary_large_image","twitter_misc":{"Verfasst von":"admin","Gesch\u00e4tzte Lesezeit":"4\u00a0Minuten"},"schema":{"@context":"https:\/\/schema.org","@graph":[{"@type":"Article","@id":"https:\/\/www.audi-mediacenter.com\/de\/pressemitteilungen\/audi-tradition-zeigt-geschichte-von-audi-100-und-a6-16486#article","isPartOf":{"@id":"https:\/\/www.tts-freunde.de\/blog\/2025\/02\/20\/audi-tradition-zeigt-geschichte-von-audi-100-und-a6\/"},"author":{"name":"admin","@id":"https:\/\/www.tts-freunde.de\/blog\/#\/schema\/person\/b67f6a54e98f013bd281dbe05514b701"},"headline":"Audi Tradition zeigt Geschichte von Audi 100 und A6","datePublished":"2025-02-20T18:57:13+00:00","dateModified":"2025-02-20T18:57:13+00:00","mainEntityOfPage":{"@id":"https:\/\/www.tts-freunde.de\/blog\/2025\/02\/20\/audi-tradition-zeigt-geschichte-von-audi-100-und-a6\/"},"wordCount":503,"publisher":{"@id":"https:\/\/www.tts-freunde.de\/blog\/#organization"},"image":{"@id":"https:\/\/www.audi-mediacenter.com\/de\/pressemitteilungen\/audi-tradition-zeigt-geschichte-von-audi-100-und-a6-16486#primaryimage"},"thumbnailUrl":"https:\/\/www.tts-freunde.de\/blog\/wp-content\/uploads\/2025\/02\/A250095_medium-scaled.jpg","articleSection":["A6 - S6 - RS6"],"inLanguage":"de"},{"@type":"WebPage","@id":"https:\/\/www.tts-freunde.de\/blog\/2025\/02\/20\/audi-tradition-zeigt-geschichte-von-audi-100-und-a6\/","url":"https:\/\/www.audi-mediacenter.com\/de\/pressemitteilungen\/audi-tradition-zeigt-geschichte-von-audi-100-und-a6-16486","name":"Audi Tradition zeigt Geschichte von Audi 100 und A6 - Audi Blog","isPartOf":{"@id":"https:\/\/www.tts-freunde.de\/blog\/#website"},"primaryImageOfPage":{"@id":"https:\/\/www.audi-mediacenter.com\/de\/pressemitteilungen\/audi-tradition-zeigt-geschichte-von-audi-100-und-a6-16486#primaryimage"},"image":{"@id":"https:\/\/www.audi-mediacenter.com\/de\/pressemitteilungen\/audi-tradition-zeigt-geschichte-von-audi-100-und-a6-16486#primaryimage"},"thumbnailUrl":"https:\/\/www.tts-freunde.de\/blog\/wp-content\/uploads\/2025\/02\/A250095_medium-scaled.jpg","datePublished":"2025-02-20T18:57:13+00:00","dateModified":"2025-02-20T18:57:13+00:00","breadcrumb":{"@id":"https:\/\/www.audi-mediacenter.com\/de\/pressemitteilungen\/audi-tradition-zeigt-geschichte-von-audi-100-und-a6-16486#breadcrumb"},"inLanguage":"de","potentialAction":[{"@type":"ReadAction","target":["https:\/\/www.audi-mediacenter.com\/de\/pressemitteilungen\/audi-tradition-zeigt-geschichte-von-audi-100-und-a6-16486"]}]},{"@type":"ImageObject","inLanguage":"de","@id":"https:\/\/www.audi-mediacenter.com\/de\/pressemitteilungen\/audi-tradition-zeigt-geschichte-von-audi-100-und-a6-16486#primaryimage","url":"https:\/\/www.tts-freunde.de\/blog\/wp-content\/uploads\/2025\/02\/A250095_medium-scaled.jpg","contentUrl":"https:\/\/www.tts-freunde.de\/blog\/wp-content\/uploads\/2025\/02\/A250095_medium-scaled.jpg","width":2560,"height":1920,"caption":"A look at the Audi Tradition C model series exhibition at the Audi Forum Neckarsulm: the Audi RS6 Avant GT."},{"@type":"BreadcrumbList","@id":"https:\/\/www.audi-mediacenter.com\/de\/pressemitteilungen\/audi-tradition-zeigt-geschichte-von-audi-100-und-a6-16486#breadcrumb","itemListElement":[{"@type":"ListItem","position":1,"name":"Home","item":"https:\/\/www.tts-freunde.de\/blog\/"},{"@type":"ListItem","position":2,"name":"Audi Tradition zeigt Geschichte von Audi 100 und A6"}]},{"@type":"WebSite","@id":"https:\/\/www.tts-freunde.de\/blog\/#website","url":"https:\/\/www.tts-freunde.de\/blog\/","name":"Audi Blog","description":"Deutscher Audi Blog - TTS-Freunde","publisher":{"@id":"https:\/\/www.tts-freunde.de\/blog\/#organization"},"potentialAction":[{"@type":"SearchAction","target":{"@type":"EntryPoint","urlTemplate":"https:\/\/www.tts-freunde.de\/blog\/?s={search_term_string}"},"query-input":"required name=search_term_string"}],"inLanguage":"de"},{"@type":"Organization","@id":"https:\/\/www.tts-freunde.de\/blog\/#organization","name":"Audi Blog","url":"https:\/\/www.tts-freunde.de\/blog\/","logo":{"@type":"ImageObject","inLanguage":"de","@id":"https:\/\/www.tts-freunde.de\/blog\/#\/schema\/logo\/image\/","url":"https:\/\/www.tts-freunde.de\/blog\/wp-content\/uploads\/2022\/12\/logo_2022.jpg","contentUrl":"https:\/\/www.tts-freunde.de\/blog\/wp-content\/uploads\/2022\/12\/logo_2022.jpg","width":240,"height":41,"caption":"Audi Blog"},"image":{"@id":"https:\/\/www.tts-freunde.de\/blog\/#\/schema\/logo\/image\/"}},{"@type":"Person","@id":"https:\/\/www.tts-freunde.de\/blog\/#\/schema\/person\/b67f6a54e98f013bd281dbe05514b701","name":"admin","image":{"@type":"ImageObject","inLanguage":"de","@id":"https:\/\/www.tts-freunde.de\/blog\/#\/schema\/person\/image\/","url":"https:\/\/secure.gravatar.com\/avatar\/08a4bd330e25056ddb430c28136b38a6?s=96&d=mm&r=g","contentUrl":"https:\/\/secure.gravatar.com\/avatar\/08a4bd330e25056ddb430c28136b38a6?s=96&d=mm&r=g","caption":"admin"},"sameAs":["http:\/\/www.tts-freunde.de"],"url":"https:\/\/www.tts-freunde.de\/blog\/author\/admin\/"}]}},"jetpack_sharing_enabled":true,"jetpack_featured_media_url":"https:\/\/www.tts-freunde.de\/blog\/wp-content\/uploads\/2025\/02\/A250095_medium-scaled.jpg","jetpack_shortlink":"https:\/\/wp.me\/p67hWW-1Wh","jetpack_likes_enabled":false,"jetpack-related-posts":[],"_links":{"self":[{"href":"https:\/\/www.tts-freunde.de\/blog\/wp-json\/wp\/v2\/posts\/7457"}],"collection":[{"href":"https:\/\/www.tts-freunde.de\/blog\/wp-json\/wp\/v2\/posts"}],"about":[{"href":"https:\/\/www.tts-freunde.de\/blog\/wp-json\/wp\/v2\/types\/post"}],"author":[{"embeddable":true,"href":"https:\/\/www.tts-freunde.de\/blog\/wp-json\/wp\/v2\/users\/1"}],"replies":[{"embeddable":true,"href":"https:\/\/www.tts-freunde.de\/blog\/wp-json\/wp\/v2\/comments?post=7457"}],"version-history":[{"count":1,"href":"https:\/\/www.tts-freunde.de\/blog\/wp-json\/wp\/v2\/posts\/7457\/revisions"}],"predecessor-version":[{"id":7459,"href":"https:\/\/www.tts-freunde.de\/blog\/wp-json\/wp\/v2\/posts\/7457\/revisions\/7459"}],"wp:featuredmedia":[{"embeddable":true,"href":"https:\/\/www.tts-freunde.de\/blog\/wp-json\/wp\/v2\/media\/7458"}],"wp:attachment":[{"href":"https:\/\/www.tts-freunde.de\/blog\/wp-json\/wp\/v2\/media?parent=7457"}],"wp:term":[{"taxonomy":"category","embeddable":true,"href":"https:\/\/www.tts-freunde.de\/blog\/wp-json\/wp\/v2\/categories?post=7457"},{"taxonomy":"post_tag","embeddable":true,"href":"https:\/\/www.tts-freunde.de\/blog\/wp-json\/wp\/v2\/tags?post=7457"}],"curies":[{"name":"wp","href":"https:\/\/api.w.org\/{rel}","templated":true}]}}