{"id":7661,"date":"2026-01-20T19:06:42","date_gmt":"2026-01-20T18:06:42","guid":{"rendered":"https:\/\/www.tts-freunde.de\/blog\/?p=7661"},"modified":"2026-01-20T19:06:42","modified_gmt":"2026-01-20T18:06:42","slug":"praesentation-des-audi-revolut-f1-teams-im-livestream","status":"publish","type":"post","link":"https:\/\/www.tts-freunde.de\/blog\/2026\/01\/20\/praesentation-des-audi-revolut-f1-teams-im-livestream\/","title":{"rendered":"Pr\u00e4sentation des Audi Revolut F1 Teams im Livestream"},"content":{"rendered":"<ul>\n<li>Beginn einer neuen \u00c4ra f\u00fcr Audi im Motorsport<\/li>\n<li>Team Launch Event in Berlin heute Abend ab 19 Uhr live auf audif1.com<\/li>\n<li>Fotos und Bewegtbildmaterial im neuen Content Hub des Teams<\/li>\n<\/ul>\n<div class=\"page-row column-width-100\">\n<div class=\"container -narrow\">\n<div class=\"page-item--intro\" id=\"item-6a42be2e-0f2d-40df-8194-1417ebdb3020\">\n<div class=\"intro-text\">\n<p>Beginn einer neuen \u00c4ra f\u00fcr Audi: Der Einstieg in die Formel 1 mit einem eigenen Werksteam ist ein strategisches Leuchtturmprojekt. Es begleitet die technologische, kulturelle und unternehmerische Neuausrichtung der Marke und soll neue Zielgruppen begeistern. Die Team-Pr\u00e4sentation in Berlin ist f\u00fcr das Unternehmen ein weiterer bedeutender Meilenstein auf dem Weg in die K\u00f6nigsklasse des Motorsports.<\/p>\n<\/div>\n<\/div>\n<\/div>\n<\/div>\n<div class=\"page-row-spacer\">\n<div id=\"attachment_7644\" style=\"width: 760px\" class=\"wp-caption alignleft\"><img loading=\"lazy\" decoding=\"async\" aria-describedby=\"caption-attachment-7644\" data-attachment-id=\"7644\" data-permalink=\"https:\/\/www.tts-freunde.de\/blog\/2025\/11\/13\/audi-enthuellt-design-fuer-die-formel-1\/audi-r26-concept\/\" data-orig-file=\"https:\/\/www.tts-freunde.de\/blog\/wp-content\/uploads\/2025\/11\/A251783_medium-scaled.jpg\" data-orig-size=\"2560,1391\" data-comments-opened=\"0\" data-image-meta=\"{&quot;aperture&quot;:&quot;11&quot;,&quot;credit&quot;:&quot;&quot;,&quot;camera&quot;:&quot;ILCE-1&quot;,&quot;caption&quot;:&quot;Indoor studio shot, exterior, side view&quot;,&quot;created_timestamp&quot;:&quot;1760194485&quot;,&quot;copyright&quot;:&quot;AUDI AG&quot;,&quot;focal_length&quot;:&quot;250&quot;,&quot;iso&quot;:&quot;250&quot;,&quot;shutter_speed&quot;:&quot;0.008&quot;,&quot;title&quot;:&quot;Audi R26 Concept&quot;,&quot;orientation&quot;:&quot;1&quot;}\" data-image-title=\"Audi R26 Concept\" data-image-description=\"\" data-image-caption=\"&lt;p&gt;Indoor studio shot, exterior, side view&lt;\/p&gt;\n\" data-medium-file=\"https:\/\/www.tts-freunde.de\/blog\/wp-content\/uploads\/2025\/11\/A251783_medium-300x163.jpg\" data-large-file=\"https:\/\/www.tts-freunde.de\/blog\/wp-content\/uploads\/2025\/11\/A251783_medium-1024x556.jpg\" tabindex=\"0\" role=\"button\" src=\"https:\/\/www.tts-freunde.de\/blog\/wp-content\/uploads\/2025\/11\/A251783_medium-1024x556.jpg\" alt=\"\" width=\"750\" height=\"407\" class=\"size-large wp-image-7644\" srcset=\"https:\/\/www.tts-freunde.de\/blog\/wp-content\/uploads\/2025\/11\/A251783_medium-1024x556.jpg 1024w, https:\/\/www.tts-freunde.de\/blog\/wp-content\/uploads\/2025\/11\/A251783_medium-300x163.jpg 300w, https:\/\/www.tts-freunde.de\/blog\/wp-content\/uploads\/2025\/11\/A251783_medium-768x417.jpg 768w, https:\/\/www.tts-freunde.de\/blog\/wp-content\/uploads\/2025\/11\/A251783_medium-1536x835.jpg 1536w, https:\/\/www.tts-freunde.de\/blog\/wp-content\/uploads\/2025\/11\/A251783_medium-2048x1113.jpg 2048w, https:\/\/www.tts-freunde.de\/blog\/wp-content\/uploads\/2025\/11\/A251783_medium-50x27.jpg 50w\" sizes=\"(max-width: 750px) 100vw, 750px\" \/><p id=\"caption-attachment-7644\" class=\"wp-caption-text\">Indoor studio shot, exterior, side view<\/p><\/div>\n<\/div>\n<div class=\"page-row column-width-100\">\n<div class=\"container -narrow\">\n<div class=\"page-item--text\" id=\"item-086d4179-e04c-4aa1-8010-7d2b5c6bd093\">\n<div class=\"text-block\">\n<p>Das Audi Revolut F1 Team mit seinen beiden Fahrern Gabriel Bortoleto und Nico H\u00fclkenberg wird heute Abend (20. Januar) offiziell vorgestellt. Fans auf der ganzen Welt k\u00f6nnen die Pr\u00e4sentation ab 19:00 Uhr (MEZ) im Livestream auf der Teamwebsite\u00a0<a href=\"https:\/\/www.audif1.com\/\" target=\"_blank\" rel=\"noopener nofollow\">audif1.com<\/a>\u00a0verfolgen und mehr \u00fcber den Auftritt von Audi in der Formel 1 erfahren.<\/p>\n<p>Audi CEO Gernot D\u00f6llner, Team Principal Jonathan Wheatley und Mattia Binotto, Head of Audi F1 Project, werden den visuellen Auftritt des Teams pr\u00e4sentieren und die Rennlackierung f\u00fcr die Premierensaison von Audi in der Formel 1 enth\u00fcllen.<\/p>\n<p><strong>Audi Revolut F1 Team Content Hub<\/strong><\/p>\n<p>Fotos und Bewegtbildmaterial sind nach der Pr\u00e4sentation im neuen <a href=\"https:\/\/contenthub.audif1.com\/\" target=\"_blank\" rel=\"noopener nofollow\">Content Hub<\/a> des Audi Revolut F1 Teams verf\u00fcgbar. Er dient als zentrale Anlaufstelle f\u00fcr exklusive Team-Inhalte, darunter Nachrichten, Einblicke und regelm\u00e4\u00dfige Updates rund um die Rennwochenenden. Medienvertreter k\u00f6nnen sich registrieren, um in den Verteiler aufgenommen zu werden und zuk\u00fcnftige MediaInfos sowie Updates zu erhalten:<br \/>\n<a href=\"https:\/\/contenthub.audif1.com\/\" target=\"_blank\" rel=\"noopener nofollow\">contenthub.audif1.com<\/a><\/p>\n<\/div>\n<\/div>\n<\/div>\n<\/div>\n","protected":false},"excerpt":{"rendered":"<p>Beginn einer neuen \u00c4ra f\u00fcr Audi im Motorsport Team Launch Event in Berlin heute Abend ab 19 Uhr live auf audif1.com Fotos und Bewegtbildmaterial im neuen Content Hub des Teams Beginn einer neuen \u00c4ra f\u00fcr Audi: Der Einstieg in die Formel 1 mit einem eigenen Werksteam ist ein strategisches Leuchtturmprojekt. [&hellip;]<\/p>\n","protected":false},"author":1,"featured_media":7644,"comment_status":"closed","ping_status":"open","sticky":false,"template":"","format":"standard","meta":{"jetpack_post_was_ever_published":false,"_jetpack_newsletter_access":"","_jetpack_dont_email_post_to_subs":false,"_jetpack_newsletter_tier_id":0,"_jetpack_memberships_contains_paywalled_content":false,"_jetpack_memberships_contains_paid_content":false,"footnotes":"","jetpack_publicize_message":"","jetpack_publicize_feature_enabled":true,"jetpack_social_post_already_shared":true,"jetpack_social_options":{"image_generator_settings":{"template":"highway","enabled":false},"version":2}},"categories":[17],"tags":[],"class_list":["post-7661","post","type-post","status-publish","format-standard","has-post-thumbnail","hentry","category-audi-motorsport"],"wppr_data":{"cwp_meta_box_check":"No"},"jetpack_publicize_connections":[],"yoast_head":"<!-- This site is optimized with the Yoast SEO plugin v23.3 - https:\/\/yoast.com\/wordpress\/plugins\/seo\/ -->\n<title>Pr\u00e4sentation des Audi Revolut F1 Teams im Livestream - Audi Blog<\/title>\n<meta name=\"robots\" content=\"index, follow, max-snippet:-1, max-image-preview:large, max-video-preview:-1\" \/>\n<link rel=\"canonical\" href=\"https:\/\/www.audi-mediacenter.com\/de\/pressemitteilungen\/praesentation-des-audi-revolut-f1-teams-im-livestream-16994\" \/>\n<meta property=\"og:locale\" content=\"de_DE\" \/>\n<meta property=\"og:type\" content=\"article\" \/>\n<meta property=\"og:title\" content=\"Pr\u00e4sentation des Audi Revolut F1 Teams im Livestream - Audi Blog\" \/>\n<meta property=\"og:description\" content=\"Beginn einer neuen \u00c4ra f\u00fcr Audi im Motorsport Team Launch Event in Berlin heute Abend ab 19 Uhr live auf audif1.com Fotos und Bewegtbildmaterial im neuen Content Hub des Teams Beginn einer neuen \u00c4ra f\u00fcr Audi: Der Einstieg in die Formel 1 mit einem eigenen Werksteam ist ein strategisches Leuchtturmprojekt. [&hellip;]\" \/>\n<meta property=\"og:url\" content=\"https:\/\/www.audi-mediacenter.com\/de\/pressemitteilungen\/praesentation-des-audi-revolut-f1-teams-im-livestream-16994\" \/>\n<meta property=\"og:site_name\" content=\"Audi Blog\" \/>\n<meta property=\"article:published_time\" content=\"2026-01-20T18:06:42+00:00\" \/>\n<meta property=\"og:image\" content=\"https:\/\/www.tts-freunde.de\/blog\/wp-content\/uploads\/2025\/11\/A251783_medium-scaled.jpg\" \/>\n\t<meta property=\"og:image:width\" content=\"2560\" \/>\n\t<meta property=\"og:image:height\" content=\"1391\" \/>\n\t<meta property=\"og:image:type\" content=\"image\/jpeg\" \/>\n<meta name=\"author\" content=\"admin\" \/>\n<meta name=\"twitter:card\" content=\"summary_large_image\" \/>\n<meta name=\"twitter:label1\" content=\"Verfasst von\" \/>\n\t<meta name=\"twitter:data1\" content=\"admin\" \/>\n\t<meta name=\"twitter:label2\" content=\"Gesch\u00e4tzte Lesezeit\" \/>\n\t<meta name=\"twitter:data2\" content=\"2\u00a0Minuten\" \/>\n<script type=\"application\/ld+json\" class=\"yoast-schema-graph\">{\"@context\":\"https:\/\/schema.org\",\"@graph\":[{\"@type\":\"Article\",\"@id\":\"https:\/\/www.audi-mediacenter.com\/de\/pressemitteilungen\/praesentation-des-audi-revolut-f1-teams-im-livestream-16994#article\",\"isPartOf\":{\"@id\":\"https:\/\/www.tts-freunde.de\/blog\/2026\/01\/20\/praesentation-des-audi-revolut-f1-teams-im-livestream\/\"},\"author\":{\"name\":\"admin\",\"@id\":\"https:\/\/www.tts-freunde.de\/blog\/#\/schema\/person\/b67f6a54e98f013bd281dbe05514b701\"},\"headline\":\"Pr\u00e4sentation des Audi Revolut F1 Teams im Livestream\",\"datePublished\":\"2026-01-20T18:06:42+00:00\",\"dateModified\":\"2026-01-20T18:06:42+00:00\",\"mainEntityOfPage\":{\"@id\":\"https:\/\/www.tts-freunde.de\/blog\/2026\/01\/20\/praesentation-des-audi-revolut-f1-teams-im-livestream\/\"},\"wordCount\":271,\"publisher\":{\"@id\":\"https:\/\/www.tts-freunde.de\/blog\/#organization\"},\"image\":{\"@id\":\"https:\/\/www.audi-mediacenter.com\/de\/pressemitteilungen\/praesentation-des-audi-revolut-f1-teams-im-livestream-16994#primaryimage\"},\"thumbnailUrl\":\"https:\/\/www.tts-freunde.de\/blog\/wp-content\/uploads\/2025\/11\/A251783_medium-scaled.jpg\",\"articleSection\":[\"Audi Motorsport\"],\"inLanguage\":\"de\"},{\"@type\":\"WebPage\",\"@id\":\"https:\/\/www.tts-freunde.de\/blog\/2026\/01\/20\/praesentation-des-audi-revolut-f1-teams-im-livestream\/\",\"url\":\"https:\/\/www.audi-mediacenter.com\/de\/pressemitteilungen\/praesentation-des-audi-revolut-f1-teams-im-livestream-16994\",\"name\":\"Pr\u00e4sentation des Audi Revolut F1 Teams im Livestream - Audi Blog\",\"isPartOf\":{\"@id\":\"https:\/\/www.tts-freunde.de\/blog\/#website\"},\"primaryImageOfPage\":{\"@id\":\"https:\/\/www.audi-mediacenter.com\/de\/pressemitteilungen\/praesentation-des-audi-revolut-f1-teams-im-livestream-16994#primaryimage\"},\"image\":{\"@id\":\"https:\/\/www.audi-mediacenter.com\/de\/pressemitteilungen\/praesentation-des-audi-revolut-f1-teams-im-livestream-16994#primaryimage\"},\"thumbnailUrl\":\"https:\/\/www.tts-freunde.de\/blog\/wp-content\/uploads\/2025\/11\/A251783_medium-scaled.jpg\",\"datePublished\":\"2026-01-20T18:06:42+00:00\",\"dateModified\":\"2026-01-20T18:06:42+00:00\",\"breadcrumb\":{\"@id\":\"https:\/\/www.audi-mediacenter.com\/de\/pressemitteilungen\/praesentation-des-audi-revolut-f1-teams-im-livestream-16994#breadcrumb\"},\"inLanguage\":\"de\",\"potentialAction\":[{\"@type\":\"ReadAction\",\"target\":[\"https:\/\/www.audi-mediacenter.com\/de\/pressemitteilungen\/praesentation-des-audi-revolut-f1-teams-im-livestream-16994\"]}]},{\"@type\":\"ImageObject\",\"inLanguage\":\"de\",\"@id\":\"https:\/\/www.audi-mediacenter.com\/de\/pressemitteilungen\/praesentation-des-audi-revolut-f1-teams-im-livestream-16994#primaryimage\",\"url\":\"https:\/\/www.tts-freunde.de\/blog\/wp-content\/uploads\/2025\/11\/A251783_medium-scaled.jpg\",\"contentUrl\":\"https:\/\/www.tts-freunde.de\/blog\/wp-content\/uploads\/2025\/11\/A251783_medium-scaled.jpg\",\"width\":2560,\"height\":1391,\"caption\":\"Indoor studio shot, exterior, side view\"},{\"@type\":\"BreadcrumbList\",\"@id\":\"https:\/\/www.audi-mediacenter.com\/de\/pressemitteilungen\/praesentation-des-audi-revolut-f1-teams-im-livestream-16994#breadcrumb\",\"itemListElement\":[{\"@type\":\"ListItem\",\"position\":1,\"name\":\"Home\",\"item\":\"https:\/\/www.tts-freunde.de\/blog\/\"},{\"@type\":\"ListItem\",\"position\":2,\"name\":\"Pr\u00e4sentation des Audi Revolut F1 Teams im Livestream\"}]},{\"@type\":\"WebSite\",\"@id\":\"https:\/\/www.tts-freunde.de\/blog\/#website\",\"url\":\"https:\/\/www.tts-freunde.de\/blog\/\",\"name\":\"Audi Blog\",\"description\":\"Deutscher Audi Blog - TTS-Freunde\",\"publisher\":{\"@id\":\"https:\/\/www.tts-freunde.de\/blog\/#organization\"},\"potentialAction\":[{\"@type\":\"SearchAction\",\"target\":{\"@type\":\"EntryPoint\",\"urlTemplate\":\"https:\/\/www.tts-freunde.de\/blog\/?s={search_term_string}\"},\"query-input\":\"required name=search_term_string\"}],\"inLanguage\":\"de\"},{\"@type\":\"Organization\",\"@id\":\"https:\/\/www.tts-freunde.de\/blog\/#organization\",\"name\":\"Audi Blog\",\"url\":\"https:\/\/www.tts-freunde.de\/blog\/\",\"logo\":{\"@type\":\"ImageObject\",\"inLanguage\":\"de\",\"@id\":\"https:\/\/www.tts-freunde.de\/blog\/#\/schema\/logo\/image\/\",\"url\":\"https:\/\/www.tts-freunde.de\/blog\/wp-content\/uploads\/2022\/12\/logo_2022.jpg\",\"contentUrl\":\"https:\/\/www.tts-freunde.de\/blog\/wp-content\/uploads\/2022\/12\/logo_2022.jpg\",\"width\":240,\"height\":41,\"caption\":\"Audi Blog\"},\"image\":{\"@id\":\"https:\/\/www.tts-freunde.de\/blog\/#\/schema\/logo\/image\/\"}},{\"@type\":\"Person\",\"@id\":\"https:\/\/www.tts-freunde.de\/blog\/#\/schema\/person\/b67f6a54e98f013bd281dbe05514b701\",\"name\":\"admin\",\"image\":{\"@type\":\"ImageObject\",\"inLanguage\":\"de\",\"@id\":\"https:\/\/www.tts-freunde.de\/blog\/#\/schema\/person\/image\/\",\"url\":\"https:\/\/secure.gravatar.com\/avatar\/08a4bd330e25056ddb430c28136b38a6?s=96&d=mm&r=g\",\"contentUrl\":\"https:\/\/secure.gravatar.com\/avatar\/08a4bd330e25056ddb430c28136b38a6?s=96&d=mm&r=g\",\"caption\":\"admin\"},\"sameAs\":[\"http:\/\/www.tts-freunde.de\"],\"url\":\"https:\/\/www.tts-freunde.de\/blog\/author\/admin\/\"}]}<\/script>\n<!-- \/ Yoast SEO plugin. -->","yoast_head_json":{"title":"Pr\u00e4sentation des Audi Revolut F1 Teams im Livestream - Audi Blog","robots":{"index":"index","follow":"follow","max-snippet":"max-snippet:-1","max-image-preview":"max-image-preview:large","max-video-preview":"max-video-preview:-1"},"canonical":"https:\/\/www.audi-mediacenter.com\/de\/pressemitteilungen\/praesentation-des-audi-revolut-f1-teams-im-livestream-16994","og_locale":"de_DE","og_type":"article","og_title":"Pr\u00e4sentation des Audi Revolut F1 Teams im Livestream - Audi Blog","og_description":"Beginn einer neuen \u00c4ra f\u00fcr Audi im Motorsport Team Launch Event in Berlin heute Abend ab 19 Uhr live auf audif1.com Fotos und Bewegtbildmaterial im neuen Content Hub des Teams Beginn einer neuen \u00c4ra f\u00fcr Audi: Der Einstieg in die Formel 1 mit einem eigenen Werksteam ist ein strategisches Leuchtturmprojekt. [&hellip;]","og_url":"https:\/\/www.audi-mediacenter.com\/de\/pressemitteilungen\/praesentation-des-audi-revolut-f1-teams-im-livestream-16994","og_site_name":"Audi Blog","article_published_time":"2026-01-20T18:06:42+00:00","og_image":[{"width":2560,"height":1391,"url":"https:\/\/www.tts-freunde.de\/blog\/wp-content\/uploads\/2025\/11\/A251783_medium-scaled.jpg","type":"image\/jpeg"}],"author":"admin","twitter_card":"summary_large_image","twitter_misc":{"Verfasst von":"admin","Gesch\u00e4tzte Lesezeit":"2\u00a0Minuten"},"schema":{"@context":"https:\/\/schema.org","@graph":[{"@type":"Article","@id":"https:\/\/www.audi-mediacenter.com\/de\/pressemitteilungen\/praesentation-des-audi-revolut-f1-teams-im-livestream-16994#article","isPartOf":{"@id":"https:\/\/www.tts-freunde.de\/blog\/2026\/01\/20\/praesentation-des-audi-revolut-f1-teams-im-livestream\/"},"author":{"name":"admin","@id":"https:\/\/www.tts-freunde.de\/blog\/#\/schema\/person\/b67f6a54e98f013bd281dbe05514b701"},"headline":"Pr\u00e4sentation des Audi Revolut F1 Teams im Livestream","datePublished":"2026-01-20T18:06:42+00:00","dateModified":"2026-01-20T18:06:42+00:00","mainEntityOfPage":{"@id":"https:\/\/www.tts-freunde.de\/blog\/2026\/01\/20\/praesentation-des-audi-revolut-f1-teams-im-livestream\/"},"wordCount":271,"publisher":{"@id":"https:\/\/www.tts-freunde.de\/blog\/#organization"},"image":{"@id":"https:\/\/www.audi-mediacenter.com\/de\/pressemitteilungen\/praesentation-des-audi-revolut-f1-teams-im-livestream-16994#primaryimage"},"thumbnailUrl":"https:\/\/www.tts-freunde.de\/blog\/wp-content\/uploads\/2025\/11\/A251783_medium-scaled.jpg","articleSection":["Audi Motorsport"],"inLanguage":"de"},{"@type":"WebPage","@id":"https:\/\/www.tts-freunde.de\/blog\/2026\/01\/20\/praesentation-des-audi-revolut-f1-teams-im-livestream\/","url":"https:\/\/www.audi-mediacenter.com\/de\/pressemitteilungen\/praesentation-des-audi-revolut-f1-teams-im-livestream-16994","name":"Pr\u00e4sentation des Audi Revolut F1 Teams im Livestream - Audi Blog","isPartOf":{"@id":"https:\/\/www.tts-freunde.de\/blog\/#website"},"primaryImageOfPage":{"@id":"https:\/\/www.audi-mediacenter.com\/de\/pressemitteilungen\/praesentation-des-audi-revolut-f1-teams-im-livestream-16994#primaryimage"},"image":{"@id":"https:\/\/www.audi-mediacenter.com\/de\/pressemitteilungen\/praesentation-des-audi-revolut-f1-teams-im-livestream-16994#primaryimage"},"thumbnailUrl":"https:\/\/www.tts-freunde.de\/blog\/wp-content\/uploads\/2025\/11\/A251783_medium-scaled.jpg","datePublished":"2026-01-20T18:06:42+00:00","dateModified":"2026-01-20T18:06:42+00:00","breadcrumb":{"@id":"https:\/\/www.audi-mediacenter.com\/de\/pressemitteilungen\/praesentation-des-audi-revolut-f1-teams-im-livestream-16994#breadcrumb"},"inLanguage":"de","potentialAction":[{"@type":"ReadAction","target":["https:\/\/www.audi-mediacenter.com\/de\/pressemitteilungen\/praesentation-des-audi-revolut-f1-teams-im-livestream-16994"]}]},{"@type":"ImageObject","inLanguage":"de","@id":"https:\/\/www.audi-mediacenter.com\/de\/pressemitteilungen\/praesentation-des-audi-revolut-f1-teams-im-livestream-16994#primaryimage","url":"https:\/\/www.tts-freunde.de\/blog\/wp-content\/uploads\/2025\/11\/A251783_medium-scaled.jpg","contentUrl":"https:\/\/www.tts-freunde.de\/blog\/wp-content\/uploads\/2025\/11\/A251783_medium-scaled.jpg","width":2560,"height":1391,"caption":"Indoor studio shot, exterior, side view"},{"@type":"BreadcrumbList","@id":"https:\/\/www.audi-mediacenter.com\/de\/pressemitteilungen\/praesentation-des-audi-revolut-f1-teams-im-livestream-16994#breadcrumb","itemListElement":[{"@type":"ListItem","position":1,"name":"Home","item":"https:\/\/www.tts-freunde.de\/blog\/"},{"@type":"ListItem","position":2,"name":"Pr\u00e4sentation des Audi Revolut F1 Teams im Livestream"}]},{"@type":"WebSite","@id":"https:\/\/www.tts-freunde.de\/blog\/#website","url":"https:\/\/www.tts-freunde.de\/blog\/","name":"Audi Blog","description":"Deutscher Audi Blog - TTS-Freunde","publisher":{"@id":"https:\/\/www.tts-freunde.de\/blog\/#organization"},"potentialAction":[{"@type":"SearchAction","target":{"@type":"EntryPoint","urlTemplate":"https:\/\/www.tts-freunde.de\/blog\/?s={search_term_string}"},"query-input":"required name=search_term_string"}],"inLanguage":"de"},{"@type":"Organization","@id":"https:\/\/www.tts-freunde.de\/blog\/#organization","name":"Audi Blog","url":"https:\/\/www.tts-freunde.de\/blog\/","logo":{"@type":"ImageObject","inLanguage":"de","@id":"https:\/\/www.tts-freunde.de\/blog\/#\/schema\/logo\/image\/","url":"https:\/\/www.tts-freunde.de\/blog\/wp-content\/uploads\/2022\/12\/logo_2022.jpg","contentUrl":"https:\/\/www.tts-freunde.de\/blog\/wp-content\/uploads\/2022\/12\/logo_2022.jpg","width":240,"height":41,"caption":"Audi Blog"},"image":{"@id":"https:\/\/www.tts-freunde.de\/blog\/#\/schema\/logo\/image\/"}},{"@type":"Person","@id":"https:\/\/www.tts-freunde.de\/blog\/#\/schema\/person\/b67f6a54e98f013bd281dbe05514b701","name":"admin","image":{"@type":"ImageObject","inLanguage":"de","@id":"https:\/\/www.tts-freunde.de\/blog\/#\/schema\/person\/image\/","url":"https:\/\/secure.gravatar.com\/avatar\/08a4bd330e25056ddb430c28136b38a6?s=96&d=mm&r=g","contentUrl":"https:\/\/secure.gravatar.com\/avatar\/08a4bd330e25056ddb430c28136b38a6?s=96&d=mm&r=g","caption":"admin"},"sameAs":["http:\/\/www.tts-freunde.de"],"url":"https:\/\/www.tts-freunde.de\/blog\/author\/admin\/"}]}},"jetpack_sharing_enabled":true,"jetpack_featured_media_url":"https:\/\/www.tts-freunde.de\/blog\/wp-content\/uploads\/2025\/11\/A251783_medium-scaled.jpg","jetpack_shortlink":"https:\/\/wp.me\/p67hWW-1Zz","jetpack_likes_enabled":false,"jetpack-related-posts":[],"_links":{"self":[{"href":"https:\/\/www.tts-freunde.de\/blog\/wp-json\/wp\/v2\/posts\/7661"}],"collection":[{"href":"https:\/\/www.tts-freunde.de\/blog\/wp-json\/wp\/v2\/posts"}],"about":[{"href":"https:\/\/www.tts-freunde.de\/blog\/wp-json\/wp\/v2\/types\/post"}],"author":[{"embeddable":true,"href":"https:\/\/www.tts-freunde.de\/blog\/wp-json\/wp\/v2\/users\/1"}],"replies":[{"embeddable":true,"href":"https:\/\/www.tts-freunde.de\/blog\/wp-json\/wp\/v2\/comments?post=7661"}],"version-history":[{"count":1,"href":"https:\/\/www.tts-freunde.de\/blog\/wp-json\/wp\/v2\/posts\/7661\/revisions"}],"predecessor-version":[{"id":7662,"href":"https:\/\/www.tts-freunde.de\/blog\/wp-json\/wp\/v2\/posts\/7661\/revisions\/7662"}],"wp:featuredmedia":[{"embeddable":true,"href":"https:\/\/www.tts-freunde.de\/blog\/wp-json\/wp\/v2\/media\/7644"}],"wp:attachment":[{"href":"https:\/\/www.tts-freunde.de\/blog\/wp-json\/wp\/v2\/media?parent=7661"}],"wp:term":[{"taxonomy":"category","embeddable":true,"href":"https:\/\/www.tts-freunde.de\/blog\/wp-json\/wp\/v2\/categories?post=7661"},{"taxonomy":"post_tag","embeddable":true,"href":"https:\/\/www.tts-freunde.de\/blog\/wp-json\/wp\/v2\/tags?post=7661"}],"curies":[{"name":"wp","href":"https:\/\/api.w.org\/{rel}","templated":true}]}}