{"id":7766,"date":"2026-08-31T12:04:24","date_gmt":"2026-08-31T10:04:24","guid":{"rendered":"https:\/\/www.tts-freunde.de\/blog\/?p=7766"},"modified":"2026-08-31T12:04:24","modified_gmt":"2026-08-31T10:04:24","slug":"audi-tt-forum-die-grosse-community-fuer-alle-audi-tt-fahrer","status":"publish","type":"post","link":"https:\/\/www.tts-freunde.de\/blog\/2026\/08\/31\/audi-tt-forum-die-grosse-community-fuer-alle-audi-tt-fahrer\/","title":{"rendered":"Audi TT Forum: Die gro\u00dfe Community f\u00fcr alle Audi TT Fahrer"},"content":{"rendered":"<h2>Auf der Suche nach dem richtigen Audi TT Forum?<\/h2>\n<p>Du f\u00e4hrst einen Audi TT und suchst ein <strong>Audi TT Forum<\/strong>, in dem du dich mit anderen Fahrern \u00fcber Technik, Tuning, Ersatzteile und Treffen austauschen kannst? Dann bist du bei <a href=\"https:\/\/www.tts-freunde.de\" target=\"_blank\" rel=\"noopener\">TTS-Freunde.de<\/a> genau richtig. Seit 2008 ist unser Audi TT Forum die Anlaufstelle f\u00fcr alle, die den TT nicht nur fahren, sondern leben \u2013 egal ob du gerade erst eingestiegen bist oder schon seit Jahren mit Schraubenschl\u00fcssel und Diagnoseger\u00e4t unterwegs bist.<\/p>\n<p><img loading=\"lazy\" decoding=\"async\" data-attachment-id=\"7731\" data-permalink=\"https:\/\/www.tts-freunde.de\/blog\/2026\/08\/08\/audi-tt-cabrio-der-ultimative-ratgeber-fuer-kauf-technik-und-fahrspass\/audi-tt-cabrio-gebraucht\/\" data-orig-file=\"https:\/\/www.tts-freunde.de\/blog\/wp-content\/uploads\/2026\/08\/Audi-TT-Cabrio-gebraucht.jpg\" data-orig-size=\"2000,1125\" data-comments-opened=\"0\" data-image-meta=\"{&quot;aperture&quot;:&quot;0&quot;,&quot;credit&quot;:&quot;&quot;,&quot;camera&quot;:&quot;&quot;,&quot;caption&quot;:&quot;&quot;,&quot;created_timestamp&quot;:&quot;0&quot;,&quot;copyright&quot;:&quot;&quot;,&quot;focal_length&quot;:&quot;0&quot;,&quot;iso&quot;:&quot;0&quot;,&quot;shutter_speed&quot;:&quot;0&quot;,&quot;title&quot;:&quot;&quot;,&quot;orientation&quot;:&quot;0&quot;}\" data-image-title=\"Audi TT Cabrio gebraucht\" data-image-description=\"\" data-image-caption=\"\" data-medium-file=\"https:\/\/www.tts-freunde.de\/blog\/wp-content\/uploads\/2026\/08\/Audi-TT-Cabrio-gebraucht-300x169.jpg\" data-large-file=\"https:\/\/www.tts-freunde.de\/blog\/wp-content\/uploads\/2026\/08\/Audi-TT-Cabrio-gebraucht-1024x576.jpg\" tabindex=\"0\" role=\"button\" src=\"https:\/\/www.tts-freunde.de\/blog\/wp-content\/uploads\/2026\/08\/Audi-TT-Cabrio-gebraucht-1024x576.jpg\" alt=\"Audi TT Forum\" width=\"750\" height=\"422\" class=\"aligncenter wp-image-7731 size-large\" srcset=\"https:\/\/www.tts-freunde.de\/blog\/wp-content\/uploads\/2026\/08\/Audi-TT-Cabrio-gebraucht-1024x576.jpg 1024w, https:\/\/www.tts-freunde.de\/blog\/wp-content\/uploads\/2026\/08\/Audi-TT-Cabrio-gebraucht-300x169.jpg 300w, https:\/\/www.tts-freunde.de\/blog\/wp-content\/uploads\/2026\/08\/Audi-TT-Cabrio-gebraucht-768x432.jpg 768w, https:\/\/www.tts-freunde.de\/blog\/wp-content\/uploads\/2026\/08\/Audi-TT-Cabrio-gebraucht-1536x864.jpg 1536w, https:\/\/www.tts-freunde.de\/blog\/wp-content\/uploads\/2026\/08\/Audi-TT-Cabrio-gebraucht-50x28.jpg 50w, https:\/\/www.tts-freunde.de\/blog\/wp-content\/uploads\/2026\/08\/Audi-TT-Cabrio-gebraucht.jpg 2000w\" sizes=\"(max-width: 750px) 100vw, 750px\" \/><\/p>\n<p>Ein gutes Forum lebt von seinen Mitgliedern, und genau das macht unsere Community aus: erfahrene Schrauber, Tuning-Enthusiasten und ganz normale Alltagsfahrer, die sich gegenseitig helfen, statt nur aneinander vorbeizuschreiben. Wer einmal eine Frage im Audi TT Forum gestellt hat, wei\u00df, wie schnell und kompetent hier geantwortet wird.<\/p>\n<h2>F\u00fcr welche Audi TT Generationen ist das Forum geeignet?<\/h2>\n<p>Ein h\u00e4ufiges Missverst\u00e4ndnis: Viele glauben, ein Audi TT Forum sei nur f\u00fcr ein bestimmtes Modelljahr interessant. Bei uns ist das anders \u2013 wir decken alle drei Generationen des Audi TT ab:<\/p>\n<ul>\n<li><strong>Audi TT 8N<\/strong> (1998\u20132006): Die erste Generation, die den TT zur Design-Ikone gemacht hat. Im Forum findest du Themen zu Klassikern wie der Serienausstattung, h\u00e4ufigen Rostproblemen und dem Fahrverhalten des urspr\u00fcnglichen Kompaktsportlers.<\/li>\n<li><strong>Audi TT 8J<\/strong> (2006\u20132014): Die zweite Generation, die dem TT endg\u00fcltig Kultstatus verschafft hat. Hier drehen sich viele Diskussionen um Tuning-Potenzial, DSG-Getriebe und die verschiedenen Motorisierungen bis hin zum TT RS.<\/li>\n<li><strong>Audi TT 8S \/ FV<\/strong> (seit 2014): Die aktuelle Generation mit virtuellem Cockpit, modernem Fahrwerk und st\u00e4rkeren Motoren. Im Forum tauschen sich Fahrer \u00fcber Software-Anpassungen, Assistenzsysteme und die neuesten Facelift-\u00c4nderungen aus.<\/li>\n<\/ul>\n<p>Egal welchen TT du f\u00e4hrst: Im Audi TT Forum findest du eine passende Rubrik und Leute, die dein Auto genauso gut kennen wie du.<\/p>\n<h2>Was dich im Audi TT Forum erwartet<\/h2>\n<h3>Technik-Support von Leuten, die es wirklich wissen<\/h3>\n<p>Ob Fehlercode, ungew\u00f6hnliches Ger\u00e4usch oder eine Frage zur richtigen \u00d6l-Spezifikation \u2013 im Forum bekommst du Antworten von Leuten, die selbst schon vor genau demselben Problem standen. Das unterscheidet ein spezialisiertes Audi TT Forum von einer allgemeinen Auto-Community: Hier kennt jeder die Eigenheiten der Baureihe.<\/p>\n<h3>Tuning und Umbauten<\/h3>\n<p>Ein gro\u00dfer Teil unserer Community besch\u00e4ftigt sich intensiv mit Tuning \u2013 von dezenten optischen Anpassungen bis zur Leistungssteigerung. Im Bereich Karosserie &amp; Anbauteile, Felgen &amp; Fahrwerke sowie Motor-Tuning tauschen sich Mitglieder \u00fcber bew\u00e4hrte Kombinationen, Erfahrungswerte und m\u00f6gliche Stolperfallen aus, bevor man selbst Geld in die Hand nimmt.<\/p>\n<h3>Teileb\u00f6rse und Ersatzteilsuche<\/h3>\n<p>Suchst du ein bestimmtes Ersatzteil, eine Original-R\u00fcckleuchte oder passende Felgen? Die Teileb\u00f6rse im Forum ist oft der schnellste Weg, f\u00fcndig zu werden \u2013 meist direkt von anderen Audi TT Fahrern, die genau wissen, was zu deinem Modell passt.<\/p>\n<h3>Pers\u00f6nlicher Austausch und Jahrestreffen<\/h3>\n<p>Neben der reinen Technik lebt das Audi TT Forum vom pers\u00f6nlichen Kontakt. Unsere j\u00e4hrlichen Treffen sind f\u00fcr viele Mitglieder der H\u00f6hepunkt des Jahres \u2013 hier trifft man sich abseits des Bildschirms, tauscht sich live aus und sieht die Fahrzeuge der anderen Mitglieder in echt.<\/p>\n<h2>Warum sich die Anmeldung im Audi TT Forum lohnt<\/h2>\n<p>Die Registrierung ist komplett kostenlos und in wenigen Minuten erledigt. Als Mitglied kannst du:<\/p>\n<ul>\n<li>eigene Themen erstellen und Fragen stellen<\/li>\n<li>auf die komplette Teileb\u00f6rse zugreifen<\/li>\n<li>an exklusiven Diskussionen und Treffen teilnehmen<\/li>\n<li>dein eigenes Fahrzeug in der Galerie vorstellen<\/li>\n<li>von unserem hauseigenen Tuning- und Aufbereitungspartner profitieren<\/li>\n<\/ul>\n<h2>Auch f\u00fcr TTS und TT RS Fahrer: unsere Schwesterforen<\/h2>\n<p>Neben dem allgemeinen Audi TT Forum betreiben wir seit vielen Jahren auch spezialisierte Communities f\u00fcr die st\u00e4rkeren Geschwistermodelle. F\u00e4hrst du einen TTS, findest du auf <a href=\"https:\/\/www.tts-freunde.de\" target=\"_blank\" rel=\"noopener\">TTS-Freunde.de<\/a> die passende Anlaufstelle f\u00fcr alle TTS-spezifischen Themen. Wer den F\u00fcnfzylinder-Sound des TT RS liebt, ist im <a href=\"https:\/\/www.ttrs-freunde.de\" target=\"_blank\" rel=\"noopener\">TTRS-Freunde.de<\/a> Forum bestens aufgehoben. Alle drei Foren teilen denselben freundlichen Umgangston und dieselbe hilfsbereite Community \u2013 du kannst also je nach Modell einfach zum passenden Forum wechseln.<\/p>\n<h2>Fazit: Dein Audi TT Forum wartet auf dich<\/h2>\n<p>Ein aktives, spezialisiertes <strong>Audi TT Forum<\/strong> macht den Unterschied, wenn es um schnelle, kompetente Antworten und den Kontakt zu echten Gleichgesinnten geht. Ob 8N, 8J oder 8S \u2013 bei uns findest du die passende Community, um Fragen zu kl\u00e4ren, Teile zu finden und dein Fahrzeug mit anderen Enthusiasten zu teilen.<\/p>\n<p><strong><a href=\"https:\/\/www.tts-freunde.de\" target=\"_blank\" rel=\"noopener\">Jetzt kostenlos im Audi TT Forum anmelden<\/a><\/strong> und Teil von Deutschlands gr\u00f6\u00dfter Audi TT Community werden.<\/p>\n<hr \/>\n<p><em>TTS-Freunde.de \u2013 Das Original seit 2008. Betrieben von Alexander P\u00f6llinger<\/em><\/p>\n","protected":false},"excerpt":{"rendered":"<p>Auf der Suche nach dem richtigen Audi TT Forum? Du f\u00e4hrst einen Audi TT und suchst ein Audi TT Forum, in dem du dich mit anderen Fahrern \u00fcber Technik, Tuning, Ersatzteile und Treffen austauschen kannst? Dann bist du bei TTS-Freunde.de genau richtig. Seit 2008 ist unser Audi TT Forum die [&hellip;]<\/p>\n","protected":false},"author":1,"featured_media":7731,"comment_status":"closed","ping_status":"open","sticky":false,"template":"","format":"standard","meta":{"jetpack_post_was_ever_published":false,"_jetpack_newsletter_access":"","_jetpack_dont_email_post_to_subs":false,"_jetpack_newsletter_tier_id":0,"_jetpack_memberships_contains_paywalled_content":false,"_jetpack_memberships_contains_paid_content":false,"footnotes":"","jetpack_publicize_message":"","jetpack_publicize_feature_enabled":true,"jetpack_social_post_already_shared":true,"jetpack_social_options":{"image_generator_settings":{"template":"highway","enabled":false},"version":2}},"categories":[15],"tags":[],"class_list":["post-7766","post","type-post","status-publish","format-standard","has-post-thumbnail","hentry","category-tt-tts-ttrs"],"wppr_data":{"cwp_meta_box_check":"No"},"jetpack_publicize_connections":[],"yoast_head":"<!-- This site is optimized with the Yoast SEO plugin v23.3 - https:\/\/yoast.com\/wordpress\/plugins\/seo\/ -->\n<title>Audi TT Forum: Die gro\u00dfe Community f\u00fcr alle Audi TT Fahrer - Audi Blog<\/title>\n<meta name=\"robots\" content=\"index, follow, max-snippet:-1, max-image-preview:large, max-video-preview:-1\" \/>\n<link rel=\"canonical\" href=\"https:\/\/www.tts-freunde.de\/blog\/2026\/08\/31\/audi-tt-forum-die-grosse-community-fuer-alle-audi-tt-fahrer\/\" \/>\n<meta property=\"og:locale\" content=\"de_DE\" \/>\n<meta property=\"og:type\" content=\"article\" \/>\n<meta property=\"og:title\" content=\"Audi TT Forum: Die gro\u00dfe Community f\u00fcr alle Audi TT Fahrer - Audi Blog\" \/>\n<meta property=\"og:description\" content=\"Auf der Suche nach dem richtigen Audi TT Forum? Du f\u00e4hrst einen Audi TT und suchst ein Audi TT Forum, in dem du dich mit anderen Fahrern \u00fcber Technik, Tuning, Ersatzteile und Treffen austauschen kannst? Dann bist du bei TTS-Freunde.de genau richtig. Seit 2008 ist unser Audi TT Forum die [&hellip;]\" \/>\n<meta property=\"og:url\" content=\"https:\/\/www.tts-freunde.de\/blog\/2026\/08\/31\/audi-tt-forum-die-grosse-community-fuer-alle-audi-tt-fahrer\/\" \/>\n<meta property=\"og:site_name\" content=\"Audi Blog\" \/>\n<meta property=\"article:published_time\" content=\"2026-08-31T10:04:24+00:00\" \/>\n<meta property=\"og:image\" content=\"https:\/\/www.tts-freunde.de\/blog\/wp-content\/uploads\/2026\/08\/Audi-TT-Cabrio-gebraucht-1024x576.jpg\" \/>\n\t<meta property=\"og:image:width\" content=\"1024\" \/>\n\t<meta property=\"og:image:height\" content=\"576\" \/>\n\t<meta property=\"og:image:type\" content=\"image\/jpeg\" \/>\n<meta name=\"author\" content=\"admin\" \/>\n<meta name=\"twitter:card\" content=\"summary_large_image\" \/>\n<meta name=\"twitter:label1\" content=\"Verfasst von\" \/>\n\t<meta name=\"twitter:data1\" content=\"admin\" \/>\n\t<meta name=\"twitter:label2\" content=\"Gesch\u00e4tzte Lesezeit\" \/>\n\t<meta name=\"twitter:data2\" content=\"5\u00a0Minuten\" \/>\n<script type=\"application\/ld+json\" class=\"yoast-schema-graph\">{\"@context\":\"https:\/\/schema.org\",\"@graph\":[{\"@type\":\"Article\",\"@id\":\"https:\/\/www.tts-freunde.de\/blog\/2026\/08\/31\/audi-tt-forum-die-grosse-community-fuer-alle-audi-tt-fahrer\/#article\",\"isPartOf\":{\"@id\":\"https:\/\/www.tts-freunde.de\/blog\/2026\/08\/31\/audi-tt-forum-die-grosse-community-fuer-alle-audi-tt-fahrer\/\"},\"author\":{\"name\":\"admin\",\"@id\":\"https:\/\/www.tts-freunde.de\/blog\/#\/schema\/person\/b67f6a54e98f013bd281dbe05514b701\"},\"headline\":\"Audi TT Forum: Die gro\u00dfe Community f\u00fcr alle Audi TT Fahrer\",\"datePublished\":\"2026-08-31T10:04:24+00:00\",\"dateModified\":\"2026-08-31T10:04:24+00:00\",\"mainEntityOfPage\":{\"@id\":\"https:\/\/www.tts-freunde.de\/blog\/2026\/08\/31\/audi-tt-forum-die-grosse-community-fuer-alle-audi-tt-fahrer\/\"},\"wordCount\":738,\"publisher\":{\"@id\":\"https:\/\/www.tts-freunde.de\/blog\/#organization\"},\"image\":{\"@id\":\"https:\/\/www.tts-freunde.de\/blog\/2026\/08\/31\/audi-tt-forum-die-grosse-community-fuer-alle-audi-tt-fahrer\/#primaryimage\"},\"thumbnailUrl\":\"https:\/\/www.tts-freunde.de\/blog\/wp-content\/uploads\/2026\/08\/Audi-TT-Cabrio-gebraucht.jpg\",\"articleSection\":[\"TT - TTS - TTRS\"],\"inLanguage\":\"de\"},{\"@type\":\"WebPage\",\"@id\":\"https:\/\/www.tts-freunde.de\/blog\/2026\/08\/31\/audi-tt-forum-die-grosse-community-fuer-alle-audi-tt-fahrer\/\",\"url\":\"https:\/\/www.tts-freunde.de\/blog\/2026\/08\/31\/audi-tt-forum-die-grosse-community-fuer-alle-audi-tt-fahrer\/\",\"name\":\"Audi TT Forum: Die gro\u00dfe Community f\u00fcr alle Audi TT Fahrer - Audi Blog\",\"isPartOf\":{\"@id\":\"https:\/\/www.tts-freunde.de\/blog\/#website\"},\"primaryImageOfPage\":{\"@id\":\"https:\/\/www.tts-freunde.de\/blog\/2026\/08\/31\/audi-tt-forum-die-grosse-community-fuer-alle-audi-tt-fahrer\/#primaryimage\"},\"image\":{\"@id\":\"https:\/\/www.tts-freunde.de\/blog\/2026\/08\/31\/audi-tt-forum-die-grosse-community-fuer-alle-audi-tt-fahrer\/#primaryimage\"},\"thumbnailUrl\":\"https:\/\/www.tts-freunde.de\/blog\/wp-content\/uploads\/2026\/08\/Audi-TT-Cabrio-gebraucht.jpg\",\"datePublished\":\"2026-08-31T10:04:24+00:00\",\"dateModified\":\"2026-08-31T10:04:24+00:00\",\"breadcrumb\":{\"@id\":\"https:\/\/www.tts-freunde.de\/blog\/2026\/08\/31\/audi-tt-forum-die-grosse-community-fuer-alle-audi-tt-fahrer\/#breadcrumb\"},\"inLanguage\":\"de\",\"potentialAction\":[{\"@type\":\"ReadAction\",\"target\":[\"https:\/\/www.tts-freunde.de\/blog\/2026\/08\/31\/audi-tt-forum-die-grosse-community-fuer-alle-audi-tt-fahrer\/\"]}]},{\"@type\":\"ImageObject\",\"inLanguage\":\"de\",\"@id\":\"https:\/\/www.tts-freunde.de\/blog\/2026\/08\/31\/audi-tt-forum-die-grosse-community-fuer-alle-audi-tt-fahrer\/#primaryimage\",\"url\":\"https:\/\/www.tts-freunde.de\/blog\/wp-content\/uploads\/2026\/08\/Audi-TT-Cabrio-gebraucht.jpg\",\"contentUrl\":\"https:\/\/www.tts-freunde.de\/blog\/wp-content\/uploads\/2026\/08\/Audi-TT-Cabrio-gebraucht.jpg\",\"width\":2000,\"height\":1125},{\"@type\":\"BreadcrumbList\",\"@id\":\"https:\/\/www.tts-freunde.de\/blog\/2026\/08\/31\/audi-tt-forum-die-grosse-community-fuer-alle-audi-tt-fahrer\/#breadcrumb\",\"itemListElement\":[{\"@type\":\"ListItem\",\"position\":1,\"name\":\"Home\",\"item\":\"https:\/\/www.tts-freunde.de\/blog\/\"},{\"@type\":\"ListItem\",\"position\":2,\"name\":\"Audi TT Forum: Die gro\u00dfe Community f\u00fcr alle Audi TT Fahrer\"}]},{\"@type\":\"WebSite\",\"@id\":\"https:\/\/www.tts-freunde.de\/blog\/#website\",\"url\":\"https:\/\/www.tts-freunde.de\/blog\/\",\"name\":\"Audi Blog\",\"description\":\"Deutscher Audi Blog - TTS-Freunde\",\"publisher\":{\"@id\":\"https:\/\/www.tts-freunde.de\/blog\/#organization\"},\"potentialAction\":[{\"@type\":\"SearchAction\",\"target\":{\"@type\":\"EntryPoint\",\"urlTemplate\":\"https:\/\/www.tts-freunde.de\/blog\/?s={search_term_string}\"},\"query-input\":\"required name=search_term_string\"}],\"inLanguage\":\"de\"},{\"@type\":\"Organization\",\"@id\":\"https:\/\/www.tts-freunde.de\/blog\/#organization\",\"name\":\"Audi Blog\",\"url\":\"https:\/\/www.tts-freunde.de\/blog\/\",\"logo\":{\"@type\":\"ImageObject\",\"inLanguage\":\"de\",\"@id\":\"https:\/\/www.tts-freunde.de\/blog\/#\/schema\/logo\/image\/\",\"url\":\"https:\/\/www.tts-freunde.de\/blog\/wp-content\/uploads\/2022\/12\/logo_2022.jpg\",\"contentUrl\":\"https:\/\/www.tts-freunde.de\/blog\/wp-content\/uploads\/2022\/12\/logo_2022.jpg\",\"width\":240,\"height\":41,\"caption\":\"Audi Blog\"},\"image\":{\"@id\":\"https:\/\/www.tts-freunde.de\/blog\/#\/schema\/logo\/image\/\"}},{\"@type\":\"Person\",\"@id\":\"https:\/\/www.tts-freunde.de\/blog\/#\/schema\/person\/b67f6a54e98f013bd281dbe05514b701\",\"name\":\"admin\",\"image\":{\"@type\":\"ImageObject\",\"inLanguage\":\"de\",\"@id\":\"https:\/\/www.tts-freunde.de\/blog\/#\/schema\/person\/image\/\",\"url\":\"https:\/\/secure.gravatar.com\/avatar\/08a4bd330e25056ddb430c28136b38a6?s=96&d=mm&r=g\",\"contentUrl\":\"https:\/\/secure.gravatar.com\/avatar\/08a4bd330e25056ddb430c28136b38a6?s=96&d=mm&r=g\",\"caption\":\"admin\"},\"sameAs\":[\"http:\/\/www.tts-freunde.de\"],\"url\":\"https:\/\/www.tts-freunde.de\/blog\/author\/admin\/\"}]}<\/script>\n<!-- \/ Yoast SEO plugin. -->","yoast_head_json":{"title":"Audi TT Forum: Die gro\u00dfe Community f\u00fcr alle Audi TT Fahrer - Audi Blog","robots":{"index":"index","follow":"follow","max-snippet":"max-snippet:-1","max-image-preview":"max-image-preview:large","max-video-preview":"max-video-preview:-1"},"canonical":"https:\/\/www.tts-freunde.de\/blog\/2026\/08\/31\/audi-tt-forum-die-grosse-community-fuer-alle-audi-tt-fahrer\/","og_locale":"de_DE","og_type":"article","og_title":"Audi TT Forum: Die gro\u00dfe Community f\u00fcr alle Audi TT Fahrer - Audi Blog","og_description":"Auf der Suche nach dem richtigen Audi TT Forum? Du f\u00e4hrst einen Audi TT und suchst ein Audi TT Forum, in dem du dich mit anderen Fahrern \u00fcber Technik, Tuning, Ersatzteile und Treffen austauschen kannst? Dann bist du bei TTS-Freunde.de genau richtig. Seit 2008 ist unser Audi TT Forum die [&hellip;]","og_url":"https:\/\/www.tts-freunde.de\/blog\/2026\/08\/31\/audi-tt-forum-die-grosse-community-fuer-alle-audi-tt-fahrer\/","og_site_name":"Audi Blog","article_published_time":"2026-08-31T10:04:24+00:00","og_image":[{"width":1024,"height":576,"url":"https:\/\/www.tts-freunde.de\/blog\/wp-content\/uploads\/2026\/08\/Audi-TT-Cabrio-gebraucht-1024x576.jpg","type":"image\/jpeg"}],"author":"admin","twitter_card":"summary_large_image","twitter_misc":{"Verfasst von":"admin","Gesch\u00e4tzte Lesezeit":"5\u00a0Minuten"},"schema":{"@context":"https:\/\/schema.org","@graph":[{"@type":"Article","@id":"https:\/\/www.tts-freunde.de\/blog\/2026\/08\/31\/audi-tt-forum-die-grosse-community-fuer-alle-audi-tt-fahrer\/#article","isPartOf":{"@id":"https:\/\/www.tts-freunde.de\/blog\/2026\/08\/31\/audi-tt-forum-die-grosse-community-fuer-alle-audi-tt-fahrer\/"},"author":{"name":"admin","@id":"https:\/\/www.tts-freunde.de\/blog\/#\/schema\/person\/b67f6a54e98f013bd281dbe05514b701"},"headline":"Audi TT Forum: Die gro\u00dfe Community f\u00fcr alle Audi TT Fahrer","datePublished":"2026-08-31T10:04:24+00:00","dateModified":"2026-08-31T10:04:24+00:00","mainEntityOfPage":{"@id":"https:\/\/www.tts-freunde.de\/blog\/2026\/08\/31\/audi-tt-forum-die-grosse-community-fuer-alle-audi-tt-fahrer\/"},"wordCount":738,"publisher":{"@id":"https:\/\/www.tts-freunde.de\/blog\/#organization"},"image":{"@id":"https:\/\/www.tts-freunde.de\/blog\/2026\/08\/31\/audi-tt-forum-die-grosse-community-fuer-alle-audi-tt-fahrer\/#primaryimage"},"thumbnailUrl":"https:\/\/www.tts-freunde.de\/blog\/wp-content\/uploads\/2026\/08\/Audi-TT-Cabrio-gebraucht.jpg","articleSection":["TT - TTS - TTRS"],"inLanguage":"de"},{"@type":"WebPage","@id":"https:\/\/www.tts-freunde.de\/blog\/2026\/08\/31\/audi-tt-forum-die-grosse-community-fuer-alle-audi-tt-fahrer\/","url":"https:\/\/www.tts-freunde.de\/blog\/2026\/08\/31\/audi-tt-forum-die-grosse-community-fuer-alle-audi-tt-fahrer\/","name":"Audi TT Forum: Die gro\u00dfe Community f\u00fcr alle Audi TT Fahrer - Audi Blog","isPartOf":{"@id":"https:\/\/www.tts-freunde.de\/blog\/#website"},"primaryImageOfPage":{"@id":"https:\/\/www.tts-freunde.de\/blog\/2026\/08\/31\/audi-tt-forum-die-grosse-community-fuer-alle-audi-tt-fahrer\/#primaryimage"},"image":{"@id":"https:\/\/www.tts-freunde.de\/blog\/2026\/08\/31\/audi-tt-forum-die-grosse-community-fuer-alle-audi-tt-fahrer\/#primaryimage"},"thumbnailUrl":"https:\/\/www.tts-freunde.de\/blog\/wp-content\/uploads\/2026\/08\/Audi-TT-Cabrio-gebraucht.jpg","datePublished":"2026-08-31T10:04:24+00:00","dateModified":"2026-08-31T10:04:24+00:00","breadcrumb":{"@id":"https:\/\/www.tts-freunde.de\/blog\/2026\/08\/31\/audi-tt-forum-die-grosse-community-fuer-alle-audi-tt-fahrer\/#breadcrumb"},"inLanguage":"de","potentialAction":[{"@type":"ReadAction","target":["https:\/\/www.tts-freunde.de\/blog\/2026\/08\/31\/audi-tt-forum-die-grosse-community-fuer-alle-audi-tt-fahrer\/"]}]},{"@type":"ImageObject","inLanguage":"de","@id":"https:\/\/www.tts-freunde.de\/blog\/2026\/08\/31\/audi-tt-forum-die-grosse-community-fuer-alle-audi-tt-fahrer\/#primaryimage","url":"https:\/\/www.tts-freunde.de\/blog\/wp-content\/uploads\/2026\/08\/Audi-TT-Cabrio-gebraucht.jpg","contentUrl":"https:\/\/www.tts-freunde.de\/blog\/wp-content\/uploads\/2026\/08\/Audi-TT-Cabrio-gebraucht.jpg","width":2000,"height":1125},{"@type":"BreadcrumbList","@id":"https:\/\/www.tts-freunde.de\/blog\/2026\/08\/31\/audi-tt-forum-die-grosse-community-fuer-alle-audi-tt-fahrer\/#breadcrumb","itemListElement":[{"@type":"ListItem","position":1,"name":"Home","item":"https:\/\/www.tts-freunde.de\/blog\/"},{"@type":"ListItem","position":2,"name":"Audi TT Forum: Die gro\u00dfe Community f\u00fcr alle Audi TT Fahrer"}]},{"@type":"WebSite","@id":"https:\/\/www.tts-freunde.de\/blog\/#website","url":"https:\/\/www.tts-freunde.de\/blog\/","name":"Audi Blog","description":"Deutscher Audi Blog - TTS-Freunde","publisher":{"@id":"https:\/\/www.tts-freunde.de\/blog\/#organization"},"potentialAction":[{"@type":"SearchAction","target":{"@type":"EntryPoint","urlTemplate":"https:\/\/www.tts-freunde.de\/blog\/?s={search_term_string}"},"query-input":"required name=search_term_string"}],"inLanguage":"de"},{"@type":"Organization","@id":"https:\/\/www.tts-freunde.de\/blog\/#organization","name":"Audi Blog","url":"https:\/\/www.tts-freunde.de\/blog\/","logo":{"@type":"ImageObject","inLanguage":"de","@id":"https:\/\/www.tts-freunde.de\/blog\/#\/schema\/logo\/image\/","url":"https:\/\/www.tts-freunde.de\/blog\/wp-content\/uploads\/2022\/12\/logo_2022.jpg","contentUrl":"https:\/\/www.tts-freunde.de\/blog\/wp-content\/uploads\/2022\/12\/logo_2022.jpg","width":240,"height":41,"caption":"Audi Blog"},"image":{"@id":"https:\/\/www.tts-freunde.de\/blog\/#\/schema\/logo\/image\/"}},{"@type":"Person","@id":"https:\/\/www.tts-freunde.de\/blog\/#\/schema\/person\/b67f6a54e98f013bd281dbe05514b701","name":"admin","image":{"@type":"ImageObject","inLanguage":"de","@id":"https:\/\/www.tts-freunde.de\/blog\/#\/schema\/person\/image\/","url":"https:\/\/secure.gravatar.com\/avatar\/08a4bd330e25056ddb430c28136b38a6?s=96&d=mm&r=g","contentUrl":"https:\/\/secure.gravatar.com\/avatar\/08a4bd330e25056ddb430c28136b38a6?s=96&d=mm&r=g","caption":"admin"},"sameAs":["http:\/\/www.tts-freunde.de"],"url":"https:\/\/www.tts-freunde.de\/blog\/author\/admin\/"}]}},"jetpack_sharing_enabled":true,"jetpack_featured_media_url":"https:\/\/www.tts-freunde.de\/blog\/wp-content\/uploads\/2026\/08\/Audi-TT-Cabrio-gebraucht.jpg","jetpack_shortlink":"https:\/\/wp.me\/p67hWW-21g","jetpack_likes_enabled":false,"jetpack-related-posts":[],"_links":{"self":[{"href":"https:\/\/www.tts-freunde.de\/blog\/wp-json\/wp\/v2\/posts\/7766"}],"collection":[{"href":"https:\/\/www.tts-freunde.de\/blog\/wp-json\/wp\/v2\/posts"}],"about":[{"href":"https:\/\/www.tts-freunde.de\/blog\/wp-json\/wp\/v2\/types\/post"}],"author":[{"embeddable":true,"href":"https:\/\/www.tts-freunde.de\/blog\/wp-json\/wp\/v2\/users\/1"}],"replies":[{"embeddable":true,"href":"https:\/\/www.tts-freunde.de\/blog\/wp-json\/wp\/v2\/comments?post=7766"}],"version-history":[{"count":1,"href":"https:\/\/www.tts-freunde.de\/blog\/wp-json\/wp\/v2\/posts\/7766\/revisions"}],"predecessor-version":[{"id":7767,"href":"https:\/\/www.tts-freunde.de\/blog\/wp-json\/wp\/v2\/posts\/7766\/revisions\/7767"}],"wp:featuredmedia":[{"embeddable":true,"href":"https:\/\/www.tts-freunde.de\/blog\/wp-json\/wp\/v2\/media\/7731"}],"wp:attachment":[{"href":"https:\/\/www.tts-freunde.de\/blog\/wp-json\/wp\/v2\/media?parent=7766"}],"wp:term":[{"taxonomy":"category","embeddable":true,"href":"https:\/\/www.tts-freunde.de\/blog\/wp-json\/wp\/v2\/categories?post=7766"},{"taxonomy":"post_tag","embeddable":true,"href":"https:\/\/www.tts-freunde.de\/blog\/wp-json\/wp\/v2\/tags?post=7766"}],"curies":[{"name":"wp","href":"https:\/\/api.w.org\/{rel}","templated":true}]}}