{"id":900,"date":"2015-07-08T10:09:48","date_gmt":"2015-07-08T08:09:48","guid":{"rendered":"http:\/\/tts-freunde.de\/blog\/?p=900"},"modified":"2015-07-08T10:09:48","modified_gmt":"2015-07-08T08:09:48","slug":"lernfest-2015-audi-weckt-entdeckergeist","status":"publish","type":"post","link":"https:\/\/www.tts-freunde.de\/blog\/2015\/07\/08\/lernfest-2015-audi-weckt-entdeckergeist\/","title":{"rendered":"Lernfest 2015: Audi weckt Entdeckergeist"},"content":{"rendered":"<div id=\"item-27414b7e-d13a-4baa-b500-7a75b2d37347\" class=\"page-item--column col-sm-4\">\n<div class=\"page-row has-no-item-box\">\n<div id=\"item-8471b828-e566-443f-961c-3c8ef55764a2\" class=\"page-item--topic-list\">\n<ul class=\"topic-list\">\n<li>Spielerische Einblicke in die Technikwelten der Vier Ringe<\/li>\n<li>Nachwuchsf\u00f6rderung f\u00fcr junge Talente aus der Region<\/li>\n<\/ul>\n<p style=\"text-align: justify;\"><a href=\"http:\/\/tts-freunde.de\/blog\/wp-content\/uploads\/2015\/07\/A155492_full.jpg\"><img loading=\"lazy\" decoding=\"async\" data-attachment-id=\"901\" data-permalink=\"https:\/\/www.tts-freunde.de\/blog\/2015\/07\/08\/lernfest-2015-audi-weckt-entdeckergeist\/a155492_full\/\" data-orig-file=\"https:\/\/www.tts-freunde.de\/blog\/wp-content\/uploads\/2015\/07\/A155492_full.jpg\" data-orig-size=\"1160,820\" data-comments-opened=\"0\" data-image-meta=\"{&quot;aperture&quot;:&quot;0&quot;,&quot;credit&quot;:&quot;&quot;,&quot;camera&quot;:&quot;&quot;,&quot;caption&quot;:&quot;&quot;,&quot;created_timestamp&quot;:&quot;0&quot;,&quot;copyright&quot;:&quot;&quot;,&quot;focal_length&quot;:&quot;0&quot;,&quot;iso&quot;:&quot;0&quot;,&quot;shutter_speed&quot;:&quot;0&quot;,&quot;title&quot;:&quot;&quot;,&quot;orientation&quot;:&quot;0&quot;}\" data-image-title=\"A155492_full\" data-image-description=\"\" data-image-caption=\"\" data-medium-file=\"https:\/\/www.tts-freunde.de\/blog\/wp-content\/uploads\/2015\/07\/A155492_full-300x212.jpg\" data-large-file=\"https:\/\/www.tts-freunde.de\/blog\/wp-content\/uploads\/2015\/07\/A155492_full-1024x724.jpg\" tabindex=\"0\" role=\"button\" class=\"alignleft size-full wp-image-901\" src=\"http:\/\/tts-freunde.de\/blog\/wp-content\/uploads\/2015\/07\/A155492_full.jpg\" alt=\"A155492_full\" width=\"1160\" height=\"820\" srcset=\"https:\/\/www.tts-freunde.de\/blog\/wp-content\/uploads\/2015\/07\/A155492_full.jpg 1160w, https:\/\/www.tts-freunde.de\/blog\/wp-content\/uploads\/2015\/07\/A155492_full-300x212.jpg 300w, https:\/\/www.tts-freunde.de\/blog\/wp-content\/uploads\/2015\/07\/A155492_full-1024x724.jpg 1024w, https:\/\/www.tts-freunde.de\/blog\/wp-content\/uploads\/2015\/07\/A155492_full-140x100.jpg 140w\" sizes=\"(max-width: 1160px) 100vw, 1160px\" \/><\/a><\/p>\n<p>Am Samstag, 18. Juli, pr\u00e4sentiert sich Audi beim Lernfest der Initiative Regionalmanagement (IRMA). Bei interaktiven Aktionen k\u00f6nnen die Besucher in Oberstimm bei Ingolstadt die Technikwelt der Vier Ringe erleben. Das Unternehmen m\u00f6chte junge Talente f\u00fcr einen Beruf bei Audi begeistern und in ihrer Entwicklung unterst\u00fctzen.<\/p>\n<p>\u201eDen Erfolg von Audi haben wir auf guten Ideen und Erfindergeist gebaut. Spa\u00df am Lernen und Entdecken zu f\u00f6rdern, liegt uns daher sehr am Herzen,\u201c sagt Prof. Dr. Peter F. Tropschuh, Leiter Corporate Responsibility und Politik der AUDI AG sowie Mitglied des Vorstands der IRMA. \u201eWir wollen Kindern und Jugendlichen nahe bringen, wie spannend Technik ist und welche Perspektiven sich ihnen bieten.\u201c An verschiedenen Stationen erfahren Interessierte mehr \u00fcber die Technikwelt des Unternehmens \u2011 und das meist spielerisch: In einem R\u00e4tsel geht es zum Beispiel um das Gewicht von Exponaten aus dem Leichtbau. So soll der Besucher ein Gef\u00fchl f\u00fcr Werkstoffe bekommen. Was bereits junge Audianer erschaffen, zeigt das Showcar Audi TT RS Light: Auszubildende und duale Studenten haben ein Serienauto mit mehr als 550 LEDs ausgestattet. Das Lichtkunstwerk l\u00e4sst den Singleframe und die Vier Ringe rot leuchten. \u201eDas Lernfest ist eine gute M\u00f6glichkeit zu zeigen, welche au\u00dfergew\u00f6hnlichen Arbeiten w\u00e4hrend der Ausbildung bei Audi entstehen\u201c, sagt Dieter Omert, Leiter Berufsausbildung und fachliche Kompetenzentwicklung der AUDI AG. \u201eWir ermuntern unsere Auszubildenden, Kreativit\u00e4t und Pr\u00e4zision zu kombinieren \u2011 und dabei neue Wege zu gehen.\u201c<\/p>\n<p>Audi\u2011Mitarbeiter begleiten die Ausstellung und beantworten Fragen zu technischen Details und Entwicklungsm\u00f6glichkeiten. Auch Azubis sind vor Ort und erz\u00e4hlen von ihren Berufserfahrungen. Das Unternehmen f\u00f6rdert bewusst junge Talente aus der Region Ingolstadt: Am Hauptstandort beginnen im September 2015 erneut mehr als 400 Auszubildende und dual Studierende ihre berufliche Laufbahn.<\/p>\n<p>Das Lernfest findet von 10 Uhr bis 18 Uhr auf dem Barthelmarktgel\u00e4nde in Oberstimm statt. Audi Tradition wird mit drei DKW\u2011Bussen vor Ort sein, um G\u00e4ste zu shutteln. Anschlie\u00dfend k\u00f6nnen die Besucher die Schnelllaster, darunter auch ein Elektro\u2011Wagen aus dem Jahr 1956, besichtigen. Insgesamt nehmen am Lernfest rund 100 Unternehmen, Landkreise, Vereine und Schulen teil.<\/p>\n<p>Neben dem Lernfest beteiligt sich Audi an zahlreichen weiteren Initiativen f\u00fcr Bildung, beispielsweise am aktuellen IRMA\u2011Projekt \u201eMINTmacher\u201c, an der VDI\u2011Initiative \u201eSachen machen\u201c, am bundesweiten \u201eJugend forscht\u201c\u2011Wettbewerb und an Aktionen f\u00fcr M\u00e4dchen wie dem \u201eGirls&#8216; Day\u201c oder dem \u201eForscherinnen\u2011Camp\u201c. Zudem f\u00f6rdert das Unternehmen eine Reihe von Schulen wie die \u00f6ffentliche Profilschule Ingolstadt f\u00fcr Kinder mit schwierigen Startbedingungen.<\/p>\n<\/div>\n<\/div>\n<\/div>\n","protected":false},"excerpt":{"rendered":"<p>Spielerische Einblicke in die Technikwelten der Vier Ringe Nachwuchsf\u00f6rderung f\u00fcr junge Talente aus der Region Am Samstag, 18. Juli, pr\u00e4sentiert sich Audi beim Lernfest der Initiative Regionalmanagement (IRMA). Bei interaktiven Aktionen k\u00f6nnen die Besucher in Oberstimm bei Ingolstadt die Technikwelt der Vier Ringe erleben. Das Unternehmen m\u00f6chte junge Talente f\u00fcr [&hellip;]<\/p>\n","protected":false},"author":1,"featured_media":901,"comment_status":"closed","ping_status":"open","sticky":false,"template":"","format":"standard","meta":{"jetpack_post_was_ever_published":false,"_jetpack_newsletter_access":"","_jetpack_dont_email_post_to_subs":false,"_jetpack_newsletter_tier_id":0,"_jetpack_memberships_contains_paywalled_content":false,"_jetpack_memberships_contains_paid_content":false,"footnotes":"","jetpack_publicize_message":"","jetpack_publicize_feature_enabled":true,"jetpack_social_post_already_shared":true,"jetpack_social_options":{"image_generator_settings":{"template":"highway","enabled":false},"version":2}},"categories":[16],"tags":[],"class_list":["post-900","post","type-post","status-publish","format-standard","has-post-thumbnail","hentry","category-audi-ag"],"wppr_data":{"cwp_meta_box_check":"No","cwp_rev_product_name":"","cwp_rev_product_image":"","cwp_image_link":"image","cwp_rev_price":""},"jetpack_publicize_connections":[],"yoast_head":"<!-- This site is optimized with the Yoast SEO plugin v23.3 - https:\/\/yoast.com\/wordpress\/plugins\/seo\/ -->\n<title>Lernfest 2015: Audi weckt Entdeckergeist - Audi Blog<\/title>\n<meta name=\"description\" content=\"Am Samstag, 18. Juli, pr\u00e4sentiert sich Audi beim Lernfest der Initiative Regionalmanagement (IRMA). Bei interaktiven Aktionen k\u00f6nnen die Besucher in Oberstimm bei Ingolstadt die Technikwelt der Vier Ringe erleben.\" \/>\n<meta name=\"robots\" content=\"index, follow, max-snippet:-1, max-image-preview:large, max-video-preview:-1\" \/>\n<link rel=\"canonical\" href=\"https:\/\/www.tts-freunde.de\/blog\/2015\/07\/08\/lernfest-2015-audi-weckt-entdeckergeist\/\" \/>\n<meta property=\"og:locale\" content=\"de_DE\" \/>\n<meta property=\"og:type\" content=\"article\" \/>\n<meta property=\"og:title\" content=\"Lernfest 2015: Audi weckt Entdeckergeist - Audi Blog\" \/>\n<meta property=\"og:description\" content=\"Am Samstag, 18. Juli, pr\u00e4sentiert sich Audi beim Lernfest der Initiative Regionalmanagement (IRMA). Bei interaktiven Aktionen k\u00f6nnen die Besucher in Oberstimm bei Ingolstadt die Technikwelt der Vier Ringe erleben.\" \/>\n<meta property=\"og:url\" content=\"https:\/\/www.tts-freunde.de\/blog\/2015\/07\/08\/lernfest-2015-audi-weckt-entdeckergeist\/\" \/>\n<meta property=\"og:site_name\" content=\"Audi Blog\" \/>\n<meta property=\"article:published_time\" content=\"2015-07-08T08:09:48+00:00\" \/>\n<meta property=\"og:image\" content=\"https:\/\/www.tts-freunde.de\/blog\/wp-content\/uploads\/2015\/07\/A155492_full.jpg\" \/>\n\t<meta property=\"og:image:width\" content=\"1160\" \/>\n\t<meta property=\"og:image:height\" content=\"820\" \/>\n\t<meta property=\"og:image:type\" content=\"image\/jpeg\" \/>\n<meta name=\"author\" content=\"admin\" \/>\n<meta name=\"twitter:card\" content=\"summary_large_image\" \/>\n<meta name=\"twitter:label1\" content=\"Verfasst von\" \/>\n\t<meta name=\"twitter:data1\" content=\"admin\" \/>\n\t<meta name=\"twitter:label2\" content=\"Gesch\u00e4tzte Lesezeit\" \/>\n\t<meta name=\"twitter:data2\" content=\"2\u00a0Minuten\" \/>\n<script type=\"application\/ld+json\" class=\"yoast-schema-graph\">{\"@context\":\"https:\/\/schema.org\",\"@graph\":[{\"@type\":\"Article\",\"@id\":\"https:\/\/www.tts-freunde.de\/blog\/2015\/07\/08\/lernfest-2015-audi-weckt-entdeckergeist\/#article\",\"isPartOf\":{\"@id\":\"https:\/\/www.tts-freunde.de\/blog\/2015\/07\/08\/lernfest-2015-audi-weckt-entdeckergeist\/\"},\"author\":{\"name\":\"admin\",\"@id\":\"https:\/\/www.tts-freunde.de\/blog\/#\/schema\/person\/b67f6a54e98f013bd281dbe05514b701\"},\"headline\":\"Lernfest 2015: Audi weckt Entdeckergeist\",\"datePublished\":\"2015-07-08T08:09:48+00:00\",\"dateModified\":\"2015-07-08T08:09:48+00:00\",\"mainEntityOfPage\":{\"@id\":\"https:\/\/www.tts-freunde.de\/blog\/2015\/07\/08\/lernfest-2015-audi-weckt-entdeckergeist\/\"},\"wordCount\":433,\"publisher\":{\"@id\":\"https:\/\/www.tts-freunde.de\/blog\/#organization\"},\"image\":{\"@id\":\"https:\/\/www.tts-freunde.de\/blog\/2015\/07\/08\/lernfest-2015-audi-weckt-entdeckergeist\/#primaryimage\"},\"thumbnailUrl\":\"https:\/\/www.tts-freunde.de\/blog\/wp-content\/uploads\/2015\/07\/A155492_full.jpg\",\"articleSection\":[\"Audi AG\"],\"inLanguage\":\"de\"},{\"@type\":\"WebPage\",\"@id\":\"https:\/\/www.tts-freunde.de\/blog\/2015\/07\/08\/lernfest-2015-audi-weckt-entdeckergeist\/\",\"url\":\"https:\/\/www.tts-freunde.de\/blog\/2015\/07\/08\/lernfest-2015-audi-weckt-entdeckergeist\/\",\"name\":\"Lernfest 2015: Audi weckt Entdeckergeist - Audi Blog\",\"isPartOf\":{\"@id\":\"https:\/\/www.tts-freunde.de\/blog\/#website\"},\"primaryImageOfPage\":{\"@id\":\"https:\/\/www.tts-freunde.de\/blog\/2015\/07\/08\/lernfest-2015-audi-weckt-entdeckergeist\/#primaryimage\"},\"image\":{\"@id\":\"https:\/\/www.tts-freunde.de\/blog\/2015\/07\/08\/lernfest-2015-audi-weckt-entdeckergeist\/#primaryimage\"},\"thumbnailUrl\":\"https:\/\/www.tts-freunde.de\/blog\/wp-content\/uploads\/2015\/07\/A155492_full.jpg\",\"datePublished\":\"2015-07-08T08:09:48+00:00\",\"dateModified\":\"2015-07-08T08:09:48+00:00\",\"description\":\"Am Samstag, 18. Juli, pr\u00e4sentiert sich Audi beim Lernfest der Initiative Regionalmanagement (IRMA). Bei interaktiven Aktionen k\u00f6nnen die Besucher in Oberstimm bei Ingolstadt die Technikwelt der Vier Ringe erleben.\",\"breadcrumb\":{\"@id\":\"https:\/\/www.tts-freunde.de\/blog\/2015\/07\/08\/lernfest-2015-audi-weckt-entdeckergeist\/#breadcrumb\"},\"inLanguage\":\"de\",\"potentialAction\":[{\"@type\":\"ReadAction\",\"target\":[\"https:\/\/www.tts-freunde.de\/blog\/2015\/07\/08\/lernfest-2015-audi-weckt-entdeckergeist\/\"]}]},{\"@type\":\"ImageObject\",\"inLanguage\":\"de\",\"@id\":\"https:\/\/www.tts-freunde.de\/blog\/2015\/07\/08\/lernfest-2015-audi-weckt-entdeckergeist\/#primaryimage\",\"url\":\"https:\/\/www.tts-freunde.de\/blog\/wp-content\/uploads\/2015\/07\/A155492_full.jpg\",\"contentUrl\":\"https:\/\/www.tts-freunde.de\/blog\/wp-content\/uploads\/2015\/07\/A155492_full.jpg\",\"width\":1160,\"height\":820},{\"@type\":\"BreadcrumbList\",\"@id\":\"https:\/\/www.tts-freunde.de\/blog\/2015\/07\/08\/lernfest-2015-audi-weckt-entdeckergeist\/#breadcrumb\",\"itemListElement\":[{\"@type\":\"ListItem\",\"position\":1,\"name\":\"Home\",\"item\":\"https:\/\/www.tts-freunde.de\/blog\/\"},{\"@type\":\"ListItem\",\"position\":2,\"name\":\"Lernfest 2015: Audi weckt Entdeckergeist\"}]},{\"@type\":\"WebSite\",\"@id\":\"https:\/\/www.tts-freunde.de\/blog\/#website\",\"url\":\"https:\/\/www.tts-freunde.de\/blog\/\",\"name\":\"Audi Blog\",\"description\":\"Deutscher Audi Blog - TTS-Freunde\",\"publisher\":{\"@id\":\"https:\/\/www.tts-freunde.de\/blog\/#organization\"},\"potentialAction\":[{\"@type\":\"SearchAction\",\"target\":{\"@type\":\"EntryPoint\",\"urlTemplate\":\"https:\/\/www.tts-freunde.de\/blog\/?s={search_term_string}\"},\"query-input\":\"required name=search_term_string\"}],\"inLanguage\":\"de\"},{\"@type\":\"Organization\",\"@id\":\"https:\/\/www.tts-freunde.de\/blog\/#organization\",\"name\":\"Audi Blog\",\"url\":\"https:\/\/www.tts-freunde.de\/blog\/\",\"logo\":{\"@type\":\"ImageObject\",\"inLanguage\":\"de\",\"@id\":\"https:\/\/www.tts-freunde.de\/blog\/#\/schema\/logo\/image\/\",\"url\":\"https:\/\/www.tts-freunde.de\/blog\/wp-content\/uploads\/2022\/12\/logo_2022.jpg\",\"contentUrl\":\"https:\/\/www.tts-freunde.de\/blog\/wp-content\/uploads\/2022\/12\/logo_2022.jpg\",\"width\":240,\"height\":41,\"caption\":\"Audi Blog\"},\"image\":{\"@id\":\"https:\/\/www.tts-freunde.de\/blog\/#\/schema\/logo\/image\/\"}},{\"@type\":\"Person\",\"@id\":\"https:\/\/www.tts-freunde.de\/blog\/#\/schema\/person\/b67f6a54e98f013bd281dbe05514b701\",\"name\":\"admin\",\"image\":{\"@type\":\"ImageObject\",\"inLanguage\":\"de\",\"@id\":\"https:\/\/www.tts-freunde.de\/blog\/#\/schema\/person\/image\/\",\"url\":\"https:\/\/secure.gravatar.com\/avatar\/08a4bd330e25056ddb430c28136b38a6?s=96&d=mm&r=g\",\"contentUrl\":\"https:\/\/secure.gravatar.com\/avatar\/08a4bd330e25056ddb430c28136b38a6?s=96&d=mm&r=g\",\"caption\":\"admin\"},\"sameAs\":[\"http:\/\/www.tts-freunde.de\"],\"url\":\"https:\/\/www.tts-freunde.de\/blog\/author\/admin\/\"}]}<\/script>\n<!-- \/ Yoast SEO plugin. -->","yoast_head_json":{"title":"Lernfest 2015: Audi weckt Entdeckergeist - Audi Blog","description":"Am Samstag, 18. Juli, pr\u00e4sentiert sich Audi beim Lernfest der Initiative Regionalmanagement (IRMA). Bei interaktiven Aktionen k\u00f6nnen die Besucher in Oberstimm bei Ingolstadt die Technikwelt der Vier Ringe erleben.","robots":{"index":"index","follow":"follow","max-snippet":"max-snippet:-1","max-image-preview":"max-image-preview:large","max-video-preview":"max-video-preview:-1"},"canonical":"https:\/\/www.tts-freunde.de\/blog\/2015\/07\/08\/lernfest-2015-audi-weckt-entdeckergeist\/","og_locale":"de_DE","og_type":"article","og_title":"Lernfest 2015: Audi weckt Entdeckergeist - Audi Blog","og_description":"Am Samstag, 18. Juli, pr\u00e4sentiert sich Audi beim Lernfest der Initiative Regionalmanagement (IRMA). Bei interaktiven Aktionen k\u00f6nnen die Besucher in Oberstimm bei Ingolstadt die Technikwelt der Vier Ringe erleben.","og_url":"https:\/\/www.tts-freunde.de\/blog\/2015\/07\/08\/lernfest-2015-audi-weckt-entdeckergeist\/","og_site_name":"Audi Blog","article_published_time":"2015-07-08T08:09:48+00:00","og_image":[{"width":1160,"height":820,"url":"https:\/\/www.tts-freunde.de\/blog\/wp-content\/uploads\/2015\/07\/A155492_full.jpg","type":"image\/jpeg"}],"author":"admin","twitter_card":"summary_large_image","twitter_misc":{"Verfasst von":"admin","Gesch\u00e4tzte Lesezeit":"2\u00a0Minuten"},"schema":{"@context":"https:\/\/schema.org","@graph":[{"@type":"Article","@id":"https:\/\/www.tts-freunde.de\/blog\/2015\/07\/08\/lernfest-2015-audi-weckt-entdeckergeist\/#article","isPartOf":{"@id":"https:\/\/www.tts-freunde.de\/blog\/2015\/07\/08\/lernfest-2015-audi-weckt-entdeckergeist\/"},"author":{"name":"admin","@id":"https:\/\/www.tts-freunde.de\/blog\/#\/schema\/person\/b67f6a54e98f013bd281dbe05514b701"},"headline":"Lernfest 2015: Audi weckt Entdeckergeist","datePublished":"2015-07-08T08:09:48+00:00","dateModified":"2015-07-08T08:09:48+00:00","mainEntityOfPage":{"@id":"https:\/\/www.tts-freunde.de\/blog\/2015\/07\/08\/lernfest-2015-audi-weckt-entdeckergeist\/"},"wordCount":433,"publisher":{"@id":"https:\/\/www.tts-freunde.de\/blog\/#organization"},"image":{"@id":"https:\/\/www.tts-freunde.de\/blog\/2015\/07\/08\/lernfest-2015-audi-weckt-entdeckergeist\/#primaryimage"},"thumbnailUrl":"https:\/\/www.tts-freunde.de\/blog\/wp-content\/uploads\/2015\/07\/A155492_full.jpg","articleSection":["Audi AG"],"inLanguage":"de"},{"@type":"WebPage","@id":"https:\/\/www.tts-freunde.de\/blog\/2015\/07\/08\/lernfest-2015-audi-weckt-entdeckergeist\/","url":"https:\/\/www.tts-freunde.de\/blog\/2015\/07\/08\/lernfest-2015-audi-weckt-entdeckergeist\/","name":"Lernfest 2015: Audi weckt Entdeckergeist - Audi Blog","isPartOf":{"@id":"https:\/\/www.tts-freunde.de\/blog\/#website"},"primaryImageOfPage":{"@id":"https:\/\/www.tts-freunde.de\/blog\/2015\/07\/08\/lernfest-2015-audi-weckt-entdeckergeist\/#primaryimage"},"image":{"@id":"https:\/\/www.tts-freunde.de\/blog\/2015\/07\/08\/lernfest-2015-audi-weckt-entdeckergeist\/#primaryimage"},"thumbnailUrl":"https:\/\/www.tts-freunde.de\/blog\/wp-content\/uploads\/2015\/07\/A155492_full.jpg","datePublished":"2015-07-08T08:09:48+00:00","dateModified":"2015-07-08T08:09:48+00:00","description":"Am Samstag, 18. Juli, pr\u00e4sentiert sich Audi beim Lernfest der Initiative Regionalmanagement (IRMA). Bei interaktiven Aktionen k\u00f6nnen die Besucher in Oberstimm bei Ingolstadt die Technikwelt der Vier Ringe erleben.","breadcrumb":{"@id":"https:\/\/www.tts-freunde.de\/blog\/2015\/07\/08\/lernfest-2015-audi-weckt-entdeckergeist\/#breadcrumb"},"inLanguage":"de","potentialAction":[{"@type":"ReadAction","target":["https:\/\/www.tts-freunde.de\/blog\/2015\/07\/08\/lernfest-2015-audi-weckt-entdeckergeist\/"]}]},{"@type":"ImageObject","inLanguage":"de","@id":"https:\/\/www.tts-freunde.de\/blog\/2015\/07\/08\/lernfest-2015-audi-weckt-entdeckergeist\/#primaryimage","url":"https:\/\/www.tts-freunde.de\/blog\/wp-content\/uploads\/2015\/07\/A155492_full.jpg","contentUrl":"https:\/\/www.tts-freunde.de\/blog\/wp-content\/uploads\/2015\/07\/A155492_full.jpg","width":1160,"height":820},{"@type":"BreadcrumbList","@id":"https:\/\/www.tts-freunde.de\/blog\/2015\/07\/08\/lernfest-2015-audi-weckt-entdeckergeist\/#breadcrumb","itemListElement":[{"@type":"ListItem","position":1,"name":"Home","item":"https:\/\/www.tts-freunde.de\/blog\/"},{"@type":"ListItem","position":2,"name":"Lernfest 2015: Audi weckt Entdeckergeist"}]},{"@type":"WebSite","@id":"https:\/\/www.tts-freunde.de\/blog\/#website","url":"https:\/\/www.tts-freunde.de\/blog\/","name":"Audi Blog","description":"Deutscher Audi Blog - TTS-Freunde","publisher":{"@id":"https:\/\/www.tts-freunde.de\/blog\/#organization"},"potentialAction":[{"@type":"SearchAction","target":{"@type":"EntryPoint","urlTemplate":"https:\/\/www.tts-freunde.de\/blog\/?s={search_term_string}"},"query-input":"required name=search_term_string"}],"inLanguage":"de"},{"@type":"Organization","@id":"https:\/\/www.tts-freunde.de\/blog\/#organization","name":"Audi Blog","url":"https:\/\/www.tts-freunde.de\/blog\/","logo":{"@type":"ImageObject","inLanguage":"de","@id":"https:\/\/www.tts-freunde.de\/blog\/#\/schema\/logo\/image\/","url":"https:\/\/www.tts-freunde.de\/blog\/wp-content\/uploads\/2022\/12\/logo_2022.jpg","contentUrl":"https:\/\/www.tts-freunde.de\/blog\/wp-content\/uploads\/2022\/12\/logo_2022.jpg","width":240,"height":41,"caption":"Audi Blog"},"image":{"@id":"https:\/\/www.tts-freunde.de\/blog\/#\/schema\/logo\/image\/"}},{"@type":"Person","@id":"https:\/\/www.tts-freunde.de\/blog\/#\/schema\/person\/b67f6a54e98f013bd281dbe05514b701","name":"admin","image":{"@type":"ImageObject","inLanguage":"de","@id":"https:\/\/www.tts-freunde.de\/blog\/#\/schema\/person\/image\/","url":"https:\/\/secure.gravatar.com\/avatar\/08a4bd330e25056ddb430c28136b38a6?s=96&d=mm&r=g","contentUrl":"https:\/\/secure.gravatar.com\/avatar\/08a4bd330e25056ddb430c28136b38a6?s=96&d=mm&r=g","caption":"admin"},"sameAs":["http:\/\/www.tts-freunde.de"],"url":"https:\/\/www.tts-freunde.de\/blog\/author\/admin\/"}]}},"jetpack_sharing_enabled":true,"jetpack_featured_media_url":"https:\/\/www.tts-freunde.de\/blog\/wp-content\/uploads\/2015\/07\/A155492_full.jpg","jetpack_shortlink":"https:\/\/wp.me\/p67hWW-ew","jetpack_likes_enabled":false,"jetpack-related-posts":[],"_links":{"self":[{"href":"https:\/\/www.tts-freunde.de\/blog\/wp-json\/wp\/v2\/posts\/900"}],"collection":[{"href":"https:\/\/www.tts-freunde.de\/blog\/wp-json\/wp\/v2\/posts"}],"about":[{"href":"https:\/\/www.tts-freunde.de\/blog\/wp-json\/wp\/v2\/types\/post"}],"author":[{"embeddable":true,"href":"https:\/\/www.tts-freunde.de\/blog\/wp-json\/wp\/v2\/users\/1"}],"replies":[{"embeddable":true,"href":"https:\/\/www.tts-freunde.de\/blog\/wp-json\/wp\/v2\/comments?post=900"}],"version-history":[{"count":1,"href":"https:\/\/www.tts-freunde.de\/blog\/wp-json\/wp\/v2\/posts\/900\/revisions"}],"predecessor-version":[{"id":902,"href":"https:\/\/www.tts-freunde.de\/blog\/wp-json\/wp\/v2\/posts\/900\/revisions\/902"}],"wp:featuredmedia":[{"embeddable":true,"href":"https:\/\/www.tts-freunde.de\/blog\/wp-json\/wp\/v2\/media\/901"}],"wp:attachment":[{"href":"https:\/\/www.tts-freunde.de\/blog\/wp-json\/wp\/v2\/media?parent=900"}],"wp:term":[{"taxonomy":"category","embeddable":true,"href":"https:\/\/www.tts-freunde.de\/blog\/wp-json\/wp\/v2\/categories?post=900"},{"taxonomy":"post_tag","embeddable":true,"href":"https:\/\/www.tts-freunde.de\/blog\/wp-json\/wp\/v2\/tags?post=900"}],"curies":[{"name":"wp","href":"https:\/\/api.w.org\/{rel}","templated":true}]}}